{"id":213716,"date":"2026-09-04T08:29:52","date_gmt":"2026-09-04T11:29:52","guid":{"rendered":"https:\/\/cdnoticias.com\/?p=213716"},"modified":"2026-09-04T08:29:54","modified_gmt":"2026-09-04T11:29:54","slug":"abren-la-inscripcion-al-examen-de-idoneidad-de-la-suprema-corte-bonaerense","status":"publish","type":"post","link":"https:\/\/cdnoticias.com\/index.php\/2026\/09\/04\/abren-la-inscripcion-al-examen-de-idoneidad-de-la-suprema-corte-bonaerense\/","title":{"rendered":"Abren la inscripci\u00f3n al Examen de Idoneidad de la Suprema Corte bonaerense"},"content":{"rendered":"\n<p>La convocatoria corresponde al segundo llamado de 2026 y contempla postulantes para seis departamentos judiciales. La inscripci\u00f3n estar\u00e1 habilitada desde el lunes 7.<\/p>\n\n\n\n<hr class=\"wp-block-separator aligncenter has-alpha-channel-opacity\"\/>\n\n\n\n<p>La<strong> Suprema Corte de Justicia de la provincia de Buenos Aires i<\/strong>nform\u00f3 que se <strong>abrir\u00e1 la inscripci\u00f3n al Examen de Idoneidad<\/strong> correspondiente al <strong>segundo llamado de 2026<\/strong>.<\/p>\n\n\n\n<p><\/p>\n\n\n\n<blockquote class=\"wp-block-quote is-layout-flow wp-block-quote-is-layout-flow\">\n<p>La convocatoria est\u00e1 dirigida a personas interesadas en los departamentos judiciales de Avellaneda-Lan\u00fas, Azul, Bah\u00eda Blanca, Dolores, Jun\u00edn y La Matanza.<\/p>\n<\/blockquote>\n\n\n\n<p><\/p>\n\n\n\n<p>La inscripci\u00f3n<strong> permanecer\u00e1 abierta desde el lunes 7 hasta el viernes 11 de septiembre. <\/strong>M\u00e1s informaci\u00f3n en el <a href=\"https:\/\/rebrand.ly\/wsecdl1\" target=\"_blank\" rel=\"noreferrer noopener\">siguiente link. <\/a><\/p>\n\n\n\n<p><\/p>\n","protected":false},"excerpt":{"rendered":"<p>La convocatoria corresponde al segundo llamado de 2026 y contempla postulantes para seis departamentos judiciales. La inscripci\u00f3n estar\u00e1 habilitada desde<\/p>\n","protected":false},"author":6,"featured_media":105883,"comment_status":"closed","ping_status":"closed","sticky":false,"template":"","format":"standard","meta":{"_jetpack_memberships_contains_paid_content":false,"footnotes":""},"categories":[6,1],"tags":[],"class_list":["post-213716","post","type-post","status-publish","format-standard","has-post-thumbnail","hentry","category-nacionales","category-portada"],"jetpack_featured_media_url":"https:\/\/i0.wp.com\/cdnoticias.com\/wp-content\/uploads\/2024\/01\/suprema-corte-de-justicia-la-plata.jpg?fit=1000%2C557&ssl=1","jetpack_sharing_enabled":true,"_links":{"self":[{"href":"https:\/\/cdnoticias.com\/index.php\/wp-json\/wp\/v2\/posts\/213716","targetHints":{"allow":["GET"]}}],"collection":[{"href":"https:\/\/cdnoticias.com\/index.php\/wp-json\/wp\/v2\/posts"}],"about":[{"href":"https:\/\/cdnoticias.com\/index.php\/wp-json\/wp\/v2\/types\/post"}],"author":[{"embeddable":true,"href":"https:\/\/cdnoticias.com\/index.php\/wp-json\/wp\/v2\/users\/6"}],"replies":[{"embeddable":true,"href":"https:\/\/cdnoticias.com\/index.php\/wp-json\/wp\/v2\/comments?post=213716"}],"version-history":[{"count":2,"href":"https:\/\/cdnoticias.com\/index.php\/wp-json\/wp\/v2\/posts\/213716\/revisions"}],"predecessor-version":[{"id":213761,"href":"https:\/\/cdnoticias.com\/index.php\/wp-json\/wp\/v2\/posts\/213716\/revisions\/213761"}],"wp:featuredmedia":[{"embeddable":true,"href":"https:\/\/cdnoticias.com\/index.php\/wp-json\/wp\/v2\/media\/105883"}],"wp:attachment":[{"href":"https:\/\/cdnoticias.com\/index.php\/wp-json\/wp\/v2\/media?parent=213716"}],"wp:term":[{"taxonomy":"category","embeddable":true,"href":"https:\/\/cdnoticias.com\/index.php\/wp-json\/wp\/v2\/categories?post=213716"},{"taxonomy":"post_tag","embeddable":true,"href":"https:\/\/cdnoticias.com\/index.php\/wp-json\/wp\/v2\/tags?post=213716"}],"curies":[{"name":"wp","href":"https:\/\/api.w.org\/{rel}","templated":true}]}}