{"id":213713,"date":"2026-09-03T18:50:47","date_gmt":"2026-09-03T21:50:47","guid":{"rendered":"https:\/\/cdnoticias.com\/?p=213713"},"modified":"2026-09-03T19:51:02","modified_gmt":"2026-09-03T22:51:02","slug":"un-corte-de-energia-afectara-la-presion-de-agua-en-tres-barrios","status":"publish","type":"post","link":"https:\/\/cdnoticias.com\/index.php\/2026\/09\/03\/un-corte-de-energia-afectara-la-presion-de-agua-en-tres-barrios\/","title":{"rendered":"Un corte de energ\u00eda afectar\u00e1 la presi\u00f3n de agua en tres barrios"},"content":{"rendered":"\n<p>La interrupci\u00f3n est\u00e1 prevista para el viernes 4 de septiembre, entre las 8 y las 12. La presi\u00f3n se normalizar\u00e1 paulatinamente tras finalizar las tareas.<\/p>\n\n\n\n<hr class=\"wp-block-separator aligncenter has-alpha-channel-opacity\"\/>\n\n\n\n<p>Coopelectric inform\u00f3 que este<strong> viernes 4 de septiembre<\/strong> se realizar\u00e1 un <strong>corte programado de energ\u00eda el\u00e9ctrica<\/strong> para llevar adelante <strong>tareas de mantenimiento del Servicio El\u00e9ctrico.<\/strong><\/p>\n\n\n\n<p><\/p>\n\n\n\n<blockquote class=\"wp-block-quote is-layout-flow wp-block-quote-is-layout-flow\">\n<p>La interrupci\u00f3n se extender\u00e1 de 8 a 12 y afectar\u00e1 el funcionamiento del Pozo de Extracci\u00f3n de Agua N\u00ba 14 del Servicio Sanitario. Por este motivo, podr\u00eda registrarse baja presi\u00f3n de agua en los barrios Luz y Fuerza, Facundo Quiroga I y Facundo Quiroga II.<\/p>\n<\/blockquote>\n\n\n\n<p><\/p>\n\n\n\n<p>Desde Coopelectric indicaron que, una vez finalizadas las tareas,<strong> los \u00edndices de presi\u00f3n se normalizar\u00e1n de forma paulatina.<\/strong><\/p>\n\n\n\n<p><\/p>\n\n\n\n<p>Ante esta situaci\u00f3n, solicitaron a los vecinos <strong>tomar los recaudos necesarios para administrar el consumo de agua, <\/strong>de manera que puedan abastecerse con la reserva disponible en sus tanques domiciliarios.<\/p>\n\n\n\n<p><\/p>\n","protected":false},"excerpt":{"rendered":"<p>La interrupci\u00f3n est\u00e1 prevista para el viernes 4 de septiembre, entre las 8 y las 12. La presi\u00f3n se normalizar\u00e1<\/p>\n","protected":false},"author":6,"featured_media":2673,"comment_status":"closed","ping_status":"closed","sticky":false,"template":"","format":"standard","meta":{"_jetpack_memberships_contains_paid_content":false,"footnotes":""},"categories":[5,1],"tags":[],"class_list":["post-213713","post","type-post","status-publish","format-standard","has-post-thumbnail","hentry","category-informacion-general","category-portada"],"jetpack_featured_media_url":"https:\/\/i0.wp.com\/cdnoticias.com\/wp-content\/uploads\/2020\/09\/bajapresiondeagua.jpg?fit=960%2C540&ssl=1","jetpack_sharing_enabled":true,"_links":{"self":[{"href":"https:\/\/cdnoticias.com\/index.php\/wp-json\/wp\/v2\/posts\/213713","targetHints":{"allow":["GET"]}}],"collection":[{"href":"https:\/\/cdnoticias.com\/index.php\/wp-json\/wp\/v2\/posts"}],"about":[{"href":"https:\/\/cdnoticias.com\/index.php\/wp-json\/wp\/v2\/types\/post"}],"author":[{"embeddable":true,"href":"https:\/\/cdnoticias.com\/index.php\/wp-json\/wp\/v2\/users\/6"}],"replies":[{"embeddable":true,"href":"https:\/\/cdnoticias.com\/index.php\/wp-json\/wp\/v2\/comments?post=213713"}],"version-history":[{"count":1,"href":"https:\/\/cdnoticias.com\/index.php\/wp-json\/wp\/v2\/posts\/213713\/revisions"}],"predecessor-version":[{"id":213742,"href":"https:\/\/cdnoticias.com\/index.php\/wp-json\/wp\/v2\/posts\/213713\/revisions\/213742"}],"wp:featuredmedia":[{"embeddable":true,"href":"https:\/\/cdnoticias.com\/index.php\/wp-json\/wp\/v2\/media\/2673"}],"wp:attachment":[{"href":"https:\/\/cdnoticias.com\/index.php\/wp-json\/wp\/v2\/media?parent=213713"}],"wp:term":[{"taxonomy":"category","embeddable":true,"href":"https:\/\/cdnoticias.com\/index.php\/wp-json\/wp\/v2\/categories?post=213713"},{"taxonomy":"post_tag","embeddable":true,"href":"https:\/\/cdnoticias.com\/index.php\/wp-json\/wp\/v2\/tags?post=213713"}],"curies":[{"name":"wp","href":"https:\/\/api.w.org\/{rel}","templated":true}]}}