{"id":213710,"date":"2026-09-03T17:30:46","date_gmt":"2026-09-03T20:30:46","guid":{"rendered":"https:\/\/cdnoticias.com\/?p=213710"},"modified":"2026-09-03T17:30:47","modified_gmt":"2026-09-03T20:30:47","slug":"acto-protocolar-por-el-dia-del-inmigrante-en-loma-negra","status":"publish","type":"post","link":"https:\/\/cdnoticias.com\/index.php\/2026\/09\/03\/acto-protocolar-por-el-dia-del-inmigrante-en-loma-negra\/","title":{"rendered":"Acto protocolar por el D\u00eda del Inmigrante en Loma Negra"},"content":{"rendered":"\n<p>Ser\u00e1 este viernes desde las 14 horas. Se contar\u00e1 con la participaci\u00f3n de autoridades municipales, concejales, representantes de instituciones, entidades, agrupaciones de la comunidad, delegaciones educativas y de la Uni\u00f3n de Colectividades de Olavarr\u00eda.<\/p>\n\n\n\n<hr class=\"wp-block-separator aligncenter has-alpha-channel-opacity\"\/>\n\n\n\n<p>Se invita a toda la comunidad a participar del <strong>acto protocolar con motivo del D\u00eda del Inmigrante,<\/strong> que se llevar\u00e1 a cabo este<strong> viernes 4 de septiembre.<\/strong><\/p>\n\n\n\n<p><\/p>\n\n\n\n<p>La actividad tendr\u00e1 lugar<strong> desde las 14 horas, en la Plaza de los Inmigrantes de la localidad de Loma Negra.<\/strong>\u00a0Se contar\u00e1 con la participaci\u00f3n de autoridades municipales, concejales, representantes de instituciones, entidades, agrupaciones de la comunidad, delegaciones educativas y de la Uni\u00f3n de Colectividades de Olavarr\u00eda.<\/p>\n\n\n\n<p><\/p>\n\n\n\n<p>Se recuerda que<strong> el D\u00eda del Inmigrante fue establecido por el Decreto 21.430 del a\u00f1o 1949<\/strong>. En 1812 el Primer Triunvirato firm\u00f3 el decreto que fomentaba la inmigraci\u00f3n, estableciendo protecci\u00f3n para todos los hombres del mundo y sus familias que quer\u00edan fijar su domicilio en nuestro territorio, principio que qued\u00f3 reflejado tambi\u00e9n en el <strong>Pre\u00e1mbulo de la Constituci\u00f3n Argentina <\/strong>y en el art\u00edculo 25 de la misma, donde se<strong> reafirma el fomento de la inmigraci\u00f3n.<\/strong><\/p>\n\n\n\n<p><\/p>\n\n\n\n<p>En el Partido de Olavarr\u00eda, inmigrantes de distintas nacionalidades forjaron en base al trabajo, el esfuerzo y la dedicaci\u00f3n, sus vidas y las de sus seres queridos, y perduran en la actualidad sus tradiciones, la m\u00fasica, las recetas compartidas, la forma en que nos relacionamos.<\/p>\n\n\n\n<p><\/p>\n\n\n\n<blockquote class=\"wp-block-quote is-layout-flow wp-block-quote-is-layout-flow\">\n<p>Esta fecha es una oportunidad para honrar a los inmigrantes por su aporte hist\u00f3rico y cultural, y celebrar tambi\u00e9n el esp\u00edritu abierto y solidario que caracteriza a nuestra naci\u00f3n. La fusi\u00f3n de diversas culturas, tradiciones y costumbres ha construido una identidad nacional amplia y llena de matices.<\/p>\n<\/blockquote>\n\n\n\n<p><\/p>\n\n\n\n<p>Se recuerda, por \u00faltimo, que <a href=\"https:\/\/cdnoticias.com\/index.php\/2026\/09\/03\/las-colectividades-de-olavarria-se-reunen-para-celebrar-el-dia-del-inmigrante\/\" target=\"_blank\" rel=\"noreferrer noopener\">este domingo 6 de septiembre, de 12 a 21 horas, se llevar\u00e1 a cabo en el Centro Cultural \u201cSan Jos\u00e9\u201d la quinta edici\u00f3n de la Fiesta del D\u00eda del Inmigrante<\/a>, organizada conjuntamente por el Municipio de Olavarr\u00eda y la Uni\u00f3n de Colectividades de Olavarr\u00eda.<\/p>\n\n\n\n<p><\/p>\n\n\n\n<p>El evento contar\u00e1 con una<strong> gran feria gastron\u00f3mica, <\/strong>con propuestas de las diferentes colectividades del Partido de Olavarr\u00eda y tambi\u00e9n <strong>estar\u00e1n presentes cerveceros locales.<\/strong><\/p>\n\n\n\n<p><\/p>\n","protected":false},"excerpt":{"rendered":"<p>Ser\u00e1 este viernes desde las 14 horas. Se contar\u00e1 con la participaci\u00f3n de autoridades municipales, concejales, representantes de instituciones, entidades,<\/p>\n","protected":false},"author":6,"featured_media":124732,"comment_status":"closed","ping_status":"closed","sticky":false,"template":"","format":"standard","meta":{"_jetpack_memberships_contains_paid_content":false,"footnotes":""},"categories":[5,1],"tags":[],"class_list":["post-213710","post","type-post","status-publish","format-standard","has-post-thumbnail","hentry","category-informacion-general","category-portada"],"jetpack_featured_media_url":"https:\/\/i0.wp.com\/cdnoticias.com\/wp-content\/uploads\/2024\/09\/dia-del-inmigrante-acto-loma-negra.png?fit=869%2C514&ssl=1","jetpack_sharing_enabled":true,"_links":{"self":[{"href":"https:\/\/cdnoticias.com\/index.php\/wp-json\/wp\/v2\/posts\/213710","targetHints":{"allow":["GET"]}}],"collection":[{"href":"https:\/\/cdnoticias.com\/index.php\/wp-json\/wp\/v2\/posts"}],"about":[{"href":"https:\/\/cdnoticias.com\/index.php\/wp-json\/wp\/v2\/types\/post"}],"author":[{"embeddable":true,"href":"https:\/\/cdnoticias.com\/index.php\/wp-json\/wp\/v2\/users\/6"}],"replies":[{"embeddable":true,"href":"https:\/\/cdnoticias.com\/index.php\/wp-json\/wp\/v2\/comments?post=213710"}],"version-history":[{"count":0,"href":"https:\/\/cdnoticias.com\/index.php\/wp-json\/wp\/v2\/posts\/213710\/revisions"}],"wp:featuredmedia":[{"embeddable":true,"href":"https:\/\/cdnoticias.com\/index.php\/wp-json\/wp\/v2\/media\/124732"}],"wp:attachment":[{"href":"https:\/\/cdnoticias.com\/index.php\/wp-json\/wp\/v2\/media?parent=213710"}],"wp:term":[{"taxonomy":"category","embeddable":true,"href":"https:\/\/cdnoticias.com\/index.php\/wp-json\/wp\/v2\/categories?post=213710"},{"taxonomy":"post_tag","embeddable":true,"href":"https:\/\/cdnoticias.com\/index.php\/wp-json\/wp\/v2\/tags?post=213710"}],"curies":[{"name":"wp","href":"https:\/\/api.w.org\/{rel}","templated":true}]}}