{"id":21371,"date":"2021-05-13T14:46:12","date_gmt":"2021-05-13T17:46:12","guid":{"rendered":"http:\/\/www.centraldenoticias.com.ar\/?p=21371"},"modified":"2021-05-13T16:43:14","modified_gmt":"2021-05-13T19:43:14","slug":"fuertes-cruces-entre-el-frente-de-todos-y-juntos-por-el-cambio-de-cara-a-la-provincia","status":"publish","type":"post","link":"https:\/\/cdnoticias.com\/index.php\/2021\/05\/13\/fuertes-cruces-entre-el-frente-de-todos-y-juntos-por-el-cambio-de-cara-a-la-provincia\/","title":{"rendered":"Fuertes cruces entre el Frente de Todos y Juntos por el Cambio de cara a la Provincia"},"content":{"rendered":"<p>La sesi\u00f3n del Concejo Deliberante ha dejado intensos debates. El FdT cuestion\u00f3 \u201cla memoria\u201d de la oposici\u00f3n para demandar y consultar a la gesti\u00f3n bonaerense.<!--more--><\/p>\n<hr \/>\n<p><strong>La sesi\u00f3n del Concejo Deliberante se llev\u00f3 adelante en formato virtual en la ma\u00f1ana de este jueves<\/strong> y en la primera parte con alrededor de una decena de expedientes tratados, <strong>se destacaron los fuertes cruces entre los bloques de Frente de Todos y Juntos por el Cambio en cuanto a demandas y consultas a la gesti\u00f3n bonaerense<\/strong>.<\/p>\n<p>&nbsp;<\/p>\n<p>El tratamiento de <strong>solicitudes de mejoras para la Escuela Agraria<\/strong> <strong>que present\u00f3 Mart\u00edn Lastape de UCR<\/strong> fue el marco de uno de los primeros planteos en ese sentido. El concejal expuso el <a href=\"https:\/\/cdnoticias.com\/index.php\/2021\/04\/28\/la-ucr-pidio-mejoras-en-infraestructura-y-seguridad-para-la-escuela-agraria\/\" target=\"_blank\" rel=\"noopener\">pedido al Consejo Escolar para que se hagan mejoras en la infraestructura y tambi\u00e9n pidi\u00f3 al Municipio que se analice colocar c\u00e1maras de seguridad en el acceso<\/a>.<\/p>\n<p><img data-recalc-dims=\"1\" loading=\"lazy\" decoding=\"async\" class=\"aligncenter wp-image-21375\" src=\"https:\/\/i0.wp.com\/cdnoticias.com\/wp-content\/uploads\/2021\/05\/HCD-lastape-01.jpg?resize=600%2C333&#038;ssl=1\" alt=\"\" width=\"600\" height=\"333\" srcset=\"https:\/\/i0.wp.com\/cdnoticias.com\/wp-content\/uploads\/2021\/05\/HCD-lastape-01.jpg?w=878&amp;ssl=1 878w, https:\/\/i0.wp.com\/cdnoticias.com\/wp-content\/uploads\/2021\/05\/HCD-lastape-01.jpg?resize=300%2C167&amp;ssl=1 300w, https:\/\/i0.wp.com\/cdnoticias.com\/wp-content\/uploads\/2021\/05\/HCD-lastape-01.jpg?resize=768%2C427&amp;ssl=1 768w, https:\/\/i0.wp.com\/cdnoticias.com\/wp-content\/uploads\/2021\/05\/HCD-lastape-01.jpg?resize=800%2C445&amp;ssl=1 800w\" sizes=\"auto, (max-width: 600px) 100vw, 600px\" \/><\/p>\n<p>&nbsp;<\/p>\n<p>La primera respuesta la dio la <strong>concejal Ines Creimer (FdT)<\/strong> quien se\u00f1al\u00f3 que \u201chay una reglamentaci\u00f3n sobre c\u00e1maras en escuelas\u201d aunque no descart\u00f3 la posibilidad de que se coloque en esta ocasi\u00f3n afuera del establecimiento. En cuanto a las obras pedidas, consider\u00f3 que la solicitud <strong>\u201cno es pertinente\u201d dirigirla a la gesti\u00f3n provincial,<\/strong> sino que <strong>debe dirigirse a \u201cla UEGD, donde se establecen las prioridades de infraestructura escolar\u201d<\/strong> dijo para se\u00f1alar la importancia de la decisi\u00f3n local.<\/p>\n<p>&nbsp;<\/p>\n<p>El pedido de obras para la Escuela Agraria <strong>termin\u00f3 aprobado por mayor\u00eda<\/strong>, con el voto negativo de Frente de Todos y el apoyo de todos los dem\u00e1s bloques. En tanto, el pedido de colocaci\u00f3n de c\u00e1maras se aprob\u00f3 por unanimidad.<\/p>\n<p>&nbsp;<\/p>\n<p>El cruce tom\u00f3 mayor fuerza en <strong>dos debates impulsados por Juntos por el Cambio por gestiones por la localidad de Sierra Chica<\/strong>.<\/p>\n<p><img data-recalc-dims=\"1\" loading=\"lazy\" decoding=\"async\" class=\"aligncenter wp-image-21376\" src=\"https:\/\/i0.wp.com\/cdnoticias.com\/wp-content\/uploads\/2021\/05\/HCD-marinangelli-01.jpg?resize=600%2C334&#038;ssl=1\" alt=\"\" width=\"600\" height=\"334\" srcset=\"https:\/\/i0.wp.com\/cdnoticias.com\/wp-content\/uploads\/2021\/05\/HCD-marinangelli-01.jpg?w=880&amp;ssl=1 880w, https:\/\/i0.wp.com\/cdnoticias.com\/wp-content\/uploads\/2021\/05\/HCD-marinangelli-01.jpg?resize=300%2C167&amp;ssl=1 300w, https:\/\/i0.wp.com\/cdnoticias.com\/wp-content\/uploads\/2021\/05\/HCD-marinangelli-01.jpg?resize=768%2C428&amp;ssl=1 768w, https:\/\/i0.wp.com\/cdnoticias.com\/wp-content\/uploads\/2021\/05\/HCD-marinangelli-01.jpg?resize=800%2C445&amp;ssl=1 800w\" sizes=\"auto, (max-width: 600px) 100vw, 600px\" \/><\/p>\n<p>&nbsp;<\/p>\n<p>Ambos fueron presentados por el<strong> concejal Nicol\u00e1s Marinangelli (JxC)<\/strong> sobre la <strong>construcci\u00f3n del hospital modular en la Unidad 38<\/strong> y sobre la gesti\u00f3n para <strong>recategorizar como \u201csubcomisar\u00eda\u201d el destacamento policial<\/strong> de Sierra Chica. <strong>Ambos fueron aprobados por unanimidad<\/strong>.<\/p>\n<p>&nbsp;<\/p>\n<p>Tras la presentaci\u00f3n del autor de la iniciativa dela Unidad 38, por un lado Juan S\u00e1nchez (FdT) cuestion\u00f3 el formato del proyecto y, por otro, <strong>Guillermo Santell\u00e1n (FdT) consider\u00f3 que el oficialismo \u201cno deja traslucir su optimismo\u201d en cuanto a la continuidad de los trabajos<\/strong> y a\u00f1adi\u00f3 que \u201cestamos seguros que esta obra se va a realizar\u201d.<\/p>\n<p>&nbsp;<\/p>\n<blockquote><p>Luego Marinangelli present\u00f3 el pedido por la dependencia policial de Sierra Chica sobre lo que defini\u00f3 como <strong>un <\/strong>\u201creclamo hist\u00f3rico\u201d y, adelant\u00e1ndose a los cuestionamientos que recibir\u00eda, destac\u00f3 que \u201cno se lo atribuyo al gobierno actual, o al anterior. Viene de hace muchos a\u00f1os. En su \u00e9poca lo present\u00f3 el concejal Juan Domingo Marinangeli, mi t\u00edo, la junta vecinal de Sierra Chica tambi\u00e9n\u201d.<\/p><\/blockquote>\n<p>&nbsp;<\/p>\n<p>El concejal de JxC tom\u00f3 en cuenta la <em>amplia zona de patrullaje y prevenci\u00f3n que debe atender el destacamento, el crecimiento poblacional de la localidad, las zonas rurales y mineras que se incluyen, y las necesidades que plantea la poblaci\u00f3n carcelaria<\/em>.<\/p>\n<p><img data-recalc-dims=\"1\" loading=\"lazy\" decoding=\"async\" class=\"aligncenter wp-image-21377\" src=\"https:\/\/i0.wp.com\/cdnoticias.com\/wp-content\/uploads\/2021\/05\/HCD-mercedes-00.jpg?resize=600%2C334&#038;ssl=1\" alt=\"\" width=\"600\" height=\"334\" srcset=\"https:\/\/i0.wp.com\/cdnoticias.com\/wp-content\/uploads\/2021\/05\/HCD-mercedes-00.jpg?w=874&amp;ssl=1 874w, https:\/\/i0.wp.com\/cdnoticias.com\/wp-content\/uploads\/2021\/05\/HCD-mercedes-00.jpg?resize=300%2C167&amp;ssl=1 300w, https:\/\/i0.wp.com\/cdnoticias.com\/wp-content\/uploads\/2021\/05\/HCD-mercedes-00.jpg?resize=768%2C427&amp;ssl=1 768w, https:\/\/i0.wp.com\/cdnoticias.com\/wp-content\/uploads\/2021\/05\/HCD-mercedes-00.jpg?resize=800%2C445&amp;ssl=1 800w\" sizes=\"auto, (max-width: 600px) 100vw, 600px\" \/><\/p>\n<p>&nbsp;<\/p>\n<p><strong>Mercedes Land\u00edvar (FdT)<\/strong> lanz\u00f3 <strong>\u201cparece que Cambiemos est\u00e1 comenzando a tener la memoria que perdi\u00f3 por 4 a\u00f1os\u201d, en referencia al mandato de Maria Eugenia Vidal<\/strong>. Mencion\u00f3 los expedientes tratados previamente y otros de la sesi\u00f3n anterior con demandas a la Provincia y se\u00f1al\u00f3 \u201cson reclamos de a\u00f1os\u201d.<\/p>\n<p>&nbsp;<\/p>\n<blockquote><p>Pidi\u00f3 \u201ccomparar si se les exig\u00eda a los ministerios de la misma forma que ahora\u201d desde el bloque JxC y record\u00f3 \u201cun compromiso que asumi\u00f3 el intendente y el q era ministro de Seguridad, (Cristian) Ritondo\u201d para convertir en subcomisar\u00eda la sede policial. \u201c\u00bfQu\u00e9 paso que no se concret\u00f3?\u201d agreg\u00f3.<\/p><\/blockquote>\n<p>&nbsp;<\/p>\n<p>En el cierre de su discurso, la concejal a\u00f1adi\u00f3 que \u201c<strong>asumimos el compromiso de darle seguimiento<\/strong> y que se concrete el pedido genuino que hay detr\u00e1s de estas demandas\u201d.<\/p>\n<p><img data-recalc-dims=\"1\" loading=\"lazy\" decoding=\"async\" class=\"aligncenter wp-image-21378\" src=\"https:\/\/i0.wp.com\/cdnoticias.com\/wp-content\/uploads\/2021\/05\/HCD-presidente-00.jpg?resize=600%2C334&#038;ssl=1\" alt=\"\" width=\"600\" height=\"334\" srcset=\"https:\/\/i0.wp.com\/cdnoticias.com\/wp-content\/uploads\/2021\/05\/HCD-presidente-00.jpg?w=857&amp;ssl=1 857w, https:\/\/i0.wp.com\/cdnoticias.com\/wp-content\/uploads\/2021\/05\/HCD-presidente-00.jpg?resize=300%2C167&amp;ssl=1 300w, https:\/\/i0.wp.com\/cdnoticias.com\/wp-content\/uploads\/2021\/05\/HCD-presidente-00.jpg?resize=768%2C427&amp;ssl=1 768w, https:\/\/i0.wp.com\/cdnoticias.com\/wp-content\/uploads\/2021\/05\/HCD-presidente-00.jpg?resize=800%2C445&amp;ssl=1 800w\" sizes=\"auto, (max-width: 600px) 100vw, 600px\" \/><\/p>\n<p>&nbsp;<\/p>\n<p>Marinangelli respondi\u00f3: \u201c<strong>no es momento de cuestionamientos en este pedido en particular<\/strong> sino trabajo en conjunto y que pueda salir. Yo lo vivo muy presente, vivo ac\u00e1 (en Sierra Chica). No quiero realizar una cr\u00edtica a ning\u00fan gobierno en particular\u201d.<\/p>\n<p>&nbsp;<\/p>\n<p>En tanto, <strong>Lastape retom\u00f3 el pedido que \u201cen 2009<\/strong> presentaron los entonces concejales de UCR Chacho Cavalieri y Franco Cominotto\u201d y la misma solicitud que \u201c<strong>en 2016<\/strong> aprobaron los bloques Olavarr\u00eda para la Victoria y UNA\u201d, bajo distintas gestiones provinciales. \u201cNo se realiz\u00f3. Vamos a seguir acompa\u00f1ando este pedido porque la comunidad de Sierra Chica lo necesita\u201d subray\u00f3.<\/p>\n<p>&nbsp;<\/p>\n<p><strong>Vacunaci\u00f3n<\/strong><\/p>\n<p>&nbsp;<\/p>\n<p><strong>Los cruces m\u00e1s fuertes se dieron en el tratamiento de la propuesta de Renovaci\u00f3n Peronista<\/strong> para <a href=\"https:\/\/cdnoticias.com\/index.php\/2021\/05\/11\/piden-vacunar-a-integrantes-del-servicio-penitenciario-bonaerense-de-olavarria\/\" target=\"_blank\" rel=\"noopener\">ampliar la vacunaci\u00f3n contra el Covid a personal penitenciario y grupos de riesgo de los internos<\/a> de las unidades carcelarias de Sierra Chica.<\/p>\n<p><img data-recalc-dims=\"1\" loading=\"lazy\" decoding=\"async\" class=\"aligncenter wp-image-21379\" src=\"https:\/\/i0.wp.com\/cdnoticias.com\/wp-content\/uploads\/2021\/05\/HCD-almada-01.jpg?resize=600%2C333&#038;ssl=1\" alt=\"\" width=\"600\" height=\"333\" srcset=\"https:\/\/i0.wp.com\/cdnoticias.com\/wp-content\/uploads\/2021\/05\/HCD-almada-01.jpg?w=882&amp;ssl=1 882w, https:\/\/i0.wp.com\/cdnoticias.com\/wp-content\/uploads\/2021\/05\/HCD-almada-01.jpg?resize=300%2C167&amp;ssl=1 300w, https:\/\/i0.wp.com\/cdnoticias.com\/wp-content\/uploads\/2021\/05\/HCD-almada-01.jpg?resize=768%2C427&amp;ssl=1 768w, https:\/\/i0.wp.com\/cdnoticias.com\/wp-content\/uploads\/2021\/05\/HCD-almada-01.jpg?resize=800%2C445&amp;ssl=1 800w\" sizes=\"auto, (max-width: 600px) 100vw, 600px\" \/><\/p>\n<p>&nbsp;<\/p>\n<p>La autora de la iniciativa, <strong>Alicia Almada (RP)<\/strong> present\u00f3 la propuesta y agreg\u00f3 que tambi\u00e9n <strong>la Comisi\u00f3n Provincial por la Memoria pidi\u00f3 en las \u00faltimas horas la vacunaci\u00f3n para los internos de las c\u00e1rceles<\/strong> que pertenecen a grupos de riesgo.<\/p>\n<p>&nbsp;<\/p>\n<blockquote><p>Tambi\u00e9n en el marco de los debates previos, la concejal se\u00f1al\u00f3 \u201ces leg\u00edtimo pedirle el gobierno cuando el gobierno es peronista\u201d para aclarar que la demanda de su bloque era \u201cdesde un lugar constructivo\u201d. Y detall\u00f3 \u201cle estamos pidiendo a nuestro propio gobierno un pasito m\u00e1s frente al Covid\u201d.<\/p><\/blockquote>\n<p>&nbsp;<\/p>\n<p>En el marco del tratamiento de este proyecto destac\u00f3 la necesidad de acceder a la vacunaci\u00f3n de estos sectores, por un lado para sostener el<strong> desempe\u00f1o laboral<\/strong> y, por otro, por el cumplimiento<strong> \u201cdel derecho a la salud\u201d<\/strong> de las personas privadas de su libertad. Asimismo, <em>enumer\u00f3 los pedidos de otros sectores de trabajadores que en los \u00faltimos d\u00edas expresaron numerosos sindicatos<\/em>.<\/p>\n<p><img data-recalc-dims=\"1\" loading=\"lazy\" decoding=\"async\" class=\"aligncenter wp-image-21380\" src=\"https:\/\/i0.wp.com\/cdnoticias.com\/wp-content\/uploads\/2021\/05\/hcd-mujica-02.jpg?resize=600%2C334&#038;ssl=1\" alt=\"\" width=\"600\" height=\"334\" srcset=\"https:\/\/i0.wp.com\/cdnoticias.com\/wp-content\/uploads\/2021\/05\/hcd-mujica-02.jpg?w=860&amp;ssl=1 860w, https:\/\/i0.wp.com\/cdnoticias.com\/wp-content\/uploads\/2021\/05\/hcd-mujica-02.jpg?resize=300%2C167&amp;ssl=1 300w, https:\/\/i0.wp.com\/cdnoticias.com\/wp-content\/uploads\/2021\/05\/hcd-mujica-02.jpg?resize=768%2C428&amp;ssl=1 768w, https:\/\/i0.wp.com\/cdnoticias.com\/wp-content\/uploads\/2021\/05\/hcd-mujica-02.jpg?resize=800%2C445&amp;ssl=1 800w\" sizes=\"auto, (max-width: 600px) 100vw, 600px\" \/><\/p>\n<p>&nbsp;<\/p>\n<p>Almada hizo referencia a \u201cuna joven madre, personal del Servicio Penitenciario que falleci\u00f3 a ra\u00edz de haber contra\u00eddo Covid\u201d y tambi\u00e9n afirm\u00f3 que<strong> \u201chemos recibido denuncias de personas que estaban con carpeta m\u00e9dica han sido convocados a trabajar porque no alcanza el personal\u201d<\/strong> ante los contagios.<\/p>\n<p>&nbsp;<\/p>\n<p><strong>El proyecto de resoluci\u00f3n estaba dirigido al Municipio y a la Regi\u00f3n Sanitaria IX<\/strong> para \u201cque le den prioridad\u201d a los sectores propuestos.<\/p>\n<p>&nbsp;<\/p>\n<p><strong>Juan Mujica (JxC) adelant\u00f3 que su bloque iba a proponer cambios:<\/strong><em> cambiar a un proyecto de comunicaci\u00f3n<\/em>, <strong>dirigirlo al Ministerio de Salud<\/strong> para incluir al personal penitenciario como prioritario y <strong>pedir al mismo organismo provincial informaci\u00f3n acerca de \u201cpor qu\u00e9 no se incluy\u00f3\u201d a los privados de su libertad<\/strong> de riesgo en la vacunaci\u00f3n.<\/p>\n<p>&nbsp;<\/p>\n<p>R\u00e1pidamente, <strong>Germ\u00e1n Aramburu (RP) cuestion\u00f3 \u201ces otra cosa lo que plantea\u201d y rechaz\u00f3 la modificaci\u00f3n<\/strong>. Tambi\u00e9n se quej\u00f3 de que no se hab\u00eda planteado previamente este cambio. <em>\u201cLa moci\u00f3n le quita la esencia\u201d dijo Almada<\/em>.<\/p>\n<p><img data-recalc-dims=\"1\" loading=\"lazy\" decoding=\"async\" class=\"aligncenter wp-image-21381\" src=\"https:\/\/i0.wp.com\/cdnoticias.com\/wp-content\/uploads\/2021\/05\/HCD-aramburu-00.jpg?resize=600%2C333&#038;ssl=1\" alt=\"\" width=\"600\" height=\"333\" srcset=\"https:\/\/i0.wp.com\/cdnoticias.com\/wp-content\/uploads\/2021\/05\/HCD-aramburu-00.jpg?w=886&amp;ssl=1 886w, https:\/\/i0.wp.com\/cdnoticias.com\/wp-content\/uploads\/2021\/05\/HCD-aramburu-00.jpg?resize=300%2C167&amp;ssl=1 300w, https:\/\/i0.wp.com\/cdnoticias.com\/wp-content\/uploads\/2021\/05\/HCD-aramburu-00.jpg?resize=768%2C426&amp;ssl=1 768w, https:\/\/i0.wp.com\/cdnoticias.com\/wp-content\/uploads\/2021\/05\/HCD-aramburu-00.jpg?resize=800%2C445&amp;ssl=1 800w\" sizes=\"auto, (max-width: 600px) 100vw, 600px\" \/><\/p>\n<p>&nbsp;<\/p>\n<p>Se pas\u00f3 a la votaci\u00f3n y, <strong>por mayor\u00eda, qued\u00f3 modificado con las propuestas del oficialismo local<\/strong>: <em>lo vot\u00f3 JxC, Radicales en JxC y UCR<\/em>. Las otras bancadas rechazaron, pero quedaron en minor\u00eda.<\/p>\n<p>&nbsp;<\/p>\n<p><strong>S\u00e1nchez<\/strong> comenz\u00f3 con las cr\u00edticas ante la maniobra que dej\u00f3 de lado la propuesta inicial y consider\u00f3 que se trat\u00f3 de <strong>\u201cforzar el proyecto para que el autor diga lo que no quiere\u201d<\/strong>. Lo sigui\u00f3 el concejal <strong>Aramburu<\/strong> quien reiter\u00f3 que <strong>fue \u201cun cambio sustancial\u201d ya que \u201cdejan afuera al Municipio\u201d<\/strong> y sostuvo que JxC debi\u00f3 \u201cpresentar su propio proyecto\u201d.<\/p>\n<p><img data-recalc-dims=\"1\" loading=\"lazy\" decoding=\"async\" class=\"aligncenter wp-image-21382\" src=\"https:\/\/i0.wp.com\/cdnoticias.com\/wp-content\/uploads\/2021\/05\/HCD-guillermo-00.jpg?resize=600%2C334&#038;ssl=1\" alt=\"\" width=\"600\" height=\"334\" srcset=\"https:\/\/i0.wp.com\/cdnoticias.com\/wp-content\/uploads\/2021\/05\/HCD-guillermo-00.jpg?w=856&amp;ssl=1 856w, https:\/\/i0.wp.com\/cdnoticias.com\/wp-content\/uploads\/2021\/05\/HCD-guillermo-00.jpg?resize=300%2C167&amp;ssl=1 300w, https:\/\/i0.wp.com\/cdnoticias.com\/wp-content\/uploads\/2021\/05\/HCD-guillermo-00.jpg?resize=768%2C427&amp;ssl=1 768w, https:\/\/i0.wp.com\/cdnoticias.com\/wp-content\/uploads\/2021\/05\/HCD-guillermo-00.jpg?resize=800%2C445&amp;ssl=1 800w\" sizes=\"auto, (max-width: 600px) 100vw, 600px\" \/><\/p>\n<p>&nbsp;<\/p>\n<blockquote><p>Santell\u00e1n a\u00f1adi\u00f3: \u201chay una demostraci\u00f3n de la fuerza que la verdad subvierte lo que se dice y lo que se pregona. Violentan instituciones, expresiones\u201d. \u201cUstedes tienen todo el derecho a ejercer la mayor\u00eda, lo que no tienen es derecho a vulnerar el esp\u00edritu de sus pares, y eso es lo que hacen ahora\u201d consider\u00f3.<\/p><\/blockquote>\n<p>&nbsp;<\/p>\n<p>Luego volvi\u00f3 sobre cr\u00edticas expuestas por el plan de vacunaci\u00f3n y el avance local para subrayar que <strong>\u201cning\u00fan integrante de este espacio se vacun\u00f3 sin la debida regla, lo podemos decir y demostrar\u201d<\/strong>.<\/p>\n<p>&nbsp;<\/p>\n<p><img data-recalc-dims=\"1\" loading=\"lazy\" decoding=\"async\" class=\"aligncenter wp-image-21383\" src=\"https:\/\/i0.wp.com\/cdnoticias.com\/wp-content\/uploads\/2021\/05\/HCD-sanchez-00.jpg?resize=600%2C334&#038;ssl=1\" alt=\"\" width=\"600\" height=\"334\" srcset=\"https:\/\/i0.wp.com\/cdnoticias.com\/wp-content\/uploads\/2021\/05\/HCD-sanchez-00.jpg?w=866&amp;ssl=1 866w, https:\/\/i0.wp.com\/cdnoticias.com\/wp-content\/uploads\/2021\/05\/HCD-sanchez-00.jpg?resize=300%2C167&amp;ssl=1 300w, https:\/\/i0.wp.com\/cdnoticias.com\/wp-content\/uploads\/2021\/05\/HCD-sanchez-00.jpg?resize=768%2C427&amp;ssl=1 768w, https:\/\/i0.wp.com\/cdnoticias.com\/wp-content\/uploads\/2021\/05\/HCD-sanchez-00.jpg?resize=800%2C445&amp;ssl=1 800w\" sizes=\"auto, (max-width: 600px) 100vw, 600px\" \/><\/p>\n<p>&nbsp;<\/p>\n<p><strong>Mart\u00edn Lastape<\/strong> explic\u00f3 <strong>las razones de su apoyo al cambio del proyecto<\/strong>: para poder garantizar la vacunaci\u00f3n a esos sectores \u201cel gobierno provincial debe incorporarlo como grupo prioritario\u201d, con lo que consider\u00f3 que la responsabilidad es provincia y no local. A su vez, demand\u00f3 <strong>que se respondieran los pedidos de informe sobre vacunaci\u00f3n aprobados en marzo y enviados a la Regi\u00f3n Sanitaria IX<\/strong>. <em>\u201cCon esa informaci\u00f3n se estar\u00edan despejando las dudas\u201d<\/em> afirm\u00f3.<\/p>\n<p>&nbsp;<\/p>\n<p>Tras nuevas intervenciones del Frente de Todos y de Renovaci\u00f3n Peronista el proyecto se aprob\u00f3 por mayor\u00eda con los votos de las mismas bancadas que hab\u00edan apoyado la moci\u00f3n de modificaci\u00f3n.<\/p>\n<p>&nbsp;<\/p>\n","protected":false},"excerpt":{"rendered":"<p>La sesi\u00f3n del Concejo Deliberante ha dejado intensos debates. El FdT cuestion\u00f3 \u201cla memoria\u201d de la oposici\u00f3n para demandar y<\/p>\n","protected":false},"author":4,"featured_media":21384,"comment_status":"closed","ping_status":"closed","sticky":false,"template":"","format":"standard","meta":{"_jetpack_memberships_contains_paid_content":false,"footnotes":""},"categories":[4,1],"tags":[],"class_list":["post-21371","post","type-post","status-publish","format-standard","has-post-thumbnail","hentry","category-politica","category-portada"],"jetpack_featured_media_url":"https:\/\/i0.wp.com\/cdnoticias.com\/wp-content\/uploads\/2021\/05\/HCD-votacion-04.jpg?fit=846%2C470&ssl=1","jetpack_sharing_enabled":true,"_links":{"self":[{"href":"https:\/\/cdnoticias.com\/index.php\/wp-json\/wp\/v2\/posts\/21371","targetHints":{"allow":["GET"]}}],"collection":[{"href":"https:\/\/cdnoticias.com\/index.php\/wp-json\/wp\/v2\/posts"}],"about":[{"href":"https:\/\/cdnoticias.com\/index.php\/wp-json\/wp\/v2\/types\/post"}],"author":[{"embeddable":true,"href":"https:\/\/cdnoticias.com\/index.php\/wp-json\/wp\/v2\/users\/4"}],"replies":[{"embeddable":true,"href":"https:\/\/cdnoticias.com\/index.php\/wp-json\/wp\/v2\/comments?post=21371"}],"version-history":[{"count":0,"href":"https:\/\/cdnoticias.com\/index.php\/wp-json\/wp\/v2\/posts\/21371\/revisions"}],"wp:featuredmedia":[{"embeddable":true,"href":"https:\/\/cdnoticias.com\/index.php\/wp-json\/wp\/v2\/media\/21384"}],"wp:attachment":[{"href":"https:\/\/cdnoticias.com\/index.php\/wp-json\/wp\/v2\/media?parent=21371"}],"wp:term":[{"taxonomy":"category","embeddable":true,"href":"https:\/\/cdnoticias.com\/index.php\/wp-json\/wp\/v2\/categories?post=21371"},{"taxonomy":"post_tag","embeddable":true,"href":"https:\/\/cdnoticias.com\/index.php\/wp-json\/wp\/v2\/tags?post=21371"}],"curies":[{"name":"wp","href":"https:\/\/api.w.org\/{rel}","templated":true}]}}