{"id":213708,"date":"2026-09-03T17:00:32","date_gmt":"2026-09-03T20:00:32","guid":{"rendered":"https:\/\/cdnoticias.com\/?p=213708"},"modified":"2026-09-03T17:00:34","modified_gmt":"2026-09-03T20:00:34","slug":"segunda-edicion-del-taller-de-fotobordado-en-el-archivo-historico-municipal","status":"publish","type":"post","link":"https:\/\/cdnoticias.com\/index.php\/2026\/09\/03\/segunda-edicion-del-taller-de-fotobordado-en-el-archivo-historico-municipal\/","title":{"rendered":"Segunda edici\u00f3n del Taller de Fotobordado en el Archivo Hist\u00f3rico Municipal"},"content":{"rendered":"\n<p>La inscripci\u00f3n sigue abierta. La actividad ser\u00e1 este s\u00e1bado 5 de septiembre.&nbsp;<\/p>\n\n\n\n<hr class=\"wp-block-separator aligncenter has-alpha-channel-opacity\"\/>\n\n\n\n<p>Tras una destacada convocatoria se realizar\u00e1 la <strong>segunda edici\u00f3n del \u201cTaller de Fotobordado\u201d <\/strong>que se llevar\u00e1 a cabo el d\u00eda <strong>s\u00e1bado 5 de septiembre, de 16:00 a 18:00 horas<\/strong>, en la sede del<strong> Archivo Hist\u00f3rico Municipal \u201cAlberto y Fernando Valverde\u201d<\/strong> (ubicado en Lamadrid 2658).<\/p>\n\n\n\n<p><\/p>\n\n\n\n<p>Cabe recordar que<strong> la primera fecha del taller <\/strong>se realiz\u00f3 en el mes de julio, el Archivo Hist\u00f3rico Municipal \u201cAlberto y Fernando Valverde\u201d fue escenario de una tarde dedicada a la<strong> creatividad y la memoria local,<\/strong> con el <strong>Taller de Fotobordado a cargo de Rita D\u2019Orazio.<\/strong><\/p>\n\n\n\n<p><\/p>\n\n\n\n<p>En dicha oportunidad, el taller cont\u00f3 con una destacada participaci\u00f3n de personas de diferentes edades, generando un espacio de encuentro y participaci\u00f3n en torno a documentos que permiten conocer distintos aspectos de la historia de Olavarr\u00eda.<\/p>\n\n\n\n<p><\/p>\n\n\n\n<blockquote class=\"wp-block-quote is-layout-flow wp-block-quote-is-layout-flow\">\n<p>La propuesta invita a vecinas y vecinos a acercarse a fotograf\u00edas antiguas de Olavarr\u00eda conservadas en el Archivo y transformarlas mediante la t\u00e9cnica de bordado, convirtiendo documentos que forman parte de nuestro patrimonio documental en el punto de partida para experimentar, crear y construir nuevas miradas sobre la ciudad.<\/p>\n<\/blockquote>\n\n\n\n<p><\/p>\n\n\n\n<p>La actividad tambi\u00e9n busca recuperar el valor de las actividades manuales y creativas como espacios para compartir y aprender con otros, poniendo en di\u00e1logo la memoria local con nuevas formas de expresi\u00f3n.<\/p>\n\n\n\n<p><\/p>\n\n\n\n<p>De esta manera, el Archivo contin\u00faa desarrollando actividades que buscan acercar sus colecciones a la comunidad y promover nuevas formas de conocer, valorar y resignificar el patrimonio de Olavarr\u00eda. Aquellas personas interesadas en participar de la actividad, podr\u00e1n inscribirse al trav\u00e9s del<a href=\"https:\/\/pem.olavarria.gov.ar\/sistema-formularios\/#\/form\/71eamj3lDx\" target=\"_blank\" rel=\"noreferrer noopener\"> siguiente formulario.<\/a><\/p>\n\n\n\n<p><\/p>\n","protected":false},"excerpt":{"rendered":"<p>La inscripci\u00f3n sigue abierta. La actividad ser\u00e1 este s\u00e1bado 5 de septiembre.&nbsp; Tras una destacada convocatoria se realizar\u00e1 la segunda<\/p>\n","protected":false},"author":6,"featured_media":205396,"comment_status":"closed","ping_status":"closed","sticky":false,"template":"","format":"standard","meta":{"_jetpack_memberships_contains_paid_content":false,"footnotes":""},"categories":[9,1],"tags":[],"class_list":["post-213708","post","type-post","status-publish","format-standard","has-post-thumbnail","hentry","category-cultura","category-portada"],"jetpack_featured_media_url":"https:\/\/i0.wp.com\/cdnoticias.com\/wp-content\/uploads\/2026\/06\/Archivo-Historico-Municipal.jpg?fit=457%2C494&ssl=1","jetpack_sharing_enabled":true,"_links":{"self":[{"href":"https:\/\/cdnoticias.com\/index.php\/wp-json\/wp\/v2\/posts\/213708","targetHints":{"allow":["GET"]}}],"collection":[{"href":"https:\/\/cdnoticias.com\/index.php\/wp-json\/wp\/v2\/posts"}],"about":[{"href":"https:\/\/cdnoticias.com\/index.php\/wp-json\/wp\/v2\/types\/post"}],"author":[{"embeddable":true,"href":"https:\/\/cdnoticias.com\/index.php\/wp-json\/wp\/v2\/users\/6"}],"replies":[{"embeddable":true,"href":"https:\/\/cdnoticias.com\/index.php\/wp-json\/wp\/v2\/comments?post=213708"}],"version-history":[{"count":0,"href":"https:\/\/cdnoticias.com\/index.php\/wp-json\/wp\/v2\/posts\/213708\/revisions"}],"wp:featuredmedia":[{"embeddable":true,"href":"https:\/\/cdnoticias.com\/index.php\/wp-json\/wp\/v2\/media\/205396"}],"wp:attachment":[{"href":"https:\/\/cdnoticias.com\/index.php\/wp-json\/wp\/v2\/media?parent=213708"}],"wp:term":[{"taxonomy":"category","embeddable":true,"href":"https:\/\/cdnoticias.com\/index.php\/wp-json\/wp\/v2\/categories?post=213708"},{"taxonomy":"post_tag","embeddable":true,"href":"https:\/\/cdnoticias.com\/index.php\/wp-json\/wp\/v2\/tags?post=213708"}],"curies":[{"name":"wp","href":"https:\/\/api.w.org\/{rel}","templated":true}]}}