{"id":213702,"date":"2026-09-03T16:30:15","date_gmt":"2026-09-03T19:30:15","guid":{"rendered":"https:\/\/cdnoticias.com\/?p=213702"},"modified":"2026-09-03T16:30:16","modified_gmt":"2026-09-03T19:30:16","slug":"moov-es-sinonimo-de-diseno-y-de-calidad","status":"publish","type":"post","link":"https:\/\/cdnoticias.com\/index.php\/2026\/09\/03\/moov-es-sinonimo-de-diseno-y-de-calidad\/","title":{"rendered":"&#8220;MOOV es sin\u00f3nimo de dise\u00f1o y de calidad&#8221;"},"content":{"rendered":"\n<p>La empresa naci\u00f3 hace 15 a\u00f1os y actualmente cuenta con un plantel de 11 personas. Su producci\u00f3n est\u00e1 destinada a viviendas, comercios y edificios.<\/p>\n\n\n\n<hr class=\"wp-block-separator aligncenter has-alpha-channel-opacity\"\/>\n\n\n\n<p>Leo Sarra es dise\u00f1ador industrial, olavarriense, egresado de la Universidad de Buenos Aires. Tiene 48 a\u00f1os. Hace casi 16 a\u00f1os, y luego de una vasta experiencia profesional en Buenos Aires, regres\u00f3 a Olavarr\u00eda junto a su esposa y su primer hijo con la idea de desarrollar un emprendimiento para poder integrar el dise\u00f1o industrial en la producci\u00f3n de mobiliario, a medida y de calidad, con alto valor agregado.<\/p>\n\n\n\n<p><\/p>\n\n\n\n<p>MOOV naci\u00f3 con dos personas, con la f\u00e1brica y el showroom funcionando en un local mediano. A medida que aument\u00f3 la demanda y sus trabajos empezaron a visibilizarse por la calidad,<strong> tambi\u00e9n creci\u00f3 el equipo de trabajo y se incorpor\u00f3 una arquitecta,<\/strong> quien lleva diez a\u00f1os vinculada a la empresa y<strong> tuvo un rol central en la definici\u00f3n de la imagen y est\u00e9tica de MOOV.<\/strong><\/p>\n\n\n\n<p><\/p>\n\n\n\n<figure class=\"wp-block-image aligncenter size-full\"><img data-recalc-dims=\"1\" loading=\"lazy\" decoding=\"async\" width=\"800\" height=\"467\" src=\"https:\/\/i0.wp.com\/cdnoticias.com\/wp-content\/uploads\/2026\/08\/moov-central1-1.jpg?resize=800%2C467&#038;ssl=1\" alt=\"\" class=\"wp-image-213288\" srcset=\"https:\/\/i0.wp.com\/cdnoticias.com\/wp-content\/uploads\/2026\/08\/moov-central1-1.jpg?w=900&amp;ssl=1 900w, https:\/\/i0.wp.com\/cdnoticias.com\/wp-content\/uploads\/2026\/08\/moov-central1-1.jpg?resize=300%2C175&amp;ssl=1 300w, https:\/\/i0.wp.com\/cdnoticias.com\/wp-content\/uploads\/2026\/08\/moov-central1-1.jpg?resize=768%2C448&amp;ssl=1 768w\" sizes=\"auto, (max-width: 800px) 100vw, 800px\" \/><\/figure>\n\n\n\n<p><\/p>\n\n\n\n<p>Con el crecimiento de la actividad, el espacio de showroom y producci\u00f3n dej\u00f3 de ser suficiente y fue necesario un lugar m\u00e1s amplio para poder trabajar con una producci\u00f3n a mayor escala. <strong>MOOV hoy se encuentra ubicada en Las Rosas y Buchardo, donde recientemente tambi\u00e9n se mud\u00f3 el sector comercial.<\/strong><\/p>\n\n\n\n<p><\/p>\n\n\n\n<figure class=\"wp-block-image aligncenter size-full\"><img data-recalc-dims=\"1\" loading=\"lazy\" decoding=\"async\" width=\"800\" height=\"496\" src=\"https:\/\/i0.wp.com\/cdnoticias.com\/wp-content\/uploads\/2026\/08\/moov-central1-5.jpg?resize=800%2C496&#038;ssl=1\" alt=\"\" class=\"wp-image-213292\" srcset=\"https:\/\/i0.wp.com\/cdnoticias.com\/wp-content\/uploads\/2026\/08\/moov-central1-5.jpg?w=891&amp;ssl=1 891w, https:\/\/i0.wp.com\/cdnoticias.com\/wp-content\/uploads\/2026\/08\/moov-central1-5.jpg?resize=300%2C186&amp;ssl=1 300w, https:\/\/i0.wp.com\/cdnoticias.com\/wp-content\/uploads\/2026\/08\/moov-central1-5.jpg?resize=768%2C476&amp;ssl=1 768w\" sizes=\"auto, (max-width: 800px) 100vw, 800px\" \/><\/figure>\n\n\n\n<p><\/p>\n\n\n\n<p>A lo largo de los a\u00f1os, la empresa expandi\u00f3 la escala y variedad de sus trabajos. Entre sus proyectos se encuentran <strong>seis edificios completos y numerosos locales comerciales, con especial presencia en el rubro de farmacias.<\/strong><\/p>\n\n\n\n<p><\/p>\n\n\n\n<blockquote class=\"wp-block-quote is-layout-flow wp-block-quote-is-layout-flow\">\n<p>Otro de los segmentos de trabajo son las viviendas particulares. La empresa desarrolla proyectos integrales que pueden comenzar con el mobiliario de cocina y extenderse al living, vestidores, ba\u00f1os, quincho y otros espacios funcionales, buscando integrar los distintos ambientes de una casa dentro de un mismo proyecto. En este segmento, la empresa lleva realizados m\u00e1s de 1.700 proyectos domiciliarios.<\/p>\n<\/blockquote>\n\n\n\n<p><\/p>\n\n\n\n<p>Asimismo, en los \u00faltimos a\u00f1os la empresa <strong>ampli\u00f3 su radio de trabajo y comenz\u00f3 a realizar proyectos en distintas ciudades de la provincia de Buenos Aires<\/strong>, como <strong>Azul, Tandil, Lamadrid, Laprida, Tapalqu\u00e9, Canning (Ezeiza), Olivos, B\u00e9ccar y tambi\u00e9n en CABA.<\/strong><\/p>\n\n\n\n<p><\/p>\n\n\n\n<figure class=\"wp-block-image aligncenter size-full\"><img data-recalc-dims=\"1\" loading=\"lazy\" decoding=\"async\" width=\"800\" height=\"531\" src=\"https:\/\/i0.wp.com\/cdnoticias.com\/wp-content\/uploads\/2026\/08\/moov-central1-9.jpg?resize=800%2C531&#038;ssl=1\" alt=\"\" class=\"wp-image-213296\" srcset=\"https:\/\/i0.wp.com\/cdnoticias.com\/wp-content\/uploads\/2026\/08\/moov-central1-9.jpg?w=900&amp;ssl=1 900w, https:\/\/i0.wp.com\/cdnoticias.com\/wp-content\/uploads\/2026\/08\/moov-central1-9.jpg?resize=300%2C199&amp;ssl=1 300w, https:\/\/i0.wp.com\/cdnoticias.com\/wp-content\/uploads\/2026\/08\/moov-central1-9.jpg?resize=768%2C509&amp;ssl=1 768w\" sizes=\"auto, (max-width: 800px) 100vw, 800px\" \/><\/figure>\n\n\n\n<p><\/p>\n\n\n\n<p>Actualmente, Sarra indic\u00f3 como nuevos desaf\u00edos <strong><em>&#8220;seguir afianzando el equipo, continuar eficientizando los procesos, seguir conquistando nuevos mercados y tratar de expandir la experiencia MOOV a otros lugares&#8221;.<\/em><\/strong><\/p>\n\n\n\n<p><\/p>\n\n\n\n<p>&#8220;Lo que nos caracteriza es el aporte profesional. Al ser yo dise\u00f1ador industrial y due\u00f1o, la mirada que hay sobre el producto es distinta, y dentro del proceso productivo est\u00e1 incorporado el dise\u00f1o. Hay una mirada creativa&#8221;, sostuvo Sarra.<\/p>\n\n\n\n<p><\/p>\n\n\n\n<p>Y agreg\u00f3: <strong>&#8220;En Olavarr\u00eda, MOOV es sin\u00f3nimo de dise\u00f1o y de calidad. Eso nos trajo hasta ac\u00e1 y nos mantiene vivos y bien posicionados por esa impronta que le queremos dar al producto. Tengo muy buena gente trabajando tambi\u00e9n. Excelentes personas y excelentes profesionales&#8221;.<\/strong><\/p>\n\n\n\n<p><\/p>\n\n\n\n<figure class=\"wp-block-image aligncenter size-full\"><img data-recalc-dims=\"1\" loading=\"lazy\" decoding=\"async\" width=\"800\" height=\"490\" src=\"https:\/\/i0.wp.com\/cdnoticias.com\/wp-content\/uploads\/2026\/08\/moov-central1-2.jpg?resize=800%2C490&#038;ssl=1\" alt=\"\" class=\"wp-image-213289\" srcset=\"https:\/\/i0.wp.com\/cdnoticias.com\/wp-content\/uploads\/2026\/08\/moov-central1-2.jpg?w=885&amp;ssl=1 885w, https:\/\/i0.wp.com\/cdnoticias.com\/wp-content\/uploads\/2026\/08\/moov-central1-2.jpg?resize=300%2C184&amp;ssl=1 300w, https:\/\/i0.wp.com\/cdnoticias.com\/wp-content\/uploads\/2026\/08\/moov-central1-2.jpg?resize=768%2C470&amp;ssl=1 768w\" sizes=\"auto, (max-width: 800px) 100vw, 800px\" \/><\/figure>\n\n\n\n<p><\/p>\n\n\n\n<p><\/p>\n","protected":false},"excerpt":{"rendered":"<p>La empresa naci\u00f3 hace 15 a\u00f1os y actualmente cuenta con un plantel de 11 personas. Su producci\u00f3n est\u00e1 destinada a<\/p>\n","protected":false},"author":6,"featured_media":213294,"comment_status":"closed","ping_status":"closed","sticky":false,"template":"","format":"standard","meta":{"_jetpack_memberships_contains_paid_content":false,"footnotes":""},"categories":[5,7],"tags":[],"class_list":["post-213702","post","type-post","status-publish","format-standard","has-post-thumbnail","hentry","category-informacion-general","category-central"],"jetpack_featured_media_url":"https:\/\/i0.wp.com\/cdnoticias.com\/wp-content\/uploads\/2026\/08\/moov-central1-7.jpg?fit=900%2C597&ssl=1","jetpack_sharing_enabled":true,"_links":{"self":[{"href":"https:\/\/cdnoticias.com\/index.php\/wp-json\/wp\/v2\/posts\/213702","targetHints":{"allow":["GET"]}}],"collection":[{"href":"https:\/\/cdnoticias.com\/index.php\/wp-json\/wp\/v2\/posts"}],"about":[{"href":"https:\/\/cdnoticias.com\/index.php\/wp-json\/wp\/v2\/types\/post"}],"author":[{"embeddable":true,"href":"https:\/\/cdnoticias.com\/index.php\/wp-json\/wp\/v2\/users\/6"}],"replies":[{"embeddable":true,"href":"https:\/\/cdnoticias.com\/index.php\/wp-json\/wp\/v2\/comments?post=213702"}],"version-history":[{"count":0,"href":"https:\/\/cdnoticias.com\/index.php\/wp-json\/wp\/v2\/posts\/213702\/revisions"}],"wp:featuredmedia":[{"embeddable":true,"href":"https:\/\/cdnoticias.com\/index.php\/wp-json\/wp\/v2\/media\/213294"}],"wp:attachment":[{"href":"https:\/\/cdnoticias.com\/index.php\/wp-json\/wp\/v2\/media?parent=213702"}],"wp:term":[{"taxonomy":"category","embeddable":true,"href":"https:\/\/cdnoticias.com\/index.php\/wp-json\/wp\/v2\/categories?post=213702"},{"taxonomy":"post_tag","embeddable":true,"href":"https:\/\/cdnoticias.com\/index.php\/wp-json\/wp\/v2\/tags?post=213702"}],"curies":[{"name":"wp","href":"https:\/\/api.w.org\/{rel}","templated":true}]}}