{"id":213693,"date":"2026-09-03T15:34:21","date_gmt":"2026-09-03T18:34:21","guid":{"rendered":"https:\/\/cdnoticias.com\/?p=213693"},"modified":"2026-09-03T15:40:44","modified_gmt":"2026-09-03T18:40:44","slug":"morosidad-en-olavarria-menos-personas-endeudadas-pero-con-mayor-carga-individual","status":"publish","type":"post","link":"https:\/\/cdnoticias.com\/index.php\/2026\/09\/03\/morosidad-en-olavarria-menos-personas-endeudadas-pero-con-mayor-carga-individual\/","title":{"rendered":"Morosidad en Olavarr\u00eda: menos personas endeudadas, pero con mayor carga individual"},"content":{"rendered":"<p>Son los datos de julio basados en informaci\u00f3n del Banco Central. La tasa de mora tuvo una leve baja en la comparaci\u00f3n con junio, aunque el monto de deuda total aument\u00f3.<\/p>\n\n\n<hr class=\"wp-block-separator has-alpha-channel-opacity\"\/>\n\n\n\n<!--more-->\n\n\n\n<p>La<strong> morosidad en Olavarr\u00eda <\/strong>mostr\u00f3 una <strong>leve mejora en julio<\/strong>, aunque el endeudamiento de los hogares contin\u00faa siendo elevado: <strong>hay menos personas en mora, pero aument\u00f3 el endeudamiento promedio<\/strong> lo que implica <strong>mayor presi\u00f3n <\/strong>para los deudores.<\/p>\n\n\n\n<p><\/p>\n\n\n\n<p>La<strong> tendencia general a nivel nacional <\/strong>es distinta de la registrada en Olavarr\u00eda ya que <strong>en julio, la morosidad de las familias argentinas subi\u00f3<\/strong> -levemente- del 12,77% al <strong>12,94%<\/strong>, seg\u00fan estimaciones privadas basadas en datos del BCRA.<\/p>\n\n\n\n<p><\/p>\n\n\n\n<p><strong>Central de Noticias<\/strong> tom\u00f3 informaci\u00f3n disponible en el <a href=\"https:\/\/mapadeladeuda.ar\/\" target=\"_blank\" rel=\"noreferrer noopener\">Mapa de la Deuda<\/a> elaborado por el Centro de Estudios de la Ciudad y Fundaci\u00f3n Friedrich Ebert sobre la base de la Central de Deudores del Banco Central. El an\u00e1lisis se centra en comparar los datos disponibles de los meses de junio y julio de este a\u00f1o.<\/p>\n\n\n\n<p><\/p>\n\n\n\n<figure class=\"wp-block-embed is-type-wp-embed is-provider-central-de-noticias-olavarr-a wp-block-embed-central-de-noticias-olavarr-a\"><div class=\"wp-block-embed__wrapper\">\n<blockquote class=\"wp-embedded-content\" data-secret=\"An2jyFhyXU\"><a href=\"https:\/\/cdnoticias.com\/index.php\/2026\/09\/03\/tarjetas-de-credito-solo-un-tercio-de-los-usuarios-pago-el-total-del-ultimo-resumen\/\">Tarjetas de cr\u00e9dito: solo un tercio de los usuarios pag\u00f3 el total del \u00faltimo resumen<\/a><\/blockquote><iframe loading=\"lazy\" class=\"wp-embedded-content\" sandbox=\"allow-scripts\" security=\"restricted\" style=\"position: absolute; visibility: hidden;\" title=\"&#8220;Tarjetas de cr\u00e9dito: solo un tercio de los usuarios pag\u00f3 el total del \u00faltimo resumen&#8221; &#8212; Central de Noticias | Olavarr\u00eda\" src=\"https:\/\/cdnoticias.com\/index.php\/2026\/09\/03\/tarjetas-de-credito-solo-un-tercio-de-los-usuarios-pago-el-total-del-ultimo-resumen\/embed\/#?secret=92MUTK7aN4#?secret=An2jyFhyXU\" data-secret=\"An2jyFhyXU\" width=\"600\" height=\"338\" frameborder=\"0\" marginwidth=\"0\" marginheight=\"0\" scrolling=\"no\"><\/iframe>\n<\/div><\/figure>\n\n\n\n<p><\/p>\n\n\n\n<p><strong>En el mes de julio la tasa de mora fue de 14,25%<\/strong>: baj\u00f3 levemente 0,27 puntos porcentuales en la comparaci\u00f3n con el registro del mes anterior. Tambi\u00e9n hubo <strong>menos deudores en mora <\/strong>ya que cay\u00f3 2,8% con <strong>8.411 personas<\/strong> (239 menos que en junio). En contrapartida <strong>aument\u00f3 el monto total de deuda<\/strong> para llegar a casi <strong>188 mil millones de pesos<\/strong> (+0,55%) y <strong>descendi\u00f3 el monto de deuda en situaci\u00f3n de mora <\/strong>que se ubic\u00f3 en <strong>26.784 millones<\/strong> (-1,3%).<\/p>\n\n\n\n<p><\/p>\n\n\n\n<blockquote class=\"wp-block-quote is-layout-flow wp-block-quote-is-layout-flow\">\n<p>Entre los datos m\u00e1s llamativos de Olavarr\u00eda -y que exponen los mayores problemas- se inform\u00f3 que hay menos deudores \u00fanicos totales -son 38.618 usuarios (792 personas menos, una baja de 2%)-, pero hay 2,7% m\u00e1s de deuda promedio por deudor -se ubic\u00f3 en 4,87 millones de pesos-. La deuda promedio por deudor en mora se increment\u00f3 de 3,14 millones de pesos en junio a 3,18 millones de pesos en julio: la suba es de 1,3%.<\/p>\n<\/blockquote>\n\n\n\n<p><\/p>\n\n\n\n<p>En conclusi\u00f3n, <strong>lo que subi\u00f3 es la presi\u00f3n<\/strong>. Bajaron la cantidad de personas en mora y el monto total adeudado en mora, pero aument\u00f3 el endeudamiento promedio de quienes siguen teniendo deuda.<\/p>\n\n\n\n<p><\/p>\n\n\n\n<figure class=\"wp-block-image size-full\"><img data-recalc-dims=\"1\" loading=\"lazy\" decoding=\"async\" width=\"500\" height=\"682\" src=\"https:\/\/i0.wp.com\/cdnoticias.com\/wp-content\/uploads\/2026\/09\/mapa-de-la-deuda-olavarria-junio-julio-2026.jpg?resize=500%2C682&#038;ssl=1\" alt=\"\" class=\"wp-image-213697\" srcset=\"https:\/\/i0.wp.com\/cdnoticias.com\/wp-content\/uploads\/2026\/09\/mapa-de-la-deuda-olavarria-junio-julio-2026.jpg?w=500&amp;ssl=1 500w, https:\/\/i0.wp.com\/cdnoticias.com\/wp-content\/uploads\/2026\/09\/mapa-de-la-deuda-olavarria-junio-julio-2026.jpg?resize=220%2C300&amp;ssl=1 220w\" sizes=\"auto, (max-width: 500px) 100vw, 500px\" \/><\/figure>\n\n\n\n<p><\/p>\n\n\n\n<figure class=\"wp-block-embed is-type-wp-embed is-provider-central-de-noticias-olavarr-a wp-block-embed-central-de-noticias-olavarr-a\"><div class=\"wp-block-embed__wrapper\">\n<blockquote class=\"wp-embedded-content\" data-secret=\"gA6MYio6Jq\"><a href=\"https:\/\/cdnoticias.com\/index.php\/2026\/08\/29\/la-morosidad-de-hogares-y-empresas-volvio-a-subir-en-julio\/\">La morosidad de hogares y empresas volvi\u00f3 a subir en julio<\/a><\/blockquote><iframe loading=\"lazy\" class=\"wp-embedded-content\" sandbox=\"allow-scripts\" security=\"restricted\" style=\"position: absolute; visibility: hidden;\" title=\"&#8220;La morosidad de hogares y empresas volvi\u00f3 a subir en julio&#8221; &#8212; Central de Noticias | Olavarr\u00eda\" src=\"https:\/\/cdnoticias.com\/index.php\/2026\/08\/29\/la-morosidad-de-hogares-y-empresas-volvio-a-subir-en-julio\/embed\/#?secret=9ucnTBxK7R#?secret=gA6MYio6Jq\" data-secret=\"gA6MYio6Jq\" width=\"600\" height=\"338\" frameborder=\"0\" marginwidth=\"0\" marginheight=\"0\" scrolling=\"no\"><\/iframe>\n<\/div><\/figure>\n\n\n\n<p><\/p>\n\n\n\n<h2 class=\"wp-block-heading\">Mejora moderada<\/h2>\n\n\n\n<p><\/p>\n\n\n\n<p>Hay una leve mejora en la morosidad de los olavarrienses, aunque la tasa de mora de 14,25% sigue siendo un nivel elevado lo que implica que<strong> el problema permanece<\/strong>. Hubo una especie de <strong>recomposici\u00f3n del endeudamiento<\/strong> con un peque\u00f1o aumento del cr\u00e9dito total, mientras disminuy\u00f3 la porci\u00f3n que est\u00e1 en mora.<\/p>\n\n\n\n<p><\/p>\n\n\n\n<p>En ese sentido, <strong>el dato m\u00e1s positivo es que cay\u00f3 el dinero en mora<\/strong> al reducirse en unos 353,6 millones de pesos. No solamente hay menos personas en mora, sino que disminuy\u00f3 el volumen de dinero que aparece en situaci\u00f3n de mora.<\/p>\n\n\n\n<p><\/p>\n\n\n\n<p>Pero el <strong>endeudamiento sigui\u00f3 creciendo<\/strong> y aqu\u00ed se detecta una<strong> se\u00f1al de alarma <\/strong>con la suba de la deuda total que lleg\u00f3 a 187.935 millones de pesos.<\/p>\n\n\n\n<p><\/p>\n\n\n\n<blockquote class=\"wp-block-quote is-layout-flow wp-block-quote-is-layout-flow\">\n<p>Quienes siguen endeudados deben, en promedio, m\u00e1s. Tanto los tomadores de cr\u00e9ditos en general como los deudores en mora. As\u00ed se puede se\u00f1alar que la reducci\u00f3n de la morosidad no necesariamente implica una mejora generalizada de la situaci\u00f3n financiera de los hogares. Algunos deudores pudieron regularizar sus obligaciones, pero quienes siguen endeudados concentran montos mayores.<\/p>\n<\/blockquote>\n\n\n\n<p><\/p>\n\n\n\n<p>Tambi\u00e9n <strong>cay\u00f3 la cantidad de deudores totales<\/strong> lo que contribuye a explicar la reducci\u00f3n de la tasa de mora. Los deudores \u00fanicos totales bajaron de 39.410 registrados en junio a 38.618 de julio: son 792 menos. Y los deudores en mora disminuyeron en mayor proporci\u00f3n: 2,8% contra 2% de ca\u00edda de los deudores totales.<\/p>\n\n\n\n<p><\/p>\n\n\n\n<p>En la comparaci\u00f3n, <strong>Olavarr\u00eda mantiene una tasa de mora bastante menor al promedio bonaerense <\/strong>donde lleg\u00f3 a 21,08% en julio. Adem\u00e1s, el <strong>monto de deuda en mora local<\/strong> representa apenas alrededor de<strong> 0,38% del monto correspondiente a Buenos Aires<\/strong>, pr\u00e1cticamente en l\u00ednea con el peso econ\u00f3mico de la ciudad dentro de la provincia.<\/p>\n\n\n\n<p><\/p>\n\n\n\n<div class=\"wp-block-jetpack-slideshow aligncenter\" data-effect=\"slide\" style=\"--aspect-ratio:calc(1000 \/ 563)\"><div class=\"wp-block-jetpack-slideshow_container swiper\"><ul class=\"wp-block-jetpack-slideshow_swiper-wrapper swiper-wrapper\"><li class=\"wp-block-jetpack-slideshow_slide swiper-slide\"><figure><img data-recalc-dims=\"1\" loading=\"lazy\" decoding=\"async\" width=\"800\" height=\"450\" alt=\"\" class=\"wp-block-jetpack-slideshow_image wp-image-213696\" data-id=\"213696\" data-aspect-ratio=\"1000 \/ 563\" src=\"https:\/\/i0.wp.com\/cdnoticias.com\/wp-content\/uploads\/2026\/09\/mapa-de-la-deuda-olavarria-julio-2026.jpg?resize=800%2C450&#038;ssl=1\" srcset=\"https:\/\/i0.wp.com\/cdnoticias.com\/wp-content\/uploads\/2026\/09\/mapa-de-la-deuda-olavarria-julio-2026.jpg?w=1000&amp;ssl=1 1000w, https:\/\/i0.wp.com\/cdnoticias.com\/wp-content\/uploads\/2026\/09\/mapa-de-la-deuda-olavarria-julio-2026.jpg?resize=300%2C169&amp;ssl=1 300w, https:\/\/i0.wp.com\/cdnoticias.com\/wp-content\/uploads\/2026\/09\/mapa-de-la-deuda-olavarria-julio-2026.jpg?resize=768%2C432&amp;ssl=1 768w\" sizes=\"(max-width: 800px) 100vw, 800px\" \/><\/figure><\/li><li class=\"wp-block-jetpack-slideshow_slide swiper-slide\"><figure><img data-recalc-dims=\"1\" loading=\"lazy\" decoding=\"async\" width=\"800\" height=\"450\" alt=\"\" class=\"wp-block-jetpack-slideshow_image wp-image-213695\" data-id=\"213695\" data-aspect-ratio=\"1000 \/ 563\" src=\"https:\/\/i0.wp.com\/cdnoticias.com\/wp-content\/uploads\/2026\/09\/mapa-de-la-deuda-provincia-de-bsas-julio-2026.jpg?resize=800%2C450&#038;ssl=1\" srcset=\"https:\/\/i0.wp.com\/cdnoticias.com\/wp-content\/uploads\/2026\/09\/mapa-de-la-deuda-provincia-de-bsas-julio-2026.jpg?w=1000&amp;ssl=1 1000w, https:\/\/i0.wp.com\/cdnoticias.com\/wp-content\/uploads\/2026\/09\/mapa-de-la-deuda-provincia-de-bsas-julio-2026.jpg?resize=300%2C169&amp;ssl=1 300w, https:\/\/i0.wp.com\/cdnoticias.com\/wp-content\/uploads\/2026\/09\/mapa-de-la-deuda-provincia-de-bsas-julio-2026.jpg?resize=768%2C432&amp;ssl=1 768w\" sizes=\"(max-width: 800px) 100vw, 800px\" \/><\/figure><\/li><li class=\"wp-block-jetpack-slideshow_slide swiper-slide\"><figure><img data-recalc-dims=\"1\" loading=\"lazy\" decoding=\"async\" width=\"800\" height=\"450\" alt=\"\" class=\"wp-block-jetpack-slideshow_image wp-image-213694\" data-id=\"213694\" data-aspect-ratio=\"1000 \/ 563\" src=\"https:\/\/i0.wp.com\/cdnoticias.com\/wp-content\/uploads\/2026\/09\/mapa-de-la-deuda-argentina-julio-2026.jpg?resize=800%2C450&#038;ssl=1\" srcset=\"https:\/\/i0.wp.com\/cdnoticias.com\/wp-content\/uploads\/2026\/09\/mapa-de-la-deuda-argentina-julio-2026.jpg?w=1000&amp;ssl=1 1000w, https:\/\/i0.wp.com\/cdnoticias.com\/wp-content\/uploads\/2026\/09\/mapa-de-la-deuda-argentina-julio-2026.jpg?resize=300%2C169&amp;ssl=1 300w, https:\/\/i0.wp.com\/cdnoticias.com\/wp-content\/uploads\/2026\/09\/mapa-de-la-deuda-argentina-julio-2026.jpg?resize=768%2C432&amp;ssl=1 768w\" sizes=\"(max-width: 800px) 100vw, 800px\" \/><\/figure><\/li><\/ul><a class=\"wp-block-jetpack-slideshow_button-prev swiper-button-prev swiper-button-white\" role=\"button\"><\/a><a class=\"wp-block-jetpack-slideshow_button-next swiper-button-next swiper-button-white\" role=\"button\"><\/a><a aria-label=\"Pause Slideshow\" class=\"wp-block-jetpack-slideshow_button-pause\" role=\"button\"><\/a><div class=\"wp-block-jetpack-slideshow_pagination swiper-pagination swiper-pagination-white\"><\/div><\/div><\/div>\n\n\n\n<p><\/p>\n\n\n\n<h2 class=\"wp-block-heading\">El problema es estructural<\/h2>\n\n\n\n<p><\/p>\n\n\n\n<p>En base a estos datos, la morosidad en Olavarr\u00eda mostr\u00f3 una leve mejora en el \u00faltimo mes con datos disponibles. La tasa de mora, la cantidad de deudores morosos y el monto total en mora fueron los indicadores que tuvieron comportamiento positivo, pero la deuda total aument\u00f3 en m\u00e1s de 1.000 millones de pesos y tambi\u00e9n creci\u00f3 la deuda promedio por persona.<\/p>\n\n\n\n<p><\/p>\n\n\n\n<blockquote class=\"wp-block-quote is-layout-flow wp-block-quote-is-layout-flow\">\n<p>Si bien una parte de los deudores pudo haber regularizado su situaci\u00f3n, el problema del endeudamiento contin\u00faa concentr\u00e1ndose en quienes permanecen dentro del sistema crediticio.<\/p>\n<\/blockquote>\n\n\n\n<p><\/p>\n\n\n\n<p>Los datos positivos evidencian que <strong>el problema es estructural y no s\u00f3lo persiste<\/strong>, sino que <strong>se profundiza<\/strong>: en julio hubo menos olavarrienses en problemas, pero <strong>quienes siguen endeudados <\/strong>tuvieron, en promedio, <strong>una carga mayor<\/strong>.<\/p>\n\n\n\n<p><\/p>\n\n\n\n<figure class=\"wp-block-embed is-type-wp-embed is-provider-central-de-noticias-olavarr-a wp-block-embed-central-de-noticias-olavarr-a\"><div class=\"wp-block-embed__wrapper\">\n<blockquote class=\"wp-embedded-content\" data-secret=\"wE06snbkJE\"><a href=\"https:\/\/cdnoticias.com\/index.php\/2026\/08\/02\/un-informe-sostiene-que-seis-de-cada-diez-argentinos-se-endeudaron-para-cubrir-gastos-basicos\/\">Un informe sostiene que seis de cada diez argentinos se endeudaron para cubrir gastos b\u00e1sicos<\/a><\/blockquote><iframe loading=\"lazy\" class=\"wp-embedded-content\" sandbox=\"allow-scripts\" security=\"restricted\" style=\"position: absolute; visibility: hidden;\" title=\"&#8220;Un informe sostiene que seis de cada diez argentinos se endeudaron para cubrir gastos b\u00e1sicos&#8221; &#8212; Central de Noticias | Olavarr\u00eda\" src=\"https:\/\/cdnoticias.com\/index.php\/2026\/08\/02\/un-informe-sostiene-que-seis-de-cada-diez-argentinos-se-endeudaron-para-cubrir-gastos-basicos\/embed\/#?secret=cC736NT0Vn#?secret=wE06snbkJE\" data-secret=\"wE06snbkJE\" width=\"600\" height=\"338\" frameborder=\"0\" marginwidth=\"0\" marginheight=\"0\" scrolling=\"no\"><\/iframe>\n<\/div><\/figure>\n\n\n\n<p><\/p>\n\n\n\n<figure class=\"wp-block-embed is-type-wp-embed is-provider-central-de-noticias-olavarr-a wp-block-embed-central-de-noticias-olavarr-a\"><div class=\"wp-block-embed__wrapper\">\n<blockquote class=\"wp-embedded-content\" data-secret=\"wt635eDW1a\"><a href=\"https:\/\/cdnoticias.com\/index.php\/2026\/08\/10\/desde-provincia-alertan-que-la-morosidad-familiar-se-quintuplico-en-un-ano-y-medio\/\">Desde Provincia alertan que la morosidad familiar se quintuplic\u00f3 en un a\u00f1o y medio<\/a><\/blockquote><iframe loading=\"lazy\" class=\"wp-embedded-content\" sandbox=\"allow-scripts\" security=\"restricted\" style=\"position: absolute; visibility: hidden;\" title=\"&#8220;Desde Provincia alertan que la morosidad familiar se quintuplic\u00f3 en un a\u00f1o y medio&#8221; &#8212; Central de Noticias | Olavarr\u00eda\" src=\"https:\/\/cdnoticias.com\/index.php\/2026\/08\/10\/desde-provincia-alertan-que-la-morosidad-familiar-se-quintuplico-en-un-ano-y-medio\/embed\/#?secret=EfURcDBvio#?secret=wt635eDW1a\" data-secret=\"wt635eDW1a\" width=\"600\" height=\"338\" frameborder=\"0\" marginwidth=\"0\" marginheight=\"0\" scrolling=\"no\"><\/iframe>\n<\/div><\/figure>\n\n\n\n<p><\/p>\n\n\n\n<figure class=\"wp-block-embed is-type-wp-embed is-provider-central-de-noticias-olavarr-a wp-block-embed-central-de-noticias-olavarr-a\"><div class=\"wp-block-embed__wrapper\">\n<blockquote class=\"wp-embedded-content\" data-secret=\"GeLzCOktqd\"><a href=\"https:\/\/cdnoticias.com\/index.php\/2026\/08\/14\/banco-provincia-mas-de-100-000-clientes-ya-refinanciaron-sus-deudas\/\">Banco Provincia: m\u00e1s de 100.000 clientes ya refinanciaron sus deudas<\/a><\/blockquote><iframe loading=\"lazy\" class=\"wp-embedded-content\" sandbox=\"allow-scripts\" security=\"restricted\" style=\"position: absolute; visibility: hidden;\" title=\"&#8220;Banco Provincia: m\u00e1s de 100.000 clientes ya refinanciaron sus deudas&#8221; &#8212; Central de Noticias | Olavarr\u00eda\" src=\"https:\/\/cdnoticias.com\/index.php\/2026\/08\/14\/banco-provincia-mas-de-100-000-clientes-ya-refinanciaron-sus-deudas\/embed\/#?secret=ApY32jQxMD#?secret=GeLzCOktqd\" data-secret=\"GeLzCOktqd\" width=\"600\" height=\"338\" frameborder=\"0\" marginwidth=\"0\" marginheight=\"0\" scrolling=\"no\"><\/iframe>\n<\/div><\/figure>\n","protected":false},"excerpt":{"rendered":"<p>Son los datos de julio basados en informaci\u00f3n del Banco Central. La tasa de mora tuvo una leve baja en<\/p>\n","protected":false},"author":4,"featured_media":213698,"comment_status":"closed","ping_status":"closed","sticky":false,"template":"","format":"standard","meta":{"_jetpack_memberships_contains_paid_content":false,"footnotes":""},"categories":[5,7],"tags":[],"class_list":["post-213693","post","type-post","status-publish","format-standard","has-post-thumbnail","hentry","category-informacion-general","category-central"],"jetpack_featured_media_url":"https:\/\/i0.wp.com\/cdnoticias.com\/wp-content\/uploads\/2026\/09\/morosidad-00.jpg?fit=1000%2C667&ssl=1","jetpack_sharing_enabled":true,"_links":{"self":[{"href":"https:\/\/cdnoticias.com\/index.php\/wp-json\/wp\/v2\/posts\/213693","targetHints":{"allow":["GET"]}}],"collection":[{"href":"https:\/\/cdnoticias.com\/index.php\/wp-json\/wp\/v2\/posts"}],"about":[{"href":"https:\/\/cdnoticias.com\/index.php\/wp-json\/wp\/v2\/types\/post"}],"author":[{"embeddable":true,"href":"https:\/\/cdnoticias.com\/index.php\/wp-json\/wp\/v2\/users\/4"}],"replies":[{"embeddable":true,"href":"https:\/\/cdnoticias.com\/index.php\/wp-json\/wp\/v2\/comments?post=213693"}],"version-history":[{"count":2,"href":"https:\/\/cdnoticias.com\/index.php\/wp-json\/wp\/v2\/posts\/213693\/revisions"}],"predecessor-version":[{"id":213701,"href":"https:\/\/cdnoticias.com\/index.php\/wp-json\/wp\/v2\/posts\/213693\/revisions\/213701"}],"wp:featuredmedia":[{"embeddable":true,"href":"https:\/\/cdnoticias.com\/index.php\/wp-json\/wp\/v2\/media\/213698"}],"wp:attachment":[{"href":"https:\/\/cdnoticias.com\/index.php\/wp-json\/wp\/v2\/media?parent=213693"}],"wp:term":[{"taxonomy":"category","embeddable":true,"href":"https:\/\/cdnoticias.com\/index.php\/wp-json\/wp\/v2\/categories?post=213693"},{"taxonomy":"post_tag","embeddable":true,"href":"https:\/\/cdnoticias.com\/index.php\/wp-json\/wp\/v2\/tags?post=213693"}],"curies":[{"name":"wp","href":"https:\/\/api.w.org\/{rel}","templated":true}]}}