{"id":213691,"date":"2026-09-03T14:23:36","date_gmt":"2026-09-03T17:23:36","guid":{"rendered":"https:\/\/cdnoticias.com\/?p=213691"},"modified":"2026-09-03T14:23:37","modified_gmt":"2026-09-03T17:23:37","slug":"el-aula-movil-de-ypf-vuelve-a-olavarria","status":"publish","type":"post","link":"https:\/\/cdnoticias.com\/index.php\/2026\/09\/03\/el-aula-movil-de-ypf-vuelve-a-olavarria\/","title":{"rendered":"El Aula M\u00f3vil de YPF vuelve a Olavarr\u00eda"},"content":{"rendered":"<p>Los d\u00edas martes 8 y mi\u00e9rcoles 9 de septiembre en el Centro Cultural Municipal \u201cSan Jos\u00e9\u201d. Capacitaciones para estudiantes y actividades abiertas a la comunidad.<\/p>\n\n\n<hr class=\"wp-block-separator has-alpha-channel-opacity\"\/>\n\n\n\n<!--more-->\n\n\n\n<p>El Municipio de Olavarr\u00eda, a trav\u00e9s de la Secretar\u00eda de Desarrollo Econ\u00f3mico y Productivo, anunci\u00f3 la llegada del <strong>Aula M\u00f3vil de YPF a la ciudad<\/strong>, un espacio itinerante dise\u00f1ado para <em>concientizar sobre la importancia de avanzar hacia una matriz energ\u00e9tica m\u00e1s limpia, sostenible y basada en recursos renovables<\/em>.<\/p>\n\n\n\n<p><\/p>\n\n\n\n<p>Dicha propuesta se desarrollar\u00e1 <strong>los d\u00edas martes 8 y mi\u00e9rcoles 9 de septiembre en el Centro Cultural Municipal \u201cSan Jos\u00e9\u201d<\/strong>, con actividades abiertas a la comunidad y capacitaciones dirigidas a estudiantes de instituciones secundarias.<\/p>\n\n\n\n<p><\/p>\n\n\n\n<p>La <strong>programaci\u00f3n<\/strong> se dividir\u00e1 en dos instancias principales:<\/p>\n\n\n\n<p><\/p>\n\n\n\n<ul class=\"wp-block-list\">\n<li><strong>Jornadas de divulgaci\u00f3n del Aula M\u00f3vil de YPF sobre los recursos energ\u00e9ticos de la Argentina<\/strong>. Se desarrollar\u00e1n martes 8 y mi\u00e9rcoles 9 de septiembre, de 8:30 a 12 y de 14 a 17 horas.<\/li>\n\n\n\n<li><strong>Taller de Energ\u00eda Argentina<\/strong>. Se desarrollar\u00e1 el d\u00eda martes 8 de septiembre, de 9 a 12 y de 14 a 17 horas. Se trata de una capacitaci\u00f3n orientada a estudiantes del \u00faltimo a\u00f1o de escuelas t\u00e9cnicas. Se abordar\u00e1n conceptos sobre energ\u00eda e\u00f3lica, solar t\u00e9rmica y fotovoltaica, eficiencia energ\u00e9tica, movilidad el\u00e9ctrica y sistemas de almacenamiento.<\/li>\n<\/ul>\n\n\n\n<p><\/p>\n\n\n\n<p>Dichas actividades fueron <strong>coordinadas desde el Municipio <\/strong>en articulaci\u00f3n con las <strong>Jefaturas de Educaci\u00f3n Regional y Distrital<\/strong>, abarcando a instituciones de gesti\u00f3n p\u00fablica y privada.<\/p>\n\n\n\n<p><\/p>\n\n\n\n<p>Se aclar\u00f3 que, si bien la convocatoria incluye <strong>visitas guiadas para establecimientos educativos<\/strong>, la propuesta se encuentra abierta al p\u00fablico general interesado en conocer los avances en la materia.<\/p>\n\n\n\n<p><\/p>\n","protected":false},"excerpt":{"rendered":"<p>Los d\u00edas martes 8 y mi\u00e9rcoles 9 de septiembre en el Centro Cultural Municipal \u201cSan Jos\u00e9\u201d. Capacitaciones para estudiantes y<\/p>\n","protected":false},"author":4,"featured_media":181483,"comment_status":"closed","ping_status":"closed","sticky":false,"template":"","format":"standard","meta":{"_jetpack_memberships_contains_paid_content":false,"footnotes":""},"categories":[5,7],"tags":[],"class_list":["post-213691","post","type-post","status-publish","format-standard","has-post-thumbnail","hentry","category-informacion-general","category-central"],"jetpack_featured_media_url":"https:\/\/i0.wp.com\/cdnoticias.com\/wp-content\/uploads\/2025\/09\/aula-ypf-energia-01.jpg?fit=1000%2C556&ssl=1","jetpack_sharing_enabled":true,"_links":{"self":[{"href":"https:\/\/cdnoticias.com\/index.php\/wp-json\/wp\/v2\/posts\/213691","targetHints":{"allow":["GET"]}}],"collection":[{"href":"https:\/\/cdnoticias.com\/index.php\/wp-json\/wp\/v2\/posts"}],"about":[{"href":"https:\/\/cdnoticias.com\/index.php\/wp-json\/wp\/v2\/types\/post"}],"author":[{"embeddable":true,"href":"https:\/\/cdnoticias.com\/index.php\/wp-json\/wp\/v2\/users\/4"}],"replies":[{"embeddable":true,"href":"https:\/\/cdnoticias.com\/index.php\/wp-json\/wp\/v2\/comments?post=213691"}],"version-history":[{"count":1,"href":"https:\/\/cdnoticias.com\/index.php\/wp-json\/wp\/v2\/posts\/213691\/revisions"}],"predecessor-version":[{"id":213692,"href":"https:\/\/cdnoticias.com\/index.php\/wp-json\/wp\/v2\/posts\/213691\/revisions\/213692"}],"wp:featuredmedia":[{"embeddable":true,"href":"https:\/\/cdnoticias.com\/index.php\/wp-json\/wp\/v2\/media\/181483"}],"wp:attachment":[{"href":"https:\/\/cdnoticias.com\/index.php\/wp-json\/wp\/v2\/media?parent=213691"}],"wp:term":[{"taxonomy":"category","embeddable":true,"href":"https:\/\/cdnoticias.com\/index.php\/wp-json\/wp\/v2\/categories?post=213691"},{"taxonomy":"post_tag","embeddable":true,"href":"https:\/\/cdnoticias.com\/index.php\/wp-json\/wp\/v2\/tags?post=213691"}],"curies":[{"name":"wp","href":"https:\/\/api.w.org\/{rel}","templated":true}]}}