{"id":213689,"date":"2026-09-03T11:41:44","date_gmt":"2026-09-03T14:41:44","guid":{"rendered":"https:\/\/cdnoticias.com\/?p=213689"},"modified":"2026-09-03T11:41:46","modified_gmt":"2026-09-03T14:41:46","slug":"abierta-la-inscripcion-para-participar-del-festival-holistico-encuentro-y-bienestar","status":"publish","type":"post","link":"https:\/\/cdnoticias.com\/index.php\/2026\/09\/03\/abierta-la-inscripcion-para-participar-del-festival-holistico-encuentro-y-bienestar\/","title":{"rendered":"Abierta la inscripci\u00f3n para participar del Festival Hol\u00edstico \u201cEncuentro y Bienestar\u201d"},"content":{"rendered":"\n<p>La tercera edici\u00f3n ser\u00e1 el s\u00e1bado 7 de noviembre en el Parque Helios Eseverri. La convocatoria incluye propuestas para pr\u00e1cticas, charlas y feriantes.<\/p>\n\n\n\n<hr class=\"wp-block-separator has-alpha-channel-opacity\"\/>\n\n\n\n<p>El Municipio de Olavarr\u00eda inform\u00f3 que contin\u00faa abierta la inscripci\u00f3n para participar de la tercera edici\u00f3n del <strong>Festival Hol\u00edstico \u201cEncuentro y Bienestar\u201d<\/strong>, que se realizar\u00e1 el<strong> s\u00e1bado 7 de noviembre en el Parque Helios Eseverri.<\/strong><\/p>\n\n\n\n<p><\/p>\n\n\n\n<p>La propuesta, impulsada desde la Subsecretar\u00eda de Deportes,<strong> plantea un espacio interactivo vinculado al bienestar f\u00edsico, mental y espiritual<\/strong>, a trav\u00e9s de pr\u00e1cticas de autoconocimiento basadas en una mirada hol\u00edstica del ser.<\/p>\n\n\n\n<p><\/p>\n\n\n\n<p>La convocatoria est\u00e1 dirigida a quienes quieran participar con sus propuestas y encabezar actividades en el espacio de pr\u00e1ctica, en el sector de charlas o como feriantes. <a href=\"https:\/\/docs.google.com\/forms\/d\/e\/1FAIpQLSeVJ5KU6P-0PTVVXe2DnAcXbk5dNJg2bevvZtKzdozoyfMKjA\/viewform\" data-type=\"link\" data-id=\"https:\/\/docs.google.com\/forms\/d\/e\/1FAIpQLSeVJ5KU6P-0PTVVXe2DnAcXbk5dNJg2bevvZtKzdozoyfMKjA\/viewform\">La inscripci\u00f3n se realiza mediante el formulario indicado por el Municipio.<\/a><\/p>\n\n\n\n<p><\/p>\n\n\n\n<blockquote class=\"wp-block-quote is-layout-flow wp-block-quote-is-layout-flow\">\n<p>La primera edici\u00f3n del festival se llev\u00f3 a cabo en 2024 y cont\u00f3 con la participaci\u00f3n de decenas de personas. La propuesta incluy\u00f3 disciplinas y pr\u00e1cticas como Yoga Terap\u00e9utico, Tai Chi, Biodanza, Vinyasa Yoga, Movimiento Consciente, Acroyoga, Biodescodificaci\u00f3n, Meditaci\u00f3n, Reiki, Comunicaci\u00f3n no violenta, Chamanismo Andino, Numerolog\u00eda, Pranayamas, Alineaci\u00f3n de Chakras y Respiraci\u00f3n Consciente.<\/p>\n<\/blockquote>\n\n\n\n<p><\/p>\n\n\n\n<p>A partir de la convocatoria y participaci\u00f3n registrada en aquella primera edici\u00f3n, se decidi\u00f3 dar continuidad al festival.<\/p>\n\n\n\n<p><\/p>\n\n\n\n<p>Adem\u00e1s, la jornada contar\u00e1 con un <strong>espacio destinado a las infancias<\/strong>, con el objetivo de que toda la familia pueda participar de la propuesta.<\/p>\n","protected":false},"excerpt":{"rendered":"<p>La tercera edici\u00f3n ser\u00e1 el s\u00e1bado 7 de noviembre en el Parque Helios Eseverri. La convocatoria incluye propuestas para pr\u00e1cticas,<\/p>\n","protected":false},"author":5,"featured_media":187647,"comment_status":"closed","ping_status":"closed","sticky":false,"template":"","format":"standard","meta":{"_jetpack_memberships_contains_paid_content":false,"footnotes":""},"categories":[5,7],"tags":[],"class_list":["post-213689","post","type-post","status-publish","format-standard","has-post-thumbnail","hentry","category-informacion-general","category-central"],"jetpack_featured_media_url":"https:\/\/i0.wp.com\/cdnoticias.com\/wp-content\/uploads\/2025\/11\/festival-holistico.jpg?fit=876%2C525&ssl=1","jetpack_sharing_enabled":true,"_links":{"self":[{"href":"https:\/\/cdnoticias.com\/index.php\/wp-json\/wp\/v2\/posts\/213689","targetHints":{"allow":["GET"]}}],"collection":[{"href":"https:\/\/cdnoticias.com\/index.php\/wp-json\/wp\/v2\/posts"}],"about":[{"href":"https:\/\/cdnoticias.com\/index.php\/wp-json\/wp\/v2\/types\/post"}],"author":[{"embeddable":true,"href":"https:\/\/cdnoticias.com\/index.php\/wp-json\/wp\/v2\/users\/5"}],"replies":[{"embeddable":true,"href":"https:\/\/cdnoticias.com\/index.php\/wp-json\/wp\/v2\/comments?post=213689"}],"version-history":[{"count":1,"href":"https:\/\/cdnoticias.com\/index.php\/wp-json\/wp\/v2\/posts\/213689\/revisions"}],"predecessor-version":[{"id":213690,"href":"https:\/\/cdnoticias.com\/index.php\/wp-json\/wp\/v2\/posts\/213689\/revisions\/213690"}],"wp:featuredmedia":[{"embeddable":true,"href":"https:\/\/cdnoticias.com\/index.php\/wp-json\/wp\/v2\/media\/187647"}],"wp:attachment":[{"href":"https:\/\/cdnoticias.com\/index.php\/wp-json\/wp\/v2\/media?parent=213689"}],"wp:term":[{"taxonomy":"category","embeddable":true,"href":"https:\/\/cdnoticias.com\/index.php\/wp-json\/wp\/v2\/categories?post=213689"},{"taxonomy":"post_tag","embeddable":true,"href":"https:\/\/cdnoticias.com\/index.php\/wp-json\/wp\/v2\/tags?post=213689"}],"curies":[{"name":"wp","href":"https:\/\/api.w.org\/{rel}","templated":true}]}}