{"id":213679,"date":"2026-09-03T16:07:10","date_gmt":"2026-09-03T19:07:10","guid":{"rendered":"https:\/\/cdnoticias.com\/?p=213679"},"modified":"2026-09-03T16:30:49","modified_gmt":"2026-09-03T19:30:49","slug":"buscan-declarar-a-junio-como-el-mes-salamone-en-la-provincia-de-buenos-aires","status":"publish","type":"post","link":"https:\/\/cdnoticias.com\/index.php\/2026\/09\/03\/buscan-declarar-a-junio-como-el-mes-salamone-en-la-provincia-de-buenos-aires\/","title":{"rendered":"Buscan declarar a junio como el &#8220;Mes Salamone&#8221; en la provincia de Buenos Aires"},"content":{"rendered":"<p>La iniciativa fue impulsada desde Azul y llevada al Senado bonaerense por la legisladora In\u00e9s Laurini. El proyecto busca promover y poner en valor la obra del c\u00e9lebre ingeniero, cuyo patrimonio se extiende por decenas de localidades y de quien en 2027 se cumplir\u00e1n 130 a\u00f1os de su nacimiento<\/p>\n\n\n<hr class=\"wp-block-separator has-alpha-channel-opacity\"\/>\n\n\n\n<!--more-->\n\n\n\n<p>La<strong> senadora provincial<\/strong>\u00a0<strong>In\u00e9s Laurini<\/strong>\u00a0(Fuerza Patria) present\u00f3 en la <strong>C\u00e1mara alta de la Legislatura bonaerense<\/strong> un proyecto de ley para\u00a0<strong>instituir el mes de junio de cada a\u00f1o como \u201cMes Salamone\u201d<\/strong>, una propuesta que tuvo su origen en un trabajo elaborado por el\u00a0<strong>Centro de Interpretaci\u00f3n Francisco Salamone<\/strong>\u00a0de\u00a0<strong>Azul<\/strong>, dirigido por\u00a0<strong>Karina Ruiz<\/strong>.<\/p>\n\n\n\n<p><\/p>\n\n\n\n<p id=\"p-1788367516151-90443\">La iniciativa fue acercada a la legisladora por el equipo del Centro de Interpretaci\u00f3n, que desarroll\u00f3 las <strong>bases t\u00e9cnicas<\/strong> y los<strong> fundamentos<\/strong> del proyecto con el objetivo de consolidar\u00a0<strong>una pol\u00edtica p\u00fablica destinada a promover el conocimiento, la difusi\u00f3n y la puesta en valor<\/strong>\u00a0del legado del<strong> ingeniero arquitecto Francisco Salamone<\/strong> en todo el territorio bonaerense. <\/p>\n\n\n\n<p><\/p>\n\n\n\n<p id=\"p-1788367516151-90443\">La noticia del proyecto se conoci\u00f3 luego de una reuni\u00f3n que mantuvieron sus autoras en Azul, junto al secretario de Gobierno municipal,\u00a0<strong>Xavier Cabrera Cisneros<\/strong>; el director de Monumentos y Sitios Hist\u00f3ricos del Instituto Cultural de la Provincia de Buenos Aires,\u00a0<strong>Fabi\u00e1n Brito<\/strong>; el secretario de Educaci\u00f3n, Cultura y Juventud,\u00a0<strong>Juan Jos\u00e9 Zurro<\/strong>, y la concejal\u00a0<strong>Laura Barbalarga<\/strong>.<\/p>\n\n\n\n<p><\/p>\n\n\n\n<figure class=\"wp-block-image size-full\"><img data-recalc-dims=\"1\" loading=\"lazy\" decoding=\"async\" width=\"800\" height=\"534\" src=\"https:\/\/i0.wp.com\/cdnoticias.com\/wp-content\/uploads\/2026\/09\/salamone-azul.jpg?resize=800%2C534&#038;ssl=1\" alt=\"\" class=\"wp-image-213680\" srcset=\"https:\/\/i0.wp.com\/cdnoticias.com\/wp-content\/uploads\/2026\/09\/salamone-azul.jpg?w=1000&amp;ssl=1 1000w, https:\/\/i0.wp.com\/cdnoticias.com\/wp-content\/uploads\/2026\/09\/salamone-azul.jpg?resize=300%2C200&amp;ssl=1 300w, https:\/\/i0.wp.com\/cdnoticias.com\/wp-content\/uploads\/2026\/09\/salamone-azul.jpg?resize=768%2C513&amp;ssl=1 768w, https:\/\/i0.wp.com\/cdnoticias.com\/wp-content\/uploads\/2026\/09\/salamone-azul.jpg?resize=272%2C182&amp;ssl=1 272w\" sizes=\"auto, (max-width: 800px) 100vw, 800px\" \/><\/figure>\n\n\n\n<p><\/p>\n\n\n\n<h2 class=\"wp-block-heading\" id=\"p-1788367516151-55427\">Actividades culturales, patrimoniales y tur\u00edsticas<\/h2>\n\n\n\n<p><\/p>\n\n\n\n<p id=\"p-1788367516151-38637\">Salamone naci\u00f3 en\u00a0<strong>Leonforte<\/strong>,\u00a0<strong>Italia<\/strong>, el\u00a0<strong>5 de junio de 1897<\/strong>. El proyecto propone que <strong>durante todo ese mes<\/strong>, la Provincia impulse\u00a0<strong>actividades culturales, patrimoniales y tur\u00edsticas vinculadas a su obra<\/strong>, promoviendo adem\u00e1s la <strong>articulaci\u00f3n entre los municipios<\/strong> que conservan construcciones del reconocido ingeniero y los Centros de Interpretaci\u00f3n dedicados a preservar y difundir su legado.<\/p>\n\n\n\n<p><\/p>\n\n\n\n<p id=\"p-1788367516151-22212\">Entre otros aspectos, la iniciativa establece que el&nbsp;<strong>Instituto Cultural de la Provincia de Buenos Aires<\/strong>&nbsp;sea la autoridad de aplicaci\u00f3n, para coordinar acciones junto a los organismos de turismo y acompa\u00f1ar t\u00e9cnicamente las propuestas impulsadas por los municipios e instituciones vinculadas al patrimonio salam\u00f3nico.<\/p>\n\n\n\n<p><\/p>\n\n\n\n<h2 class=\"wp-block-heading\" id=\"p-1788367516151-35660\">Fundamentos<\/h2>\n\n\n\n<p id=\"p-1788367516151-86497\"><\/p>\n\n\n\n<blockquote class=\"wp-block-quote is-layout-flow wp-block-quote-is-layout-flow\">\n<p>En los fundamentos del proyecto se destaca que \u201cla obra de Francisco Salamone ya cuenta con reconocimiento patrimonial a nivel provincial y nacional, pero que\u00a0resulta necesario avanzar en una instancia de mayor difusi\u00f3n e interpretaci\u00f3n de ese legado como patrimonio vivo, fortaleciendo la identidad de las comunidades bonaerenses y potenciando su valor como recurso cultural y tur\u00edstico\u201d.<\/p>\n<\/blockquote>\n\n\n\n<p><\/p>\n\n\n\n<figure class=\"wp-block-image size-full\"><img data-recalc-dims=\"1\" loading=\"lazy\" decoding=\"async\" width=\"800\" height=\"600\" src=\"https:\/\/i0.wp.com\/cdnoticias.com\/wp-content\/uploads\/2026\/09\/salamone-carhue.jpg?resize=800%2C600&#038;ssl=1\" alt=\"\" class=\"wp-image-213681\" srcset=\"https:\/\/i0.wp.com\/cdnoticias.com\/wp-content\/uploads\/2026\/09\/salamone-carhue.jpg?w=1000&amp;ssl=1 1000w, https:\/\/i0.wp.com\/cdnoticias.com\/wp-content\/uploads\/2026\/09\/salamone-carhue.jpg?resize=300%2C225&amp;ssl=1 300w, https:\/\/i0.wp.com\/cdnoticias.com\/wp-content\/uploads\/2026\/09\/salamone-carhue.jpg?resize=768%2C576&amp;ssl=1 768w\" sizes=\"auto, (max-width: 800px) 100vw, 800px\" \/><\/figure>\n\n\n\n<p><\/p>\n\n\n\n<p id=\"p-1788367516151-43995\">Asimismo, se remarca que la propuesta \u201csurge del trabajo desarrollado durante 2026 por el Centro de Interpretaci\u00f3n Francisco Salamone de Azul y cobra especial relevancia de cara al&nbsp;<strong>130\u00b0 aniversario del nacimiento del arquitecto, que se conmemorar\u00e1 en 2027<\/strong>\u201d.<\/p>\n\n\n\n<p><\/p>\n\n\n\n<p id=\"p-1788367516151-823\">Este proyecto busca\u00a0<strong>institucionalizar una fecha anual<\/strong>\u00a0que permita coordinar actividades en los distintos municipios donde se conservan obras de Salamone y promover as\u00ed circuitos tur\u00edsticos, el intercambio entre localidades y una<strong> mayor valorizaci\u00f3n de uno de los patrimonios arquitect\u00f3nicos m\u00e1s emblem\u00e1ticos<\/strong> de la provincia de Buenos Aires.<\/p>\n\n\n\n<p><\/p>\n\n\n\n<h2 class=\"wp-block-heading\" id=\"p-1788367516151-97578\">Circuito integrado<\/h2>\n\n\n\n<p><\/p>\n\n\n\n<p id=\"p-1788367596791-18389\">La iniciativa forma parte de un movimiento bastante m\u00e1s amplio para convertir el patrimonio de Salamone en un circuito cultural y tur\u00edstico bonaerense integrado. De hecho, desde hace una d\u00e9cada se realiza <strong>en junio un\u00a0Encuentro Salam\u00f3nico\u00a0anual<\/strong>, una reuni\u00f3n de expertos y fan\u00e1ticos del ingeniero que naci\u00f3 en\u00a0<strong>Balcarce<\/strong>\u00a0y que se extendi\u00f3 a otros municipios. <\/p>\n\n\n\n<p><\/p>\n\n\n\n<p id=\"p-1788367596791-18389\">All\u00ed entra tambi\u00e9n, por ejemplo, el\u00a0<strong>Pasaporte Salam\u00f3nico Bonaerense<\/strong>, surgido del trabajo conjunto de los <strong>Centros de Interpretaci\u00f3n de Azul, Laprida y Saldungaray<\/strong>. El proyecto invita a recorrer 34 localidades de 17 municipios en las que se conservan obras de Salamone y\u00a0<strong>prev\u00e9 puestos donde el visitante puede sellar el \u201cpasaporte\u201d a medida que completa el recorrido<\/strong>. <\/p>\n\n\n\n<p><\/p>\n\n\n\n<p id=\"p-1788367596791-18389\">El Concejo Deliberante de Azul lo declar\u00f3 de inter\u00e9s cultural, tur\u00edstico y comunitario en abril de 2025.<\/p>\n\n\n\n<p><\/p>\n\n\n\n<p>Fuente: <em>Agencia DIB<\/em><\/p>\n","protected":false},"excerpt":{"rendered":"<p>La iniciativa fue impulsada desde Azul y llevada al Senado bonaerense por la legisladora In\u00e9s Laurini. El proyecto busca promover<\/p>\n","protected":false},"author":4,"featured_media":213682,"comment_status":"closed","ping_status":"closed","sticky":false,"template":"","format":"standard","meta":{"_jetpack_memberships_contains_paid_content":false,"footnotes":""},"categories":[6,1],"tags":[],"class_list":["post-213679","post","type-post","status-publish","format-standard","has-post-thumbnail","hentry","category-nacionales","category-portada"],"jetpack_featured_media_url":"https:\/\/i0.wp.com\/cdnoticias.com\/wp-content\/uploads\/2026\/09\/salamone-saldungaray.jpg?fit=1000%2C562&ssl=1","jetpack_sharing_enabled":true,"_links":{"self":[{"href":"https:\/\/cdnoticias.com\/index.php\/wp-json\/wp\/v2\/posts\/213679","targetHints":{"allow":["GET"]}}],"collection":[{"href":"https:\/\/cdnoticias.com\/index.php\/wp-json\/wp\/v2\/posts"}],"about":[{"href":"https:\/\/cdnoticias.com\/index.php\/wp-json\/wp\/v2\/types\/post"}],"author":[{"embeddable":true,"href":"https:\/\/cdnoticias.com\/index.php\/wp-json\/wp\/v2\/users\/4"}],"replies":[{"embeddable":true,"href":"https:\/\/cdnoticias.com\/index.php\/wp-json\/wp\/v2\/comments?post=213679"}],"version-history":[{"count":1,"href":"https:\/\/cdnoticias.com\/index.php\/wp-json\/wp\/v2\/posts\/213679\/revisions"}],"predecessor-version":[{"id":213683,"href":"https:\/\/cdnoticias.com\/index.php\/wp-json\/wp\/v2\/posts\/213679\/revisions\/213683"}],"wp:featuredmedia":[{"embeddable":true,"href":"https:\/\/cdnoticias.com\/index.php\/wp-json\/wp\/v2\/media\/213682"}],"wp:attachment":[{"href":"https:\/\/cdnoticias.com\/index.php\/wp-json\/wp\/v2\/media?parent=213679"}],"wp:term":[{"taxonomy":"category","embeddable":true,"href":"https:\/\/cdnoticias.com\/index.php\/wp-json\/wp\/v2\/categories?post=213679"},{"taxonomy":"post_tag","embeddable":true,"href":"https:\/\/cdnoticias.com\/index.php\/wp-json\/wp\/v2\/tags?post=213679"}],"curies":[{"name":"wp","href":"https:\/\/api.w.org\/{rel}","templated":true}]}}