{"id":213671,"date":"2026-09-03T10:31:32","date_gmt":"2026-09-03T13:31:32","guid":{"rendered":"https:\/\/cdnoticias.com\/?p=213671"},"modified":"2026-09-03T10:33:25","modified_gmt":"2026-09-03T13:33:25","slug":"kicillof-acuso-al-gobierno-nacional-de-aplicar-un-plan-sistematico-de-desindustrializacion","status":"publish","type":"post","link":"https:\/\/cdnoticias.com\/index.php\/2026\/09\/03\/kicillof-acuso-al-gobierno-nacional-de-aplicar-un-plan-sistematico-de-desindustrializacion\/","title":{"rendered":"Kicillof acus\u00f3 al Gobierno nacional de \u201caplicar un plan sistem\u00e1tico de desindustrializaci\u00f3n\u201d"},"content":{"rendered":"<p>Fue en el acto del D\u00eda de la Industria organizado por la Uni\u00f3n Industrial bonaerense en Mor\u00f3n. Debate entre los empresarios acerca de la crisis del sector: impuestos, competencia y consumo.<\/p>\n\n\n<hr class=\"wp-block-separator has-alpha-channel-opacity\"\/>\n\n\n\n<!--more-->\n\n\n\n<p>La <strong>provincia de Buenos Aires<\/strong> tuvo su propia versi\u00f3n del <strong>d\u00eda de la industria<\/strong>: con el <strong>gobernador Axel Kicillof <\/strong>como <strong>invitado el acto de la Uni\u00f3n Industrial bonaerense (UIPBA)<\/strong>, que se realiz\u00f3 en Mor\u00f3n, incluy\u00f3 una particularidad: <strong>un debate entre los empresarios<\/strong> sobre las causas de la situaci\u00f3n de un sector que todos describieron como atravesado por la <strong>crisis<\/strong>.<\/p>\n\n\n\n<p><\/p>\n\n\n\n<p>La invitaci\u00f3n de la UIPBA a Kicillof contrast\u00f3 con la decisi\u00f3n de <strong>la UIA, la entidad nacional, que realiz\u00f3 su acto en territorio bonaerense<\/strong> -una planta de Laboratorios Elea, en Los Polvorines, Malvinas Argentinas- <strong>sin invitar al Gobernador<\/strong>. Ese acto, de todos modos, termin\u00f3 vaciado por Milei: no se presentaron funcionarios de primera l\u00ednea del gobierno nacional.<\/p>\n\n\n\n<p><\/p>\n\n\n\n<figure class=\"wp-block-image size-full\"><img data-recalc-dims=\"1\" loading=\"lazy\" decoding=\"async\" width=\"800\" height=\"445\" src=\"https:\/\/i0.wp.com\/cdnoticias.com\/wp-content\/uploads\/2026\/09\/dia-de-la-industria-axel-kicillof-02.jpg?resize=800%2C445&#038;ssl=1\" alt=\"\" class=\"wp-image-213674\" srcset=\"https:\/\/i0.wp.com\/cdnoticias.com\/wp-content\/uploads\/2026\/09\/dia-de-la-industria-axel-kicillof-02.jpg?w=1000&amp;ssl=1 1000w, https:\/\/i0.wp.com\/cdnoticias.com\/wp-content\/uploads\/2026\/09\/dia-de-la-industria-axel-kicillof-02.jpg?resize=300%2C167&amp;ssl=1 300w, https:\/\/i0.wp.com\/cdnoticias.com\/wp-content\/uploads\/2026\/09\/dia-de-la-industria-axel-kicillof-02.jpg?resize=768%2C427&amp;ssl=1 768w, https:\/\/i0.wp.com\/cdnoticias.com\/wp-content\/uploads\/2026\/09\/dia-de-la-industria-axel-kicillof-02.jpg?resize=800%2C445&amp;ssl=1 800w\" sizes=\"auto, (max-width: 800px) 100vw, 800px\" \/><\/figure>\n\n\n\n<p><\/p>\n\n\n\n<p>En ese contexto, Kicillof hizo un discurso de fuerte cr\u00edtica a la pol\u00edtica de Milei y Luis Caputo hacia el sector. <\/p>\n\n\n\n<p><\/p>\n\n\n\n<blockquote class=\"wp-block-quote is-layout-flow wp-block-quote-is-layout-flow\">\n<p>\u201cLo que estamos presenciando en la Argentina no es producto del azar ni de una mala coyuntura: hay una decisi\u00f3n pol\u00edtica del Gobierno nacional de aplicar un plan sistem\u00e1tico de desindustrializaci\u00f3n. Es una pol\u00edtica criminal que apunta contra nuestra historia, nuestra soberan\u00eda y el futuro del pa\u00eds\u201d dijo.<\/p>\n<\/blockquote>\n\n\n\n<p><\/p>\n\n\n\n<figure class=\"wp-block-embed is-type-rich is-provider-x wp-block-embed-x\"><div class=\"wp-block-embed__wrapper\">\n<div class=\"embed-x\"><blockquote class=\"twitter-tweet\" data-width=\"550\" data-dnt=\"true\"><p lang=\"es\" dir=\"ltr\">Vivimos una etapa de quiebre del entramado industrial que se profundiza mes a mes. No es casualidad, es el resultado de un modelo que pone en riesgo la producci\u00f3n, el trabajo y el desarrollo de nuestro pa\u00eds.<br><br>Se puede revertir, pero necesitamos volver a poner a la Argentina y a\u2026 <a href=\"https:\/\/t.co\/1ybQC3vlcV\">pic.twitter.com\/1ybQC3vlcV<\/a><\/p>&mdash; Axel Kicillof (@Kicillofok) <a href=\"https:\/\/x.com\/Kicillofok\/status\/2095329749686014349?ref_src=twsrc%5Etfw\">September 3, 2026<\/a><\/blockquote><script async src=\"https:\/\/platform.x.com\/widgets.js\" charset=\"utf-8\"><\/script><\/div>\n<\/div><\/figure>\n\n\n\n<p><\/p>\n\n\n\n<p><a href=\"https:\/\/www.youtube.com\/live\/dn50kcLVn4E\" target=\"_blank\" rel=\"noreferrer noopener\">El armado del acto dispuso una mesa<\/a> en la que todos los protagonistas pod\u00edan mirarse a la cara. Se favoreci\u00f3 as\u00ed un <strong>intercambio, de buen tono, entre los empresarios sobre la crisis<\/strong>: unos sostuvieron que el <strong>impacto de los impuestos <\/strong>es determinante -y le pidieron a Kicillof reformar Ingresos Brutos aunque sin desfinanciar el Estado- y otros apuntaron a la <strong>ca\u00edda de las ventas y la apertura de las importaciones <\/strong>como dos cuestiones cr\u00edticas del sector.<\/p>\n\n\n\n<p><\/p>\n\n\n\n<p><strong>Alejandro Gentile, de la Uni\u00f3n Industrial de la Provincia de Buenos Aires (UIPBA) y del grupo Techint<\/strong>, aprovech\u00f3 el encuentro para defender la propuesta que la entidad impulsa para modificar el esquema tributario.<strong> \u201cNos animamos a una discusi\u00f3n dif\u00edcil que es Ingresos Brutos<\/strong>, pero sin generar ning\u00fan tipo de afecci\u00f3n a la caja de la Provincia. No estamos buscando eso. <strong>Quiero que a la Provincia le vaya bien\u201d<\/strong>, aclar\u00f3.<\/p>\n\n\n\n<p><\/p>\n\n\n\n<p><strong>Santiago Quetglas, directivo de la C\u00e1mara de la Industria del Calzado<\/strong>, puso el foco en la ca\u00edda del consumo y el contrabando. Seg\u00fan explic\u00f3, desde 2023 <strong>se perdieron m\u00e1s de 200 empresas <\/strong>del sector y las industrias enfrentan una fuerte <strong>desigualdad para competir con las importaciones<\/strong>. \u201cOjal\u00e1 pudi\u00e9ramos con un impuesto solucionar la situaci\u00f3n de la industria\u201d, sostuvo Quetglas, aunque advirti\u00f3 que <em>el problema excede la discusi\u00f3n tributaria<\/em>.<\/p>\n\n\n\n<p><\/p>\n\n\n\n<figure class=\"wp-block-embed is-type-rich is-provider-x wp-block-embed-x\"><div class=\"wp-block-embed__wrapper\">\n<div class=\"embed-x\"><blockquote class=\"twitter-tweet\" data-width=\"550\" data-dnt=\"true\"><p lang=\"es\" dir=\"ltr\">La Argentina est\u00e1 viviendo las consecuencias de un plan sistem\u00e1tico de desindustrializaci\u00f3n por un Gobierno nacional que quiere cambiar de ra\u00edz la matriz productiva y construir un pa\u00eds primarizado.<br><br>No hay que confundirse, el problema no es la industria, los trabajadores ni las\u2026 <a href=\"https:\/\/t.co\/CTclWXTcqf\">pic.twitter.com\/CTclWXTcqf<\/a><\/p>&mdash; Axel Kicillof (@Kicillofok) <a href=\"https:\/\/x.com\/Kicillofok\/status\/2095287489565020389?ref_src=twsrc%5Etfw\">September 2, 2026<\/a><\/blockquote><script async src=\"https:\/\/platform.x.com\/widgets.js\" charset=\"utf-8\"><\/script><\/div>\n<\/div><\/figure>\n\n\n\n<p><\/p>\n\n\n\n<p>La intervenci\u00f3n de <strong>Nilda Brovira presidenta de CGERA<\/strong> (Confederaci\u00f3n General Empresaria de la Rep\u00fablica Argentina) fue todav\u00eda m\u00e1s directa. La empresaria cuestion\u00f3 que la conversaci\u00f3n sobre las PyMEs se concentre en reformas impositivas cuando, seg\u00fan su diagn\u00f3stico, <strong>el principal problema es la falta de mercado<\/strong>. <em>\u201cSe habl\u00f3 mucho de las Pymes, escucho mucho hablar pero me gustar\u00eda saber si de todos los que hablan algunos han pisado alguna Pyme?\u201d<\/em> lanz\u00f3.<\/p>\n\n\n\n<p><\/p>\n\n\n\n<p>Y <strong>cuestion\u00f3 el proyecto de la UIPBA \u201c\u00bfEs el momento cuando no hay mercado?\u201d<\/strong>, plante\u00f3. Y agreg\u00f3: \u201cPagar\u00eda con gusto si hay mercado, si me pusieran un d\u00f3lar que valga la pena exportar, que no me pisen con el tema que tenemos que controlar la inflaci\u00f3n\u201d dijo Brovira. Tambi\u00e9n<strong> reclam\u00f3 una pol\u00edtica espec\u00edfica contra el contrabando y las importaciones<\/strong> y propuso analizar la <strong>creaci\u00f3n de una fiscal\u00eda provincial <\/strong>para combatir esas pr\u00e1cticas: \u201c\u00bfEs importante la industria a nivel nacional cuando est\u00e1 lleno de importaciones, de contrabando? Por qu\u00e9 no hacemos una fiscal\u00eda, quiz\u00e1s provincial utilizando los impuestos de la provincia utilizando los impuestos\u201d propuso.<\/p>\n\n\n\n<p><\/p>\n\n\n\n<blockquote class=\"wp-block-quote is-layout-flow wp-block-quote-is-layout-flow\">\n<p>El debate ocurri\u00f3 en medio de una fuerte ca\u00edda del entramado productivo bonaerense. Seg\u00fan los datos presentados durante la jornada por el ministro de Producci\u00f3n, Augusto Costa, en tres a\u00f1os la industria cay\u00f3 casi 12%, mientras que la construcci\u00f3n retrocedi\u00f3 24% y el comercio 10%. Adem\u00e1s, entre noviembre de 2023 y mayo de 2026 cerraron 8.181 empresas en la Provincia, de las cuales unas 1.600 fueron unidades productivas industriales.<\/p>\n<\/blockquote>\n\n\n\n<p><\/p>\n\n\n\n<p>Fuente: <em>Agencia DIB<\/em><\/p>\n\n\n\n<p><\/p>\n\n\n\n<figure class=\"wp-block-image size-full\"><img data-recalc-dims=\"1\" loading=\"lazy\" decoding=\"async\" width=\"800\" height=\"445\" src=\"https:\/\/i0.wp.com\/cdnoticias.com\/wp-content\/uploads\/2026\/09\/dia-de-la-industria-axel-kicillof-00.jpg?resize=800%2C445&#038;ssl=1\" alt=\"\" class=\"wp-image-213675\" srcset=\"https:\/\/i0.wp.com\/cdnoticias.com\/wp-content\/uploads\/2026\/09\/dia-de-la-industria-axel-kicillof-00.jpg?w=1000&amp;ssl=1 1000w, https:\/\/i0.wp.com\/cdnoticias.com\/wp-content\/uploads\/2026\/09\/dia-de-la-industria-axel-kicillof-00.jpg?resize=300%2C167&amp;ssl=1 300w, https:\/\/i0.wp.com\/cdnoticias.com\/wp-content\/uploads\/2026\/09\/dia-de-la-industria-axel-kicillof-00.jpg?resize=768%2C427&amp;ssl=1 768w, https:\/\/i0.wp.com\/cdnoticias.com\/wp-content\/uploads\/2026\/09\/dia-de-la-industria-axel-kicillof-00.jpg?resize=800%2C445&amp;ssl=1 800w\" sizes=\"auto, (max-width: 800px) 100vw, 800px\" \/><\/figure>\n\n\n\n<p><\/p>\n\n\n\n<figure class=\"wp-block-embed is-type-wp-embed is-provider-central-de-noticias-olavarr-a wp-block-embed-central-de-noticias-olavarr-a\"><div class=\"wp-block-embed__wrapper\">\n<blockquote class=\"wp-embedded-content\" data-secret=\"KVFmQ7ik5X\"><a href=\"https:\/\/cdnoticias.com\/index.php\/2026\/09\/02\/el-municipio-destaco-el-entramado-industrial-de-olavarria-y-advirtio-por-la-caida-de-la-actividad\/\">El Municipio destac\u00f3 el entramado industrial de Olavarr\u00eda y advirti\u00f3 por la ca\u00edda de la actividad<\/a><\/blockquote><iframe loading=\"lazy\" class=\"wp-embedded-content\" sandbox=\"allow-scripts\" security=\"restricted\" style=\"position: absolute; visibility: hidden;\" title=\"&#8220;El Municipio destac\u00f3 el entramado industrial de Olavarr\u00eda y advirti\u00f3 por la ca\u00edda de la actividad&#8221; &#8212; Central de Noticias | Olavarr\u00eda\" src=\"https:\/\/cdnoticias.com\/index.php\/2026\/09\/02\/el-municipio-destaco-el-entramado-industrial-de-olavarria-y-advirtio-por-la-caida-de-la-actividad\/embed\/#?secret=5uL5LCMH8v#?secret=KVFmQ7ik5X\" data-secret=\"KVFmQ7ik5X\" width=\"600\" height=\"338\" frameborder=\"0\" marginwidth=\"0\" marginheight=\"0\" scrolling=\"no\"><\/iframe>\n<\/div><\/figure>\n\n\n\n<p><\/p>\n\n\n\n<figure class=\"wp-block-embed is-type-wp-embed is-provider-central-de-noticias-olavarr-a wp-block-embed-central-de-noticias-olavarr-a\"><div class=\"wp-block-embed__wrapper\">\n<blockquote class=\"wp-embedded-content\" data-secret=\"kOfV4Nonjn\"><a href=\"https:\/\/cdnoticias.com\/index.php\/2026\/09\/02\/la-uia-reclamo-reducir-costos-y-ampliar-los-beneficios-durante-el-dia-de-la-industria\/\">La UIA reclam\u00f3 reducir costos y ampliar los beneficios durante el D\u00eda de la Industria<\/a><\/blockquote><iframe loading=\"lazy\" class=\"wp-embedded-content\" sandbox=\"allow-scripts\" security=\"restricted\" style=\"position: absolute; visibility: hidden;\" title=\"&#8220;La UIA reclam\u00f3 reducir costos y ampliar los beneficios durante el D\u00eda de la Industria&#8221; &#8212; Central de Noticias | Olavarr\u00eda\" src=\"https:\/\/cdnoticias.com\/index.php\/2026\/09\/02\/la-uia-reclamo-reducir-costos-y-ampliar-los-beneficios-durante-el-dia-de-la-industria\/embed\/#?secret=aqQcsFKBRA#?secret=kOfV4Nonjn\" data-secret=\"kOfV4Nonjn\" width=\"600\" height=\"338\" frameborder=\"0\" marginwidth=\"0\" marginheight=\"0\" scrolling=\"no\"><\/iframe>\n<\/div><\/figure>\n","protected":false},"excerpt":{"rendered":"<p>Fue en el acto del D\u00eda de la Industria organizado por la Uni\u00f3n Industrial bonaerense en Mor\u00f3n. Debate entre los<\/p>\n","protected":false},"author":4,"featured_media":213676,"comment_status":"closed","ping_status":"closed","sticky":false,"template":"","format":"standard","meta":{"_jetpack_memberships_contains_paid_content":false,"footnotes":""},"categories":[6,1],"tags":[],"class_list":["post-213671","post","type-post","status-publish","format-standard","has-post-thumbnail","hentry","category-nacionales","category-portada"],"jetpack_featured_media_url":"https:\/\/i0.wp.com\/cdnoticias.com\/wp-content\/uploads\/2026\/09\/dia-de-la-industria-axel-kicillof-01.jpg?fit=1000%2C556&ssl=1","jetpack_sharing_enabled":true,"_links":{"self":[{"href":"https:\/\/cdnoticias.com\/index.php\/wp-json\/wp\/v2\/posts\/213671","targetHints":{"allow":["GET"]}}],"collection":[{"href":"https:\/\/cdnoticias.com\/index.php\/wp-json\/wp\/v2\/posts"}],"about":[{"href":"https:\/\/cdnoticias.com\/index.php\/wp-json\/wp\/v2\/types\/post"}],"author":[{"embeddable":true,"href":"https:\/\/cdnoticias.com\/index.php\/wp-json\/wp\/v2\/users\/4"}],"replies":[{"embeddable":true,"href":"https:\/\/cdnoticias.com\/index.php\/wp-json\/wp\/v2\/comments?post=213671"}],"version-history":[{"count":2,"href":"https:\/\/cdnoticias.com\/index.php\/wp-json\/wp\/v2\/posts\/213671\/revisions"}],"predecessor-version":[{"id":213678,"href":"https:\/\/cdnoticias.com\/index.php\/wp-json\/wp\/v2\/posts\/213671\/revisions\/213678"}],"wp:featuredmedia":[{"embeddable":true,"href":"https:\/\/cdnoticias.com\/index.php\/wp-json\/wp\/v2\/media\/213676"}],"wp:attachment":[{"href":"https:\/\/cdnoticias.com\/index.php\/wp-json\/wp\/v2\/media?parent=213671"}],"wp:term":[{"taxonomy":"category","embeddable":true,"href":"https:\/\/cdnoticias.com\/index.php\/wp-json\/wp\/v2\/categories?post=213671"},{"taxonomy":"post_tag","embeddable":true,"href":"https:\/\/cdnoticias.com\/index.php\/wp-json\/wp\/v2\/tags?post=213671"}],"curies":[{"name":"wp","href":"https:\/\/api.w.org\/{rel}","templated":true}]}}