{"id":213670,"date":"2026-09-03T10:12:32","date_gmt":"2026-09-03T13:12:32","guid":{"rendered":"https:\/\/cdnoticias.com\/?p=213670"},"modified":"2026-09-03T10:12:33","modified_gmt":"2026-09-03T13:12:33","slug":"corte-de-transito-en-avenida-pellegrini-por-obras-de-ampliacion-de-la-red-cloacal","status":"publish","type":"post","link":"https:\/\/cdnoticias.com\/index.php\/2026\/09\/03\/corte-de-transito-en-avenida-pellegrini-por-obras-de-ampliacion-de-la-red-cloacal\/","title":{"rendered":"Corte de tr\u00e1nsito en avenida Pellegrini por obras de ampliaci\u00f3n de la red cloacal"},"content":{"rendered":"\n<p>La interrupci\u00f3n se mantiene desde este jueves entre Rend\u00f3n y avenida Avellaneda. El corte afecta \u00fanicamente la acera par.<\/p>\n\n\n\n<hr class=\"wp-block-separator has-alpha-channel-opacity\"\/>\n\n\n\n<p>El Municipio de Olavarr\u00eda, a trav\u00e9s de la Secretar\u00eda de Obras, Infraestructura y Servicios P\u00fablicos, inform\u00f3 que desde este jueves 3 de septiembre se encuentra interrumpido el tr\u00e1nsito en <strong>avenida Pellegrini, entre Rend\u00f3n y avenida Avellaneda.<\/strong><\/p>\n\n\n\n<p><\/p>\n\n\n\n<p>La medida se debe a la continuidad de los<strong> trabajos de ampliaci\u00f3n de la red cloacal <\/strong>que se desarrollan en ese sector.<\/p>\n\n\n\n<p><\/p>\n\n\n\n<p>Seg\u00fan se indic\u00f3, el corte <strong>afecta \u00fanicamente la acera par. <\/strong>Desde el Municipio solicitaron a los vecinos y vecinas circular con precauci\u00f3n y respetar la se\u00f1alizaci\u00f3n correspondiente.<\/p>\n\n\n\n<p><\/p>\n","protected":false},"excerpt":{"rendered":"<p>La interrupci\u00f3n se mantiene desde este jueves entre Rend\u00f3n y avenida Avellaneda. El corte afecta \u00fanicamente la acera par. El<\/p>\n","protected":false},"author":5,"featured_media":213672,"comment_status":"closed","ping_status":"closed","sticky":false,"template":"","format":"standard","meta":{"_jetpack_memberships_contains_paid_content":false,"footnotes":""},"categories":[5,1],"tags":[],"class_list":["post-213670","post","type-post","status-publish","format-standard","has-post-thumbnail","hentry","category-informacion-general","category-portada"],"jetpack_featured_media_url":"https:\/\/i0.wp.com\/cdnoticias.com\/wp-content\/uploads\/2026\/09\/interrupcion-transito-pellegrini.png?fit=800%2C445&ssl=1","jetpack_sharing_enabled":true,"_links":{"self":[{"href":"https:\/\/cdnoticias.com\/index.php\/wp-json\/wp\/v2\/posts\/213670","targetHints":{"allow":["GET"]}}],"collection":[{"href":"https:\/\/cdnoticias.com\/index.php\/wp-json\/wp\/v2\/posts"}],"about":[{"href":"https:\/\/cdnoticias.com\/index.php\/wp-json\/wp\/v2\/types\/post"}],"author":[{"embeddable":true,"href":"https:\/\/cdnoticias.com\/index.php\/wp-json\/wp\/v2\/users\/5"}],"replies":[{"embeddable":true,"href":"https:\/\/cdnoticias.com\/index.php\/wp-json\/wp\/v2\/comments?post=213670"}],"version-history":[{"count":1,"href":"https:\/\/cdnoticias.com\/index.php\/wp-json\/wp\/v2\/posts\/213670\/revisions"}],"predecessor-version":[{"id":213673,"href":"https:\/\/cdnoticias.com\/index.php\/wp-json\/wp\/v2\/posts\/213670\/revisions\/213673"}],"wp:featuredmedia":[{"embeddable":true,"href":"https:\/\/cdnoticias.com\/index.php\/wp-json\/wp\/v2\/media\/213672"}],"wp:attachment":[{"href":"https:\/\/cdnoticias.com\/index.php\/wp-json\/wp\/v2\/media?parent=213670"}],"wp:term":[{"taxonomy":"category","embeddable":true,"href":"https:\/\/cdnoticias.com\/index.php\/wp-json\/wp\/v2\/categories?post=213670"},{"taxonomy":"post_tag","embeddable":true,"href":"https:\/\/cdnoticias.com\/index.php\/wp-json\/wp\/v2\/tags?post=213670"}],"curies":[{"name":"wp","href":"https:\/\/api.w.org\/{rel}","templated":true}]}}