{"id":213661,"date":"2026-09-02T20:43:44","date_gmt":"2026-09-02T23:43:44","guid":{"rendered":"https:\/\/cdnoticias.com\/?p=213661"},"modified":"2026-09-02T20:43:46","modified_gmt":"2026-09-02T23:43:46","slug":"dos-jovenes-imputados-por-un-robo-en-una-vivienda","status":"publish","type":"post","link":"https:\/\/cdnoticias.com\/index.php\/2026\/09\/02\/dos-jovenes-imputados-por-un-robo-en-una-vivienda\/","title":{"rendered":"Dos j\u00f3venes imputados por un robo en una vivienda"},"content":{"rendered":"\n<p>Fue en la zona de Pourtal\u00e9 al 1600, y hab\u00edan hurtado un televisor de 32 pulgadas y una estufa el\u00e9ctrica. La investigaci\u00f3n y un allanamiento permitieron esclarecer el caso.<\/p>\n\n\n\n<hr class=\"wp-block-separator aligncenter has-alpha-channel-opacity\"\/>\n\n\n\n<p><strong>Un hombre y una mujer, ambos de 18 a\u00f1os<\/strong>, fueron <strong>imputados<\/strong> luego de que se esclareciera el <strong>hurto de un televisor y una estufa el\u00e9ctrica ocurrido en una vivienda de Olavarr\u00eda.<\/strong><\/p>\n\n\n\n<p>El hecho fue denunciado este mi\u00e9rcoles, cuando alrededor de las 8:30 se constat\u00f3 que autores ignorados hab\u00edan<strong> ingresado a un domicilio ubicado en la zona de Pourtale al 1600 y sustra\u00eddo un televisor de 32 pulgadas y una estufa el\u00e9ctrica.<\/strong><\/p>\n\n\n\n<p>A partir de las labores de campo y los testimonios recepcionados, personal del Gabinete T\u00e9cnico Operativo de la Comisar\u00eda Primera estableci\u00f3 la presunta autor\u00eda del hecho por parte de un hombre y una mujer, ambos de 18 a\u00f1os.<\/p>\n\n\n\n<p>Ante esta situaci\u00f3n, <strong>se realiz\u00f3 un allanamiento con anuencia del morador en un domicilio ubicado en la zona de Las Heras al 1500. <\/strong>El procedimiento arroj\u00f3 resultado positivo y permiti\u00f3 <strong>secuestrar la totalidad de los elementos denunciados como sustra\u00eddos.<\/strong><\/p>\n\n\n\n<p>Los imputados quedaron a disposici\u00f3n de la Justicia y se cumplimentaron los recaudos legales correspondientes.<strong> Las actuaciones fueron caratuladas \u201cHurto Art. 162\u201d,<\/strong> con intervenci\u00f3n de la U.F.I y J. N\u00b0 10 a cargo de la doctora Mariela Viceconte. <\/p>\n","protected":false},"excerpt":{"rendered":"<p>Fue en la zona de Pourtal\u00e9 al 1600, y hab\u00edan hurtado un televisor de 32 pulgadas y una estufa el\u00e9ctrica.<\/p>\n","protected":false},"author":2,"featured_media":213662,"comment_status":"closed","ping_status":"closed","sticky":false,"template":"","format":"standard","meta":{"_jetpack_memberships_contains_paid_content":false,"footnotes":""},"categories":[7,14],"tags":[],"class_list":["post-213661","post","type-post","status-publish","format-standard","has-post-thumbnail","hentry","category-central","category-policiales"],"jetpack_featured_media_url":"https:\/\/i0.wp.com\/cdnoticias.com\/wp-content\/uploads\/2026\/09\/WhatsApp-Image-2026-09-02-at-20.13.59.jpeg?fit=1206%2C697&ssl=1","jetpack_sharing_enabled":true,"_links":{"self":[{"href":"https:\/\/cdnoticias.com\/index.php\/wp-json\/wp\/v2\/posts\/213661","targetHints":{"allow":["GET"]}}],"collection":[{"href":"https:\/\/cdnoticias.com\/index.php\/wp-json\/wp\/v2\/posts"}],"about":[{"href":"https:\/\/cdnoticias.com\/index.php\/wp-json\/wp\/v2\/types\/post"}],"author":[{"embeddable":true,"href":"https:\/\/cdnoticias.com\/index.php\/wp-json\/wp\/v2\/users\/2"}],"replies":[{"embeddable":true,"href":"https:\/\/cdnoticias.com\/index.php\/wp-json\/wp\/v2\/comments?post=213661"}],"version-history":[{"count":1,"href":"https:\/\/cdnoticias.com\/index.php\/wp-json\/wp\/v2\/posts\/213661\/revisions"}],"predecessor-version":[{"id":213663,"href":"https:\/\/cdnoticias.com\/index.php\/wp-json\/wp\/v2\/posts\/213661\/revisions\/213663"}],"wp:featuredmedia":[{"embeddable":true,"href":"https:\/\/cdnoticias.com\/index.php\/wp-json\/wp\/v2\/media\/213662"}],"wp:attachment":[{"href":"https:\/\/cdnoticias.com\/index.php\/wp-json\/wp\/v2\/media?parent=213661"}],"wp:term":[{"taxonomy":"category","embeddable":true,"href":"https:\/\/cdnoticias.com\/index.php\/wp-json\/wp\/v2\/categories?post=213661"},{"taxonomy":"post_tag","embeddable":true,"href":"https:\/\/cdnoticias.com\/index.php\/wp-json\/wp\/v2\/tags?post=213661"}],"curies":[{"name":"wp","href":"https:\/\/api.w.org\/{rel}","templated":true}]}}