{"id":213655,"date":"2026-09-02T19:27:22","date_gmt":"2026-09-02T22:27:22","guid":{"rendered":"https:\/\/cdnoticias.com\/?p=213655"},"modified":"2026-09-02T19:27:24","modified_gmt":"2026-09-02T22:27:24","slug":"la-uia-reclamo-reducir-costos-y-ampliar-los-beneficios-durante-el-dia-de-la-industria","status":"publish","type":"post","link":"https:\/\/cdnoticias.com\/index.php\/2026\/09\/02\/la-uia-reclamo-reducir-costos-y-ampliar-los-beneficios-durante-el-dia-de-la-industria\/","title":{"rendered":"La UIA reclam\u00f3 reducir costos y ampliar los beneficios durante el D\u00eda de la Industria"},"content":{"rendered":"\n<p>Mart\u00edn Rappallini advirti\u00f3 que el sector perdi\u00f3 90.000 asalariados desde 2022 y plante\u00f3 un \u201ctriple desaf\u00edo\u201d para recuperar competitividad.<\/p>\n\n\n\n<hr class=\"wp-block-separator aligncenter has-alpha-channel-opacity\"\/>\n\n\n\n<p>Como todos los 2 de septiembre, <strong>la Uni\u00f3n Industrial Argentina (UIA) celebr\u00f3 el D\u00eda de la Industria Nacional. <\/strong>La ceremonia se realiz\u00f3 en el Laboratorio Elea, en Los Polvorines, propiedad de Hugo Sigman, ante un <strong>auditorio integrado por unos 200 empresarios y pocos funcionarios nacionales.<\/strong><\/p>\n\n\n\n<p>El presidente de la UIA, Mart\u00edn Rappallini, estuvo a cargo del discurso central, en el que destac\u00f3 el peso de la industria farmac\u00e9utica como uno de los motivos para la elecci\u00f3n del lugar. <strong>Seg\u00fan se\u00f1al\u00f3, el sector invierte m\u00e1s de US$300 millones anuales, emplea a m\u00e1s de 48.000 personas de manera directa y a 120.000 de forma indirecta, produce medicamentos por unos US$19.000 millones y exporta m\u00e1s de US$1.500 millones al a\u00f1o.<\/strong><\/p>\n\n\n\n<p>Durante su exposici\u00f3n, Rappallini inform\u00f3 que <strong>la industria argentina perdi\u00f3 90.000 asalariados desde 2022 y sostuvo que el sector enfrenta un \u201ctriple desaf\u00edo\u201d: recuperar actividad, adaptarse a una competencia internacional m\u00e1s agresiva y reducir costos.<\/strong><\/p>\n\n\n\n<p><em><strong>\u201cLa industria le est\u00e1 poniendo el hombro en la estabilizaci\u00f3n\u201d<\/strong><\/em>, afirm\u00f3 el titular de la UIA, quien reclam\u00f3 una reducci\u00f3n de impuestos, mejoras en las tarifas de servicios y acceso a cr\u00e9ditos, aunque sin comprometer el orden fiscal.<\/p>\n\n\n\n<p><strong>Rappallini tambi\u00e9n respald\u00f3 el R\u00e9gimen de Incentivo para Grandes Inversiones (RIGI) y el denominado S\u00faper RIGI<\/strong>, al considerar que <em>\u201cgeneran condiciones competitivas para que las grandes inversiones puedan desarrollarse\u201d.<\/em> Sin embargo, reclam\u00f3 que esos beneficios se extiendan al resto de la industria para que pueda competir en igualdad de condiciones.<\/p>\n\n\n\n<p>En ese marco<strong>, pidi\u00f3 que Vaca Muerta funcione tambi\u00e9n como una plataforma para exportar producci\u00f3n industrial y no solamente energ\u00eda, con especial atenci\u00f3n a las peque\u00f1as y medianas empresas.<\/strong><\/p>\n\n\n\n<p>El discurso tambi\u00e9n incluy\u00f3 referencias a la morosidad, la infraestructura y la modernizaci\u00f3n laboral. Sobre este \u00faltimo punto,<strong> Rappallini valor\u00f3 la nueva legislaci\u00f3n y la defini\u00f3 como<em> \u201cun punto de partida\u201d.<\/em><\/strong><\/p>\n\n\n\n<p><em>\u201cLa discusi\u00f3n industrial no es una discusi\u00f3n sectorial. Lo que hoy estamos discutiendo es qu\u00e9 pa\u00eds construiremos para los pr\u00f3ximos 30 a\u00f1os\u201d,<\/em> concluy\u00f3 el presidente de la UIA.<\/p>\n\n\n\n<p>Entre las principales definiciones de su discurso, Rappallini sostuvo que el pa\u00eds necesita recuperar su capacidad de transformar los recursos en riqueza y afirm\u00f3 que <em>\u201cel sector privado tiene que volver a ser el motor de la econom\u00eda argentina\u201d.<\/em><\/p>\n\n\n\n<p>Tambi\u00e9n plante\u00f3 la necesidad de construir un puente <em>\u201centre la econom\u00eda que estamos dejando atr\u00e1s y la econom\u00eda competitiva que queremos construir\u201d<\/em> y se\u00f1al\u00f3 que la Argentina inici\u00f3 un proceso de cambio sobre el que existe un consenso amplio en la sociedad.<\/p>\n","protected":false},"excerpt":{"rendered":"<p>Mart\u00edn Rappallini advirti\u00f3 que el sector perdi\u00f3 90.000 asalariados desde 2022 y plante\u00f3 un \u201ctriple desaf\u00edo\u201d para recuperar competitividad. Como<\/p>\n","protected":false},"author":2,"featured_media":213656,"comment_status":"closed","ping_status":"closed","sticky":false,"template":"","format":"standard","meta":{"_jetpack_memberships_contains_paid_content":false,"footnotes":""},"categories":[6],"tags":[],"class_list":["post-213655","post","type-post","status-publish","format-standard","has-post-thumbnail","hentry","category-nacionales"],"jetpack_featured_media_url":"https:\/\/i0.wp.com\/cdnoticias.com\/wp-content\/uploads\/2026\/09\/dia-de-la-industria.jpg?fit=783%2C408&ssl=1","jetpack_sharing_enabled":true,"_links":{"self":[{"href":"https:\/\/cdnoticias.com\/index.php\/wp-json\/wp\/v2\/posts\/213655","targetHints":{"allow":["GET"]}}],"collection":[{"href":"https:\/\/cdnoticias.com\/index.php\/wp-json\/wp\/v2\/posts"}],"about":[{"href":"https:\/\/cdnoticias.com\/index.php\/wp-json\/wp\/v2\/types\/post"}],"author":[{"embeddable":true,"href":"https:\/\/cdnoticias.com\/index.php\/wp-json\/wp\/v2\/users\/2"}],"replies":[{"embeddable":true,"href":"https:\/\/cdnoticias.com\/index.php\/wp-json\/wp\/v2\/comments?post=213655"}],"version-history":[{"count":1,"href":"https:\/\/cdnoticias.com\/index.php\/wp-json\/wp\/v2\/posts\/213655\/revisions"}],"predecessor-version":[{"id":213657,"href":"https:\/\/cdnoticias.com\/index.php\/wp-json\/wp\/v2\/posts\/213655\/revisions\/213657"}],"wp:featuredmedia":[{"embeddable":true,"href":"https:\/\/cdnoticias.com\/index.php\/wp-json\/wp\/v2\/media\/213656"}],"wp:attachment":[{"href":"https:\/\/cdnoticias.com\/index.php\/wp-json\/wp\/v2\/media?parent=213655"}],"wp:term":[{"taxonomy":"category","embeddable":true,"href":"https:\/\/cdnoticias.com\/index.php\/wp-json\/wp\/v2\/categories?post=213655"},{"taxonomy":"post_tag","embeddable":true,"href":"https:\/\/cdnoticias.com\/index.php\/wp-json\/wp\/v2\/tags?post=213655"}],"curies":[{"name":"wp","href":"https:\/\/api.w.org\/{rel}","templated":true}]}}