{"id":213650,"date":"2026-09-02T19:05:41","date_gmt":"2026-09-02T22:05:41","guid":{"rendered":"https:\/\/cdnoticias.com\/?p=213650"},"modified":"2026-09-02T20:44:02","modified_gmt":"2026-09-02T23:44:02","slug":"el-municipio-destaco-el-entramado-industrial-de-olavarria-y-advirtio-por-la-caida-de-la-actividad","status":"publish","type":"post","link":"https:\/\/cdnoticias.com\/index.php\/2026\/09\/02\/el-municipio-destaco-el-entramado-industrial-de-olavarria-y-advirtio-por-la-caida-de-la-actividad\/","title":{"rendered":"El Municipio destac\u00f3 el entramado industrial de Olavarr\u00eda y advirti\u00f3 por la ca\u00edda de la actividad"},"content":{"rendered":"\n<p>M\u00e1s de la mitad de las empresas del Parque Industrial trabaja por debajo del 50% de su capacidad. El despacho de cemento cay\u00f3 25% respecto de 2023.<\/p>\n\n\n\n<hr class=\"wp-block-separator aligncenter has-alpha-channel-opacity\"\/>\n\n\n\n<p>En el marco del <strong>D\u00eda de la Industria, el Municipio de Olavarr\u00eda reconoci\u00f3 el esfuerzo cotidiano de empresas y trabajadores que sostienen la producci\u00f3n y el empleo, y reafirm\u00f3 su compromiso de promover la inversi\u00f3n y fortalecer el entramado productivo local.<\/strong><\/p>\n\n\n\n<p>Olavarr\u00eda cuenta con una matriz productiva diversa y una capacidad instalada que constituye uno de los principales activos de la ciudad. Sin embargo,<strong> el sector atraviesa un contexto de dificultades<\/strong>, de acuerdo con datos aportados por el secretario de Desarrollo Econ\u00f3mico y Productivo, <strong>Bernardo Baldino.<\/strong><\/p>\n\n\n\n<p>Seg\u00fan indic\u00f3 el funcionario, <strong>m\u00e1s de la mitad de las empresas radicadas en el Parque Industrial opera a menos del 50% de su capacidad operativa. A esto se suma que el despacho de cemento se encuentra un 25% por debajo de los valores registrados en 2023.<\/strong><\/p>\n\n\n\n<p><em>\u201cNuestro Partido cuenta con una enorme capacidad productiva y con empresarios y trabajadores que todos los d\u00edas demuestran su compromiso con Olavarr\u00eda. Por eso, desde el Municipio el objetivo es seguir acompa\u00f1ando ese esfuerzo y generar las mejores condiciones para que quienes producen puedan seguir invirtiendo, creciendo y generando trabajo\u201d,<\/em> se\u00f1al\u00f3 Baldino.<\/p>\n\n\n\n<p>El secretario sostuvo que<strong> es necesario proteger el entramado productivo local y nacional mediante medidas concretas y remarc\u00f3 la importancia de regular y poner al sistema financiero al servicio de la producci\u00f3n, como condici\u00f3n para que las empresas puedan sostenerse y crecer.<\/strong><\/p>\n\n\n\n<p>En ese sentido, destac\u00f3 el trabajo conjunto con las gremiales empresariales, la relaci\u00f3n directa con directivos de grandes multinacionales, el rol del Iteco en la formaci\u00f3n de mano de obra calificada y las iniciativas desarrolladas bajo <em>\u201cOlavarr\u00eda Produce\u201d.<\/em><\/p>\n\n\n\n<p>Entre estas \u00faltimas mencion\u00f3 la <strong>Ronda de Negocios, que durante el \u00faltimo a\u00f1o convoc\u00f3 a m\u00e1s de 200 firmas de la regi\u00f3n.<\/strong><\/p>\n\n\n\n<p><em>\u201cEl crecimiento industrial requiere una mirada integral: tambi\u00e9n hacen falta la recuperaci\u00f3n del poder adquisitivo, el acceso al cr\u00e9dito y un mercado interno m\u00e1s fuerte\u201d<\/em>, agreg\u00f3.<\/p>\n\n\n\n<p><strong>Baldino tambi\u00e9n remarc\u00f3 que la ca\u00edda de la obra p\u00fablica y el deterioro del consumo representan desaf\u00edos adicionales para las PyMEs locales.<\/strong> Al respecto, sostuvo que recuperar ambos frentes resulta clave para que el trabajo y la producci\u00f3n vuelvan a traducirse en una mayor actividad econ\u00f3mica.<\/p>\n\n\n\n<p><em>\u201cDefender la industria es defender el trabajo y las posibilidades de crecimiento de nuestra comunidad. Olavarr\u00eda tiene una historia industrial muy fuerte, pero tambi\u00e9n tiene presente y futuro\u201d<\/em>, cerr\u00f3 el secretario de Producci\u00f3n.<\/p>\n","protected":false},"excerpt":{"rendered":"<p>M\u00e1s de la mitad de las empresas del Parque Industrial trabaja por debajo del 50% de su capacidad. El despacho<\/p>\n","protected":false},"author":2,"featured_media":195746,"comment_status":"closed","ping_status":"closed","sticky":false,"template":"","format":"standard","meta":{"_jetpack_memberships_contains_paid_content":false,"footnotes":""},"categories":[4,1],"tags":[],"class_list":["post-213650","post","type-post","status-publish","format-standard","has-post-thumbnail","hentry","category-politica","category-portada"],"jetpack_featured_media_url":"https:\/\/i0.wp.com\/cdnoticias.com\/wp-content\/uploads\/2026\/02\/bernardo-baldino-00.jpg?fit=904%2C502&ssl=1","jetpack_sharing_enabled":true,"_links":{"self":[{"href":"https:\/\/cdnoticias.com\/index.php\/wp-json\/wp\/v2\/posts\/213650","targetHints":{"allow":["GET"]}}],"collection":[{"href":"https:\/\/cdnoticias.com\/index.php\/wp-json\/wp\/v2\/posts"}],"about":[{"href":"https:\/\/cdnoticias.com\/index.php\/wp-json\/wp\/v2\/types\/post"}],"author":[{"embeddable":true,"href":"https:\/\/cdnoticias.com\/index.php\/wp-json\/wp\/v2\/users\/2"}],"replies":[{"embeddable":true,"href":"https:\/\/cdnoticias.com\/index.php\/wp-json\/wp\/v2\/comments?post=213650"}],"version-history":[{"count":1,"href":"https:\/\/cdnoticias.com\/index.php\/wp-json\/wp\/v2\/posts\/213650\/revisions"}],"predecessor-version":[{"id":213651,"href":"https:\/\/cdnoticias.com\/index.php\/wp-json\/wp\/v2\/posts\/213650\/revisions\/213651"}],"wp:featuredmedia":[{"embeddable":true,"href":"https:\/\/cdnoticias.com\/index.php\/wp-json\/wp\/v2\/media\/195746"}],"wp:attachment":[{"href":"https:\/\/cdnoticias.com\/index.php\/wp-json\/wp\/v2\/media?parent=213650"}],"wp:term":[{"taxonomy":"category","embeddable":true,"href":"https:\/\/cdnoticias.com\/index.php\/wp-json\/wp\/v2\/categories?post=213650"},{"taxonomy":"post_tag","embeddable":true,"href":"https:\/\/cdnoticias.com\/index.php\/wp-json\/wp\/v2\/tags?post=213650"}],"curies":[{"name":"wp","href":"https:\/\/api.w.org\/{rel}","templated":true}]}}