{"id":213645,"date":"2026-09-02T18:57:05","date_gmt":"2026-09-02T21:57:05","guid":{"rendered":"https:\/\/cdnoticias.com\/?p=213645"},"modified":"2026-09-02T20:04:18","modified_gmt":"2026-09-02T23:04:18","slug":"marcha-atras-pinos-de-paz-brindara-prestacion-de-00-a-06-horas","status":"publish","type":"post","link":"https:\/\/cdnoticias.com\/index.php\/2026\/09\/02\/marcha-atras-pinos-de-paz-brindara-prestacion-de-00-a-06-horas\/","title":{"rendered":"Marcha atr\u00e1s: Pinos de Paz brindar\u00e1 prestaci\u00f3n de 00 a 06 horas"},"content":{"rendered":"\n<p>Continuar\u00e1 brindando el servicio de retiro de \u00f3bitos luego de haber anunciado que dejar\u00eda de hacerlo desde el martes. Buscan \u201cesclarecer la situaci\u00f3n\u201d generada tras el anuncio y la desmentida del Ministerio de Trabajo.<\/p>\n\n\n\n<hr class=\"wp-block-separator aligncenter has-alpha-channel-opacity\"\/>\n\n\n\n<p>Este mi\u00e9rcoles, <strong>Pinos de Paz dio marcha atr\u00e1s con el anuncio realizado el pasado martes e inform\u00f3 que continuar\u00e1 con el servicio de retiro de \u00f3bitos de 00 a 06 horas.<\/strong><\/p>\n\n\n\n<p>Mientras tanto,<strong> la empresa eval\u00faa<em> \u201calternativas ante cambios establecidos por una resoluci\u00f3n del Ministerio de Trabajo bonaerense\u201d.<\/em><\/strong><\/p>\n\n\n\n<p>Seg\u00fan explic\u00f3 la empresa, la comunicaci\u00f3n tiene como objetivo<em><strong> \u201cesclarecer la situaci\u00f3n vinculada al retiro de \u00f3bitos\u201d<\/strong><\/em> que anunci\u00f3 el martes, donde dejar\u00eda de prestar servicio en ese lapso horario.<\/p>\n\n\n\n<p>Asimismo, se\u00f1al\u00f3 que, a partir de los cambios que impone el cumplimiento de la Resoluci\u00f3n 2879\/25 del Ministerio de Trabajo de la Provincia de Buenos Aires, <strong>mediante la cual se eval\u00faa la insalubridad de la tarea realizada por el personal,<em> \u201ccontinuar\u00e1n evalu\u00e1ndose alternativas\u201d.<\/em><\/strong><\/p>\n\n\n\n<p>En ese marco, desde <strong>Pinos de Paz <\/strong>indicaron que se analizar\u00e1n distintas opciones <em><strong>\u201cde continuar con la prestaci\u00f3n del servicio en las mismas condiciones\u201d.<\/strong><\/em><\/p>\n","protected":false},"excerpt":{"rendered":"<p>Continuar\u00e1 brindando el servicio de retiro de \u00f3bitos luego de haber anunciado que dejar\u00eda de hacerlo desde el martes. Buscan<\/p>\n","protected":false},"author":2,"featured_media":213433,"comment_status":"closed","ping_status":"closed","sticky":false,"template":"","format":"standard","meta":{"_jetpack_memberships_contains_paid_content":false,"footnotes":""},"categories":[5,1],"tags":[],"class_list":["post-213645","post","type-post","status-publish","format-standard","has-post-thumbnail","hentry","category-informacion-general","category-portada"],"jetpack_featured_media_url":"https:\/\/i0.wp.com\/cdnoticias.com\/wp-content\/uploads\/2026\/09\/pinos-de-paz.jpg?fit=1110%2C512&ssl=1","jetpack_sharing_enabled":true,"_links":{"self":[{"href":"https:\/\/cdnoticias.com\/index.php\/wp-json\/wp\/v2\/posts\/213645","targetHints":{"allow":["GET"]}}],"collection":[{"href":"https:\/\/cdnoticias.com\/index.php\/wp-json\/wp\/v2\/posts"}],"about":[{"href":"https:\/\/cdnoticias.com\/index.php\/wp-json\/wp\/v2\/types\/post"}],"author":[{"embeddable":true,"href":"https:\/\/cdnoticias.com\/index.php\/wp-json\/wp\/v2\/users\/2"}],"replies":[{"embeddable":true,"href":"https:\/\/cdnoticias.com\/index.php\/wp-json\/wp\/v2\/comments?post=213645"}],"version-history":[{"count":1,"href":"https:\/\/cdnoticias.com\/index.php\/wp-json\/wp\/v2\/posts\/213645\/revisions"}],"predecessor-version":[{"id":213646,"href":"https:\/\/cdnoticias.com\/index.php\/wp-json\/wp\/v2\/posts\/213645\/revisions\/213646"}],"wp:featuredmedia":[{"embeddable":true,"href":"https:\/\/cdnoticias.com\/index.php\/wp-json\/wp\/v2\/media\/213433"}],"wp:attachment":[{"href":"https:\/\/cdnoticias.com\/index.php\/wp-json\/wp\/v2\/media?parent=213645"}],"wp:term":[{"taxonomy":"category","embeddable":true,"href":"https:\/\/cdnoticias.com\/index.php\/wp-json\/wp\/v2\/categories?post=213645"},{"taxonomy":"post_tag","embeddable":true,"href":"https:\/\/cdnoticias.com\/index.php\/wp-json\/wp\/v2\/tags?post=213645"}],"curies":[{"name":"wp","href":"https:\/\/api.w.org\/{rel}","templated":true}]}}