{"id":213625,"date":"2026-09-02T17:30:06","date_gmt":"2026-09-02T20:30:06","guid":{"rendered":"https:\/\/cdnoticias.com\/?p=213625"},"modified":"2026-09-02T17:30:09","modified_gmt":"2026-09-02T20:30:09","slug":"culmino-el-proceso-inicial-de-formacion-para-los-integrantes-de-la-guardia-urbana","status":"publish","type":"post","link":"https:\/\/cdnoticias.com\/index.php\/2026\/09\/02\/culmino-el-proceso-inicial-de-formacion-para-los-integrantes-de-la-guardia-urbana\/","title":{"rendered":"Culmin\u00f3 el proceso inicial de formaci\u00f3n para los integrantes de la Guardia Urbana\u00a0"},"content":{"rendered":"\n<p>El proceso formativo contempla una segunda instancia que pr\u00f3ximamente brindar\u00e1 el Instituto Universitario Provincial \u201cJuan Vucetich\u201d, dependiente del Ministerio de Seguridad de la provincia de Buenos Aires.<\/p>\n\n\n\n<p><\/p>\n\n\n\n<p>En las \u00faltimas horas, <strong>integrantes de la Guardia Urbana culminaron con el proceso inicial de formaci\u00f3n<\/strong> enmarcado en la puesta en funcionamiento del <strong>nuevo cuerpo profesional de seguridad comunal, <\/strong>dependiente de la Secretar\u00eda de Protecci\u00f3n Ciudadana.<\/p>\n\n\n\n<p><\/p>\n\n\n\n<blockquote class=\"wp-block-quote is-layout-flow wp-block-quote-is-layout-flow\">\n<p>Se destac\u00f3 que la Guardia Urbana tiene como objetivo desarrollar tareas de prevenci\u00f3n y disuasi\u00f3n de il\u00edcitos y faltas en general, mediante una presencia activa en distintos sectores de la ciudad y en coordinaci\u00f3n permanente con las fuerzas de seguridad, como as\u00ed tambi\u00e9n con los distintos elementos preventivos con los que ya cuenta el Municipio, como lo son el Centro de Monitoreo y Vecinos En Red.<\/p>\n<\/blockquote>\n\n\n\n<p><\/p>\n\n\n\n<p>Con el prop\u00f3sito de dotar al personal de las herramientas y conocimientos necesarios para el cumplimiento de sus funciones, y al mismo tiempo brindar a la comunidad un servicio de prevenci\u00f3n acorde a las necesidades actuales,<strong> la etapa formativa se extendi\u00f3 durante varias semanas e incluy\u00f3 numerosas instancias de capacitaci\u00f3n te\u00f3rica y pr\u00e1ctica en temas tales como seguridad p\u00fablica, derecho penal, contravencional, procesal penal, perspectiva de g\u00e9nero, derechos humanos, seguridad siniestral, primeros auxilios, mantenimiento de m\u00f3viles, actuaciones procedimentales, intervenciones con artefactos explosivos<\/strong>, entre otros.<\/p>\n\n\n\n<p><\/p>\n\n\n\n<blockquote class=\"wp-block-quote is-layout-flow wp-block-quote-is-layout-flow\">\n<p>A lo largo de este proceso, las y los agentes abordaron contenidos vinculados con los distintos campos de acci\u00f3n en los que intervendr\u00e1 la Guardia Urbana, incorporando herramientas para el abordaje preventivo de situaciones, la actuaci\u00f3n ante diferentes escenarios y la articulaci\u00f3n con los organismos y fuerzas competentes.<\/p>\n<\/blockquote>\n\n\n\n<p><\/p>\n\n\n\n<p>La culminaci\u00f3n de esta primera etapa representa un<strong> nuevo paso en la consolidaci\u00f3n de un cuerpo profesional <\/strong>que <strong>tiene entre sus principales funciones fortalecer las estrategias de prevenci\u00f3n, ampliar la presencia municipal en el territorio y contribuir a una mayor seguridad urbana, siempre desde una perspectiva de coordinaci\u00f3n y trabajo conjunto, <\/strong>que<strong> no reemplaza al que ya realiza la Polic\u00eda de la provincia de Buenos Aires.<\/strong><\/p>\n\n\n\n<p><\/p>\n\n\n\n<p>Por \u00faltimo se destac\u00f3 que <strong>el proceso formativo contempla una segunda instancia que pr\u00f3ximamente brindar\u00e1 el Instituto Universitario Provincial \u201cJuan Vucetich\u201d, <\/strong>dependiente del Ministerio de Seguridad de la provincia de Buenos Aires.<\/p>\n\n\n\n<p><\/p>\n","protected":false},"excerpt":{"rendered":"<p>El proceso formativo contempla una segunda instancia que pr\u00f3ximamente brindar\u00e1 el Instituto Universitario Provincial \u201cJuan Vucetich\u201d, dependiente del Ministerio de<\/p>\n","protected":false},"author":6,"featured_media":213627,"comment_status":"closed","ping_status":"closed","sticky":false,"template":"","format":"standard","meta":{"_jetpack_memberships_contains_paid_content":false,"footnotes":""},"categories":[5,1],"tags":[],"class_list":["post-213625","post","type-post","status-publish","format-standard","has-post-thumbnail","hentry","category-informacion-general","category-portada"],"jetpack_featured_media_url":"https:\/\/i0.wp.com\/cdnoticias.com\/wp-content\/uploads\/2026\/09\/guardia-urbana.png?fit=900%2C552&ssl=1","jetpack_sharing_enabled":true,"_links":{"self":[{"href":"https:\/\/cdnoticias.com\/index.php\/wp-json\/wp\/v2\/posts\/213625","targetHints":{"allow":["GET"]}}],"collection":[{"href":"https:\/\/cdnoticias.com\/index.php\/wp-json\/wp\/v2\/posts"}],"about":[{"href":"https:\/\/cdnoticias.com\/index.php\/wp-json\/wp\/v2\/types\/post"}],"author":[{"embeddable":true,"href":"https:\/\/cdnoticias.com\/index.php\/wp-json\/wp\/v2\/users\/6"}],"replies":[{"embeddable":true,"href":"https:\/\/cdnoticias.com\/index.php\/wp-json\/wp\/v2\/comments?post=213625"}],"version-history":[{"count":0,"href":"https:\/\/cdnoticias.com\/index.php\/wp-json\/wp\/v2\/posts\/213625\/revisions"}],"wp:featuredmedia":[{"embeddable":true,"href":"https:\/\/cdnoticias.com\/index.php\/wp-json\/wp\/v2\/media\/213627"}],"wp:attachment":[{"href":"https:\/\/cdnoticias.com\/index.php\/wp-json\/wp\/v2\/media?parent=213625"}],"wp:term":[{"taxonomy":"category","embeddable":true,"href":"https:\/\/cdnoticias.com\/index.php\/wp-json\/wp\/v2\/categories?post=213625"},{"taxonomy":"post_tag","embeddable":true,"href":"https:\/\/cdnoticias.com\/index.php\/wp-json\/wp\/v2\/tags?post=213625"}],"curies":[{"name":"wp","href":"https:\/\/api.w.org\/{rel}","templated":true}]}}