{"id":213622,"date":"2026-09-02T18:46:06","date_gmt":"2026-09-02T21:46:06","guid":{"rendered":"https:\/\/cdnoticias.com\/?p=213622"},"modified":"2026-09-02T18:46:08","modified_gmt":"2026-09-02T21:46:08","slug":"se-iniciara-la-obra-de-instalacion-de-luminaria-led-en-la-avenida-la-rioja","status":"publish","type":"post","link":"https:\/\/cdnoticias.com\/index.php\/2026\/09\/02\/se-iniciara-la-obra-de-instalacion-de-luminaria-led-en-la-avenida-la-rioja\/","title":{"rendered":"Se iniciar\u00e1 la obra de instalaci\u00f3n de luminaria LED en la avenida La Rioja"},"content":{"rendered":"\n<p>El anuncio fue realizado por el intendente Maximiliano Wesner, quien recorri\u00f3 el sector y dialog\u00f3 con vecinos y vecinas.<\/p>\n\n\n\n<hr class=\"wp-block-separator aligncenter has-alpha-channel-opacity\"\/>\n\n\n\n<p>En los pr\u00f3ximos d\u00edas,<strong> se iniciar\u00e1 la obra de instalaci\u00f3n de luminaria LED en la avenida La Rioja<\/strong>, en el sector donde <strong>recientemente culmin\u00f3 la obra de pavimentaci\u00f3n.\u00a0<\/strong><\/p>\n\n\n\n<p><\/p>\n\n\n\n<p>El <strong>anuncio fue realizado por el intendente Maximiliano Wesner<\/strong>, quien recorri\u00f3 el sector y dialog\u00f3 con vecinos y vecinas, que ponderaron la concreci\u00f3n de una obra que ha reconfigurado la circulaci\u00f3n y el caudal vehicular de algunas de las principales arterias del casco urbano local.<\/p>\n\n\n\n<p><\/p>\n\n\n\n<p>En este sentido, se llevar\u00e1 a cabo, por un lado, <strong>la instalaci\u00f3n de 37 luminarias LED sobre la avenida La Rioja,<\/strong> en el<strong> tramo recientemente pavimentado.<\/strong><\/p>\n\n\n\n<p><\/p>\n\n\n\n<blockquote class=\"wp-block-quote is-layout-flow wp-block-quote-is-layout-flow\">\n<p>El abordaje contempla adem\u00e1s el recambio de las 8 actuales luminarias de vapor de sodio que actualmente se encuentra en el tramo entre Del Valle y Bol\u00edvar, hasta los ingresos a la Escuela T\u00e9cnica N\u00b0 2 y el Campus Universitario. Sumado a 4 nuevas luces led que estar\u00e1n ubicadas a la altura del cruce con avenida Col\u00f3n.<\/p>\n<\/blockquote>\n\n\n\n<p><\/p>\n\n\n\n<p>Vale destacar, por \u00faltimo, que<strong> la obra incluye la instalaci\u00f3n de 23 columnas de hormig\u00f3n armado, <\/strong>que estar\u00e1n ubicadas en los sectores que carecen de postes.<\/p>\n\n\n\n<p><\/p>\n\n\n\n<p>&#8220;<em>La pavimentaci\u00f3n de avenida La Rioja, en el tramo entre las avenidas Del Valle y Col\u00f3n, ha beneficiado no s\u00f3lo a los habitantes de ese punto de la ciudad y las comunidades educativas tanto de la Ex Escuela Industrial como del Campus Universitario local, sino que es utilizado a diario por el sector productivo y vecinos y vecinas de distintos barrios de la ciudad y localidades, dado su cercan\u00eda con uno de los principales accesos a la ciudad&#8221;<\/em> indicaron desde el \u00e1rea. <\/p>\n\n\n\n<p><\/p>\n\n\n\n<p>Por \u00faltimo, agregaron que &#8220;la incorporaci\u00f3n de luces LED se traduce en un avance concreto en materia de seguridad vial, que se suma a la infraestructura con la que ya cuenta el sector, como reductores de velocidad y se\u00f1al\u00e9tica vertical&#8221;.<\/p>\n","protected":false},"excerpt":{"rendered":"<p>El anuncio fue realizado por el intendente Maximiliano Wesner, quien recorri\u00f3 el sector y dialog\u00f3 con vecinos y vecinas. En<\/p>\n","protected":false},"author":6,"featured_media":213623,"comment_status":"closed","ping_status":"closed","sticky":false,"template":"","format":"standard","meta":{"_jetpack_memberships_contains_paid_content":false,"footnotes":""},"categories":[5,1],"tags":[],"class_list":["post-213622","post","type-post","status-publish","format-standard","has-post-thumbnail","hentry","category-informacion-general","category-portada"],"jetpack_featured_media_url":"https:\/\/i0.wp.com\/cdnoticias.com\/wp-content\/uploads\/2026\/09\/avenidalarioja-lucesled.jpg?fit=893%2C534&ssl=1","jetpack_sharing_enabled":true,"_links":{"self":[{"href":"https:\/\/cdnoticias.com\/index.php\/wp-json\/wp\/v2\/posts\/213622","targetHints":{"allow":["GET"]}}],"collection":[{"href":"https:\/\/cdnoticias.com\/index.php\/wp-json\/wp\/v2\/posts"}],"about":[{"href":"https:\/\/cdnoticias.com\/index.php\/wp-json\/wp\/v2\/types\/post"}],"author":[{"embeddable":true,"href":"https:\/\/cdnoticias.com\/index.php\/wp-json\/wp\/v2\/users\/6"}],"replies":[{"embeddable":true,"href":"https:\/\/cdnoticias.com\/index.php\/wp-json\/wp\/v2\/comments?post=213622"}],"version-history":[{"count":1,"href":"https:\/\/cdnoticias.com\/index.php\/wp-json\/wp\/v2\/posts\/213622\/revisions"}],"predecessor-version":[{"id":213644,"href":"https:\/\/cdnoticias.com\/index.php\/wp-json\/wp\/v2\/posts\/213622\/revisions\/213644"}],"wp:featuredmedia":[{"embeddable":true,"href":"https:\/\/cdnoticias.com\/index.php\/wp-json\/wp\/v2\/media\/213623"}],"wp:attachment":[{"href":"https:\/\/cdnoticias.com\/index.php\/wp-json\/wp\/v2\/media?parent=213622"}],"wp:term":[{"taxonomy":"category","embeddable":true,"href":"https:\/\/cdnoticias.com\/index.php\/wp-json\/wp\/v2\/categories?post=213622"},{"taxonomy":"post_tag","embeddable":true,"href":"https:\/\/cdnoticias.com\/index.php\/wp-json\/wp\/v2\/tags?post=213622"}],"curies":[{"name":"wp","href":"https:\/\/api.w.org\/{rel}","templated":true}]}}