{"id":213619,"date":"2026-09-03T11:08:02","date_gmt":"2026-09-03T14:08:02","guid":{"rendered":"https:\/\/cdnoticias.com\/?p=213619"},"modified":"2026-09-03T11:08:04","modified_gmt":"2026-09-03T14:08:04","slug":"jornada-gratuita-de-estampado-del-emblema-de-malvinas-en-olavarria","status":"publish","type":"post","link":"https:\/\/cdnoticias.com\/index.php\/2026\/09\/03\/jornada-gratuita-de-estampado-del-emblema-de-malvinas-en-olavarria\/","title":{"rendered":"Jornada gratuita de estampado del emblema de Malvinas en Olavarr\u00eda"},"content":{"rendered":"\n<p>La actividad ser\u00e1 este viernes impulsada por Principios y Valores. Tambi\u00e9n incluir\u00e1 una campa\u00f1a de adhesiones al proyecto conocido como Ley Thiago.<\/p>\n\n\n\n<hr class=\"wp-block-separator aligncenter has-alpha-channel-opacity\"\/>\n\n\n\n<p>Este <strong>viernes 4 de septiembre, de 17 a 20 horas Principios y Valores Olavarr\u00eda <\/strong>realizar\u00e1 una<strong> jornada abierta y gratuita de estampado del emblema de las Islas Malvinas en 25 de Mayo 2627.<\/strong><\/p>\n\n\n\n<p><\/p>\n\n\n\n<blockquote class=\"wp-block-quote is-layout-flow wp-block-quote-is-layout-flow\">\n<p>La propuesta invita a vecinos y vecinas a acercarse con un guardapolvo, remera, buzo u otra prenda de tela, preferentemente clara o blanca, para estampar gratuitamente el emblema de las Islas Malvinas acompa\u00f1ado por la inscripci\u00f3n \u201cSon Argentinas\u201d.<\/p>\n<\/blockquote>\n\n\n\n<p><\/p>\n\n\n\n<p>La actividad se desarrolla en el marco de la<strong> iniciativa conocida como Ley Thiago,<\/strong> que promueve la <strong>incorporaci\u00f3n optativa del emblema de Malvinas<\/strong> en <strong>guardapolvos y uniformes escolares<\/strong> como una <strong>herramienta de memoria, identidad nacional y reafirmaci\u00f3n permanente de la soberan\u00eda argentina<\/strong>.<\/p>\n\n\n\n<p><\/p>\n\n\n\n<p>En la provincia de Buenos Aires, <strong>la iniciativa fue reimpulsada a partir del trabajo realizado y posteriormente presentado en el Senado bonaerense por la senadora Evelyn D\u00edaz, de Fuerza Patria.\u00a0<\/strong><\/p>\n\n\n\n<p><\/p>\n\n\n\n<blockquote class=\"wp-block-quote is-layout-flow wp-block-quote-is-layout-flow\">\n<p>El proyecto propone promover el uso optativo del emblema de las Islas Malvinas en guardapolvos y uniformes de alumnos, docentes y auxiliares de establecimientos educativos de gesti\u00f3n estatal y privada.<\/p>\n<\/blockquote>\n\n\n\n<p><\/p>\n\n\n\n<p>Durante la jornada tambi\u00e9n comenzar\u00e1 una<strong> campa\u00f1a de adhesiones ciudadanas destinada a acompa\u00f1ar el tratamiento de la iniciativa<\/strong> y contribuir a ampliar el respaldo social al proyecto.<\/p>\n\n\n\n<p><\/p>\n\n\n\n<p>Desde Principios y Valores se\u00f1alaron que <strong>mantener viva la conciencia sobre Malvinas constituye no solo un ejercicio de memoria hist\u00f3rica, <\/strong>sino tambi\u00e9n una forma de <strong>reafirmar los intereses soberanos de la Argentina <\/strong>y <strong>transmitir a las nuevas generaciones la importancia de esta causa nacional.<\/strong><\/p>\n\n\n\n<p><\/p>\n\n\n\n<p>En ese sentido, <strong>destacaron la relevancia de la cuesti\u00f3n Malvinas <\/strong>en el escenario geopol\u00edtico actual por sus recursos naturales, el paso bioce\u00e1nico, la proyecci\u00f3n hacia la Ant\u00e1rtida y la persistencia de la disputa de soberan\u00eda sobre las Islas Malvinas, Georgias del Sur, S\u00e1ndwich del Sur y los espacios mar\u00edtimos correspondientes.<\/p>\n\n\n\n<p><\/p>\n\n\n\n<p><em>\u201cMalvinas no debe quedar reducida \u00fanicamente a una fecha del calendario y gratamente la construcci\u00f3n del reclamo se est\u00e1 haciendo cotidiana a trav\u00e9s de diferentes s\u00edmbolos, gestos y \u00e9sta jornada es un aporte m\u00e1s. La causa atraviesa nuestra identidad, nuestra educaci\u00f3n, nuestros recursos y nuestra proyecci\u00f3n soberana hacia el futuro\u201d,<\/em> expres\u00f3 <strong>Alan Aguirre, referente del espacio.<\/strong><\/p>\n\n\n\n<p><\/p>\n","protected":false},"excerpt":{"rendered":"<p>La actividad ser\u00e1 este viernes impulsada por Principios y Valores. Tambi\u00e9n incluir\u00e1 una campa\u00f1a de adhesiones al proyecto conocido como<\/p>\n","protected":false},"author":6,"featured_media":213620,"comment_status":"closed","ping_status":"closed","sticky":false,"template":"","format":"standard","meta":{"_jetpack_memberships_contains_paid_content":false,"footnotes":""},"categories":[4,1],"tags":[],"class_list":["post-213619","post","type-post","status-publish","format-standard","has-post-thumbnail","hentry","category-politica","category-portada"],"jetpack_featured_media_url":"https:\/\/i0.wp.com\/cdnoticias.com\/wp-content\/uploads\/2026\/09\/principiosyvalores-jornada-malvinas.jpg?fit=900%2C506&ssl=1","jetpack_sharing_enabled":true,"_links":{"self":[{"href":"https:\/\/cdnoticias.com\/index.php\/wp-json\/wp\/v2\/posts\/213619","targetHints":{"allow":["GET"]}}],"collection":[{"href":"https:\/\/cdnoticias.com\/index.php\/wp-json\/wp\/v2\/posts"}],"about":[{"href":"https:\/\/cdnoticias.com\/index.php\/wp-json\/wp\/v2\/types\/post"}],"author":[{"embeddable":true,"href":"https:\/\/cdnoticias.com\/index.php\/wp-json\/wp\/v2\/users\/6"}],"replies":[{"embeddable":true,"href":"https:\/\/cdnoticias.com\/index.php\/wp-json\/wp\/v2\/comments?post=213619"}],"version-history":[{"count":1,"href":"https:\/\/cdnoticias.com\/index.php\/wp-json\/wp\/v2\/posts\/213619\/revisions"}],"predecessor-version":[{"id":213688,"href":"https:\/\/cdnoticias.com\/index.php\/wp-json\/wp\/v2\/posts\/213619\/revisions\/213688"}],"wp:featuredmedia":[{"embeddable":true,"href":"https:\/\/cdnoticias.com\/index.php\/wp-json\/wp\/v2\/media\/213620"}],"wp:attachment":[{"href":"https:\/\/cdnoticias.com\/index.php\/wp-json\/wp\/v2\/media?parent=213619"}],"wp:term":[{"taxonomy":"category","embeddable":true,"href":"https:\/\/cdnoticias.com\/index.php\/wp-json\/wp\/v2\/categories?post=213619"},{"taxonomy":"post_tag","embeddable":true,"href":"https:\/\/cdnoticias.com\/index.php\/wp-json\/wp\/v2\/tags?post=213619"}],"curies":[{"name":"wp","href":"https:\/\/api.w.org\/{rel}","templated":true}]}}