{"id":213613,"date":"2026-09-02T17:00:09","date_gmt":"2026-09-02T20:00:09","guid":{"rendered":"https:\/\/cdnoticias.com\/?p=213613"},"modified":"2026-09-02T17:00:12","modified_gmt":"2026-09-02T20:00:12","slug":"dia-de-la-industria-aoma-participo-del-acto-que-realizo-la-confederacion-de-sindicatos-industriales","status":"publish","type":"post","link":"https:\/\/cdnoticias.com\/index.php\/2026\/09\/02\/dia-de-la-industria-aoma-participo-del-acto-que-realizo-la-confederacion-de-sindicatos-industriales\/","title":{"rendered":"D\u00eda de la Industria: AOMA particip\u00f3 del acto que realiz\u00f3 la Confederaci\u00f3n de Sindicatos Industriales"},"content":{"rendered":"\n<p>Durante la jornada se presentaron las conclusiones del encuentro \u201cIndustria, Trabajo, Productividad y Calidad de Vida\u201d y se reafirm\u00f3 la importancia de defender la industria nacional y el trabajo argentino.<\/p>\n\n\n\n<hr class=\"wp-block-separator aligncenter has-alpha-channel-opacity\"\/>\n\n\n\n<p>La <strong>Asociaci\u00f3n Obrera Minera Argentina<\/strong> (AOMA) particip\u00f3 este mi\u00e9rcoles del acto por el <strong>D\u00eda de la Industria organizado por la Confederaci\u00f3n de Sindicatos Industriales de la Rep\u00fablica Argentina<\/strong> (CSIRA), realizado en el Sal\u00f3n Felipe Vallese de la sede de la Confederaci\u00f3n General del Trabajo (CGT).<\/p>\n\n\n\n<p><\/p>\n\n\n\n<p>En representaci\u00f3n de AOMA estuvieron presentes integrantes de su Secretariado Nacional: <strong>H\u00e9ctor Laplace, secretario general; Iv\u00e1n Malla, secretario adjunto; y Horacio Savid, tesorero, <\/strong>quienes acompa\u00f1aron una jornada que reuni\u00f3 a representantes de las distintas organizaciones sindicales que integran la CSIRA.<\/p>\n\n\n\n<p><\/p>\n\n\n\n<p>Durante el acto se presentaron las conclusiones elaboradas a partir del encuentro \u201c<strong>Industria, Trabajo, Productividad y Calidad de Vida\u201d<\/strong>, realizado el pasado viernes 28 de agosto en Ca\u00f1uelas. Aquella jornada reuni\u00f3 a trabajadores, dirigentes sindicales, estudiantes de escuelas t\u00e9cnicas, representantes del sector empresario y del \u00e1mbito acad\u00e9mico para debatir sobre el presente y el futuro de la industria argentina.<\/p>\n\n\n\n<p><\/p>\n\n\n\n<blockquote class=\"wp-block-quote is-layout-flow wp-block-quote-is-layout-flow\">\n<p>Las conclusiones recuperaron los principales ejes trabajados durante aquel encuentro: la necesidad de fortalecer la educaci\u00f3n t\u00e9cnico-profesional y su articulaci\u00f3n con el mundo laboral; la defensa del empleo industrial y la calidad de vida de los trabajadores; los desaf\u00edos que plantean la incorporaci\u00f3n de nuevas tecnolog\u00edas y la inteligencia artificial; la productividad y el medioambiente; y la importancia de construir una pol\u00edtica industrial de largo plazo vinculada a un proyecto de desarrollo nacional.<\/p>\n<\/blockquote>\n\n\n\n<p><\/p>\n\n\n\n<p>A lo largo del acto tambi\u00e9n tomaron la palabra representantes de la CSIRA y de la CGT, quienes coincidieron en <strong>destacar el car\u00e1cter estrat\u00e9gico de la industria para el desarrollo econ\u00f3mico y productivo de la Argentina,<\/strong> as\u00ed como el <strong>papel fundamental de las organizaciones sindicales en la defensa del empleo, los salarios y los derechos laborales.<\/strong><\/p>\n\n\n\n<p><\/p>\n\n\n\n<p>Desde AOMA reafirmaron que<strong> <em>&#8220;este D\u00eda de la Industria encuentra a los trabajadores en una situaci\u00f3n que est\u00e1 lejos de ser motivo de celebraci\u00f3n. Las consecuencias del plan econ\u00f3mico llevado adelante por el Gobierno Nacional golpean de manera directa a la producci\u00f3n y al empleo y tienen efectos devastadores sobre las familias obreras de nuestro pa\u00eds&#8221;. <\/em><\/strong><\/p>\n\n\n\n<p><\/p>\n\n\n\n<p>En ese contexto, la organizaci\u00f3n encabezada por H\u00e9ctor Laplace ratific\u00f3 <strong>la necesidad de defender la industria nacional, el trabajo argentino y los derechos conquistados por los trabajadores<\/strong>, entendiendo que <strong>no existe un proyecto de desarrollo posible sin producci\u00f3n, empleo de calidad y una industria puesta al servicio del crecimiento del pa\u00eds y del bienestar de su pueblo.<\/strong><\/p>\n\n\n\n<p><\/p>\n","protected":false},"excerpt":{"rendered":"<p>Durante la jornada se presentaron las conclusiones del encuentro \u201cIndustria, Trabajo, Productividad y Calidad de Vida\u201d y se reafirm\u00f3 la<\/p>\n","protected":false},"author":6,"featured_media":213615,"comment_status":"closed","ping_status":"closed","sticky":false,"template":"","format":"standard","meta":{"_jetpack_memberships_contains_paid_content":false,"footnotes":""},"categories":[4,1],"tags":[],"class_list":["post-213613","post","type-post","status-publish","format-standard","has-post-thumbnail","hentry","category-politica","category-portada"],"jetpack_featured_media_url":"https:\/\/i0.wp.com\/cdnoticias.com\/wp-content\/uploads\/2026\/09\/aoma-diadelaindustrai.png?fit=887%2C523&ssl=1","jetpack_sharing_enabled":true,"_links":{"self":[{"href":"https:\/\/cdnoticias.com\/index.php\/wp-json\/wp\/v2\/posts\/213613","targetHints":{"allow":["GET"]}}],"collection":[{"href":"https:\/\/cdnoticias.com\/index.php\/wp-json\/wp\/v2\/posts"}],"about":[{"href":"https:\/\/cdnoticias.com\/index.php\/wp-json\/wp\/v2\/types\/post"}],"author":[{"embeddable":true,"href":"https:\/\/cdnoticias.com\/index.php\/wp-json\/wp\/v2\/users\/6"}],"replies":[{"embeddable":true,"href":"https:\/\/cdnoticias.com\/index.php\/wp-json\/wp\/v2\/comments?post=213613"}],"version-history":[{"count":0,"href":"https:\/\/cdnoticias.com\/index.php\/wp-json\/wp\/v2\/posts\/213613\/revisions"}],"wp:featuredmedia":[{"embeddable":true,"href":"https:\/\/cdnoticias.com\/index.php\/wp-json\/wp\/v2\/media\/213615"}],"wp:attachment":[{"href":"https:\/\/cdnoticias.com\/index.php\/wp-json\/wp\/v2\/media?parent=213613"}],"wp:term":[{"taxonomy":"category","embeddable":true,"href":"https:\/\/cdnoticias.com\/index.php\/wp-json\/wp\/v2\/categories?post=213613"},{"taxonomy":"post_tag","embeddable":true,"href":"https:\/\/cdnoticias.com\/index.php\/wp-json\/wp\/v2\/tags?post=213613"}],"curies":[{"name":"wp","href":"https:\/\/api.w.org\/{rel}","templated":true}]}}