{"id":213607,"date":"2026-09-02T17:47:55","date_gmt":"2026-09-02T20:47:55","guid":{"rendered":"https:\/\/cdnoticias.com\/?p=213607"},"modified":"2026-09-02T19:07:15","modified_gmt":"2026-09-02T22:07:15","slug":"aprehendieron-a-un-joven-de-20-anos-tras-recuperar-un-auto-robado","status":"publish","type":"post","link":"https:\/\/cdnoticias.com\/index.php\/2026\/09\/02\/aprehendieron-a-un-joven-de-20-anos-tras-recuperar-un-auto-robado\/","title":{"rendered":"Aprehendieron a un joven de 20 a\u00f1os tras recuperar un auto robado"},"content":{"rendered":"\n<p>El Volkswagen Senda fue recuperado y trasladado, mientras que el joven qued\u00f3 alojado en una dependencia policial a disposici\u00f3n de la Justicia.<\/p>\n\n\n\n<hr class=\"wp-block-separator aligncenter has-alpha-channel-opacity\"\/>\n\n\n\n<p>Un<strong> joven de 20 a\u00f1os fue aprehendido<\/strong> este mi\u00e9rcoles <strong>luego de ser encontrado a bordo de un autom\u00f3vil Volkswagen Senda que hab\u00eda sido sustra\u00eddo momentos antes<\/strong>.<\/p>\n\n\n\n<p><\/p>\n\n\n\n<p>El procedimiento fue realizado por<strong> personal del Comando de Patrulla, <\/strong>que durante una recorrida tom\u00f3 conocimiento de la sustracci\u00f3n de un veh\u00edculo. Poco despu\u00e9s<strong>, los efectivos observaron en inmediaciones de Necochea y calle 17 un autom\u00f3vil de similares caracter\u00edsticas.<\/strong><\/p>\n\n\n\n<p><\/p>\n\n\n\n<figure class=\"wp-block-image aligncenter size-full\"><img data-recalc-dims=\"1\" loading=\"lazy\" decoding=\"async\" width=\"796\" height=\"450\" src=\"https:\/\/i0.wp.com\/cdnoticias.com\/wp-content\/uploads\/2026\/09\/aprehendido-auto-robado2.png?resize=796%2C450&#038;ssl=1\" alt=\"\" class=\"wp-image-213609\" srcset=\"https:\/\/i0.wp.com\/cdnoticias.com\/wp-content\/uploads\/2026\/09\/aprehendido-auto-robado2.png?w=796&amp;ssl=1 796w, https:\/\/i0.wp.com\/cdnoticias.com\/wp-content\/uploads\/2026\/09\/aprehendido-auto-robado2.png?resize=300%2C170&amp;ssl=1 300w, https:\/\/i0.wp.com\/cdnoticias.com\/wp-content\/uploads\/2026\/09\/aprehendido-auto-robado2.png?resize=768%2C434&amp;ssl=1 768w\" sizes=\"auto, (max-width: 796px) 100vw, 796px\" \/><\/figure>\n\n\n\n<p>Al advertir la presencia policial, <strong>el conductor emprendi\u00f3 la fuga y posteriormente abandon\u00f3 el veh\u00edculo para continuar la huida a pie<\/strong>. El joven ingres\u00f3 a un domicilio ubicado en <strong>Dorrego al 500 <\/strong>y, con autorizaci\u00f3n conforme al art\u00edculo 222 del C\u00f3digo Procesal Penal, l<strong>os efectivos lograron concretar su aprehensi\u00f3n.<\/strong><\/p>\n\n\n\n<p><\/p>\n\n\n\n<p>Finalmente,<strong> el Volkswagen Senda fue recuperado y trasladado, <\/strong>mientras que <strong>el joven qued\u00f3 alojado en una dependencia policial a disposici\u00f3n de la Justicia<\/strong>.<\/p>\n\n\n\n<p><\/p>\n\n\n\n<p>La causa fue caratulada <strong>\u201cHurto agravado de veh\u00edculo dejado en la v\u00eda p\u00fablica\u201d<\/strong>, con intervenci\u00f3n de la<strong> UFI N.\u00ba 10, a cargo de la Dra. Viceconte.<\/strong><\/p>\n\n\n\n<p><\/p>\n","protected":false},"excerpt":{"rendered":"<p>El Volkswagen Senda fue recuperado y trasladado, mientras que el joven qued\u00f3 alojado en una dependencia policial a disposici\u00f3n de<\/p>\n","protected":false},"author":6,"featured_media":213610,"comment_status":"closed","ping_status":"closed","sticky":false,"template":"","format":"standard","meta":{"_jetpack_memberships_contains_paid_content":false,"footnotes":""},"categories":[14,1],"tags":[],"class_list":["post-213607","post","type-post","status-publish","format-standard","has-post-thumbnail","hentry","category-policiales","category-portada"],"jetpack_featured_media_url":"https:\/\/i0.wp.com\/cdnoticias.com\/wp-content\/uploads\/2026\/09\/aprehendido-auto-robado1.png?fit=900%2C494&ssl=1","jetpack_sharing_enabled":true,"_links":{"self":[{"href":"https:\/\/cdnoticias.com\/index.php\/wp-json\/wp\/v2\/posts\/213607","targetHints":{"allow":["GET"]}}],"collection":[{"href":"https:\/\/cdnoticias.com\/index.php\/wp-json\/wp\/v2\/posts"}],"about":[{"href":"https:\/\/cdnoticias.com\/index.php\/wp-json\/wp\/v2\/types\/post"}],"author":[{"embeddable":true,"href":"https:\/\/cdnoticias.com\/index.php\/wp-json\/wp\/v2\/users\/6"}],"replies":[{"embeddable":true,"href":"https:\/\/cdnoticias.com\/index.php\/wp-json\/wp\/v2\/comments?post=213607"}],"version-history":[{"count":1,"href":"https:\/\/cdnoticias.com\/index.php\/wp-json\/wp\/v2\/posts\/213607\/revisions"}],"predecessor-version":[{"id":213652,"href":"https:\/\/cdnoticias.com\/index.php\/wp-json\/wp\/v2\/posts\/213607\/revisions\/213652"}],"wp:featuredmedia":[{"embeddable":true,"href":"https:\/\/cdnoticias.com\/index.php\/wp-json\/wp\/v2\/media\/213610"}],"wp:attachment":[{"href":"https:\/\/cdnoticias.com\/index.php\/wp-json\/wp\/v2\/media?parent=213607"}],"wp:term":[{"taxonomy":"category","embeddable":true,"href":"https:\/\/cdnoticias.com\/index.php\/wp-json\/wp\/v2\/categories?post=213607"},{"taxonomy":"post_tag","embeddable":true,"href":"https:\/\/cdnoticias.com\/index.php\/wp-json\/wp\/v2\/tags?post=213607"}],"curies":[{"name":"wp","href":"https:\/\/api.w.org\/{rel}","templated":true}]}}