{"id":213554,"date":"2026-09-02T15:46:11","date_gmt":"2026-09-02T18:46:11","guid":{"rendered":"https:\/\/cdnoticias.com\/?p=213554"},"modified":"2026-09-02T15:46:14","modified_gmt":"2026-09-02T18:46:14","slug":"loma-negra-vencio-a-el-fortin-y-racing-empato-con-embajadores-en-el-cierre-de-la-cuarta-fecha","status":"publish","type":"post","link":"https:\/\/cdnoticias.com\/index.php\/2026\/09\/02\/loma-negra-vencio-a-el-fortin-y-racing-empato-con-embajadores-en-el-cierre-de-la-cuarta-fecha\/","title":{"rendered":"Loma Negra venci\u00f3 a El Fort\u00edn y Racing empat\u00f3 con Embajadores en el cierre de la cuarta fecha"},"content":{"rendered":"\n<p>La quinta jornada ya tiene programaci\u00f3n confirmada, con seis encuentros distribuidos entre domingo, lunes y martes.<\/p>\n\n\n\n<hr class=\"wp-block-separator aligncenter has-alpha-channel-opacity\"\/>\n\n\n\n<p>Este martes se complet\u00f3 la<strong> cuarta fecha del torneo de Primera Divisi\u00f3n \u201cJuan Domingo Marinangeli<\/strong>\u201d, con<strong> dos partidos que cerraron la jornada.<\/strong><\/p>\n\n\n\n<p><\/p>\n\n\n\n<blockquote class=\"wp-block-quote is-layout-flow wp-block-quote-is-layout-flow\">\n<p>En el estadio Ricardo S\u00e1nchez, Loma Negra derrot\u00f3 2-1 a El Fort\u00edn. Riva convirti\u00f3 para el conjunto local, mientras que Da Rosa, en dos oportunidades, marc\u00f3 los goles del Celeste. En el Buglione Martinese, Racing y Embajadores igualaron 2-2. Loza y Mormando anotaron para el Chaira, mientras que Rojas y Arista, en contra, marcaron para Embajadores.<\/p>\n<\/blockquote>\n\n\n\n<p><\/p>\n\n\n\n<p><strong>Con la cuarta fecha finalizada, qued\u00f3 confirmada la programaci\u00f3n de la quinta jornada:<\/strong><\/p>\n\n\n\n<p>\u2022 Atl\u00e9tico Hinojo vs. Municipales<\/p>\n\n\n\n<p>Sub 21: domingo 12.45 | Primera: 15.00&nbsp;<\/p>\n\n\n\n<p>\u2022 Sierra Chica vs. Espigas<\/p>\n\n\n\n<p>Sub 21: domingo 11.45 | Primera: 14.00&nbsp;<\/p>\n\n\n\n<p>\u2022 Estudiantes vs. Ferro C. Sud<\/p>\n\n\n\n<p>Sub 21: lunes 20.00 | Primera: 18.00&nbsp;<\/p>\n\n\n\n<p>\u2022 El Fort\u00edn vs. Colonias y Cerros<\/p>\n\n\n\n<p>Sub 21: lunes 20.00 | Primera: 18.00&nbsp;<\/p>\n\n\n\n<p>\u2022 San Mart\u00edn vs. Racing A. Club<\/p>\n\n\n\n<p>Sub 21: martes 17.45 | Primera: 20.00&nbsp;<\/p>\n\n\n\n<p>\u2022 Embajadores vs. Loma Negra<\/p>\n\n\n\n<p>Sub 21: martes 18.45 | Primera: 21.00<\/p>\n\n\n\n<p><\/p>\n\n\n\n<p><em>\ud83d\udcf8 @lucoronelfotografias<\/em><\/p>\n","protected":false},"excerpt":{"rendered":"<p>La quinta jornada ya tiene programaci\u00f3n confirmada, con seis encuentros distribuidos entre domingo, lunes y martes. Este martes se complet\u00f3<\/p>\n","protected":false},"author":6,"featured_media":213556,"comment_status":"closed","ping_status":"closed","sticky":false,"template":"","format":"standard","meta":{"_jetpack_memberships_contains_paid_content":false,"footnotes":""},"categories":[29],"tags":[],"class_list":["post-213554","post","type-post","status-publish","format-standard","has-post-thumbnail","hentry","category-deportes"],"jetpack_featured_media_url":"https:\/\/i0.wp.com\/cdnoticias.com\/wp-content\/uploads\/2026\/09\/WhatsApp-Image-2026-09-02-at-15.22.08-1.jpeg?fit=825%2C503&ssl=1","jetpack_sharing_enabled":true,"_links":{"self":[{"href":"https:\/\/cdnoticias.com\/index.php\/wp-json\/wp\/v2\/posts\/213554","targetHints":{"allow":["GET"]}}],"collection":[{"href":"https:\/\/cdnoticias.com\/index.php\/wp-json\/wp\/v2\/posts"}],"about":[{"href":"https:\/\/cdnoticias.com\/index.php\/wp-json\/wp\/v2\/types\/post"}],"author":[{"embeddable":true,"href":"https:\/\/cdnoticias.com\/index.php\/wp-json\/wp\/v2\/users\/6"}],"replies":[{"embeddable":true,"href":"https:\/\/cdnoticias.com\/index.php\/wp-json\/wp\/v2\/comments?post=213554"}],"version-history":[{"count":2,"href":"https:\/\/cdnoticias.com\/index.php\/wp-json\/wp\/v2\/posts\/213554\/revisions"}],"predecessor-version":[{"id":213558,"href":"https:\/\/cdnoticias.com\/index.php\/wp-json\/wp\/v2\/posts\/213554\/revisions\/213558"}],"wp:featuredmedia":[{"embeddable":true,"href":"https:\/\/cdnoticias.com\/index.php\/wp-json\/wp\/v2\/media\/213556"}],"wp:attachment":[{"href":"https:\/\/cdnoticias.com\/index.php\/wp-json\/wp\/v2\/media?parent=213554"}],"wp:term":[{"taxonomy":"category","embeddable":true,"href":"https:\/\/cdnoticias.com\/index.php\/wp-json\/wp\/v2\/categories?post=213554"},{"taxonomy":"post_tag","embeddable":true,"href":"https:\/\/cdnoticias.com\/index.php\/wp-json\/wp\/v2\/tags?post=213554"}],"curies":[{"name":"wp","href":"https:\/\/api.w.org\/{rel}","templated":true}]}}