{"id":213550,"date":"2026-09-02T15:32:45","date_gmt":"2026-09-02T18:32:45","guid":{"rendered":"https:\/\/cdnoticias.com\/?p=213550"},"modified":"2026-09-02T15:32:47","modified_gmt":"2026-09-02T18:32:47","slug":"recorte-de-atencion-en-pinos-de-paz-desmiento-totalmente-que-sea-por-una-resolucion-del-ministerio-de-trabajo","status":"publish","type":"post","link":"https:\/\/cdnoticias.com\/index.php\/2026\/09\/02\/recorte-de-atencion-en-pinos-de-paz-desmiento-totalmente-que-sea-por-una-resolucion-del-ministerio-de-trabajo\/","title":{"rendered":"Recorte de atenci\u00f3n en Pinos de Paz: \u201cdesmiento totalmente que sea por una resoluci\u00f3n del Ministerio de Trabajo\u201d"},"content":{"rendered":"<p>Lo dijo el delegado Lucas Miriuka en una entrevista con el programa Levantate por Radio Sapiens. Explic\u00f3 la declaraci\u00f3n de insalubridad sobre el trabajo.<\/p>\n\n\n<hr class=\"wp-block-separator has-alpha-channel-opacity\"\/>\n\n\n\n<!--more-->\n\n\n\n<p>La <strong>empresa de servicios velatorios Pinos de Paz <\/strong>inform\u00f3 que no retirar\u00e1 ni recibir\u00e1 fallecidos entre las 0 y las 6 <a href=\"https:\/\/cdnoticias.com\/index.php\/2026\/09\/01\/pinos-de-paz-no-retirara-ni-recibira-fallecidos-entre-las-0-y-las-6-desde-el-1-de-septiembre\/\" target=\"_blank\" rel=\"noreferrer noopener\">a partir de este martes 1\u00ba de septiembre<\/a> y <strong>atribuy\u00f3 la modificaci\u00f3n a la resoluci\u00f3n 2879\/25<\/strong> del Ministerio de Trabajo bonaerense. Tal como se inform\u00f3, <strong>el organismo sali\u00f3 al cruce <\/strong>r\u00e1pidamente y desminti\u00f3 la informaci\u00f3n con un comunicado.<\/p>\n\n\n\n<p><\/p>\n\n\n\n<p>El <strong>delegado del ministerio, Lucas Miriuka<\/strong>, en una entrevista con el <strong>programa Levantate por Radio Sapiens <\/strong>en la ma\u00f1ana de este mi\u00e9rcoles consider\u00f3 que <strong>\u201chubo un malentendido o una mala interpretaci\u00f3n de la norma\u201d<\/strong>.<\/p>\n\n\n\n<p><\/p>\n\n\n\n<p>El funcionario bonaerense cont\u00f3 que <strong>decret\u00f3 \u201cla insalubridad de algunas tareas que se dan dentro de Pinos de Paz\u201d<\/strong> para explicar que el Ministerio hab\u00eda tomado intervenci\u00f3n en 2025 en todo el territorio provincial sobre \u201cel 98% de las casas velatorias de la provincia de Buenos Aires\u201d. La <strong>declaraci\u00f3n de insalubridad <\/strong>sobre las labores en este rubro toma en cuenta que <strong>el personal manipula agente qu\u00edmicos y trata con personas fallecidas<\/strong>, aspectos considerados tareas riesgosas y tareas insalubres. Miriuka diferenci\u00f3 ambas categor\u00edas:<strong> \u201clas tareas riesgosas pueden acarrear enfermedades profesionales. La tarea insalubre es la que est\u00e1 demostrado que va a traer a futuro una secuela\u201d<\/strong>.<\/p>\n\n\n\n<p><\/p>\n\n\n\n<figure class=\"wp-block-image size-full\"><img data-recalc-dims=\"1\" loading=\"lazy\" decoding=\"async\" width=\"800\" height=\"445\" src=\"https:\/\/i0.wp.com\/cdnoticias.com\/wp-content\/uploads\/2026\/09\/ministerio-de-trabajo-pinos-de-paz.jpg?resize=800%2C445&#038;ssl=1\" alt=\"\" class=\"wp-image-213552\" srcset=\"https:\/\/i0.wp.com\/cdnoticias.com\/wp-content\/uploads\/2026\/09\/ministerio-de-trabajo-pinos-de-paz.jpg?w=1000&amp;ssl=1 1000w, https:\/\/i0.wp.com\/cdnoticias.com\/wp-content\/uploads\/2026\/09\/ministerio-de-trabajo-pinos-de-paz.jpg?resize=300%2C167&amp;ssl=1 300w, https:\/\/i0.wp.com\/cdnoticias.com\/wp-content\/uploads\/2026\/09\/ministerio-de-trabajo-pinos-de-paz.jpg?resize=768%2C427&amp;ssl=1 768w, https:\/\/i0.wp.com\/cdnoticias.com\/wp-content\/uploads\/2026\/09\/ministerio-de-trabajo-pinos-de-paz.jpg?resize=800%2C445&amp;ssl=1 800w\" sizes=\"auto, (max-width: 800px) 100vw, 800px\" \/><\/figure>\n\n\n\n<p><\/p>\n\n\n\n<p>Con el decreto de insalubridad, <strong>la jornada laboral de los trabajadores pasa a ser de 6 horas diarias<\/strong>, <strong>no permite hacer horas extras<\/strong> y <strong>se mantiene el sueldo <\/strong>previsto para la jornada de 8 horas. El delegado subray\u00f3 que <strong>\u201cen ning\u00fan lado de la resoluci\u00f3n se limita la jornada nocturna\u201d<\/strong>.<\/p>\n\n\n\n<p><\/p>\n\n\n\n<p>\u201cEsto de que manifest\u00f3 la empresa en un comunicado de que se deja de retirar personas fallecidas hasta las 6 de la ma\u00f1ana<strong> corre por cuenta de la empresa. En ning\u00fan lado de la resoluci\u00f3n dice eso<\/strong>, ni se lo impide. <strong>La hora nocturna est\u00e1 totalmente permitida<\/strong> en la jornada de insalubridad\u201d indic\u00f3.<\/p>\n\n\n\n<p><\/p>\n\n\n\n<blockquote class=\"wp-block-quote is-layout-flow wp-block-quote-is-layout-flow\">\n<p>Estim\u00f3 que \u201chubo un malentendido, o un aprovechamiento de la situaci\u00f3n por parte de la empresa y de sacar un turno o no querer incorporar personal. No me hago el tonto, s\u00e9 que la situaci\u00f3n de todas las empresas de Olavarr\u00eda es muy dif\u00edcil para incorporar personal. Pero podr\u00edan haber diagramado quiz\u00e1s alg\u00fan turno para que esto no suceda. Yo desmiento totalmente que esto sea por una resoluci\u00f3n del Ministerio de Trabajo\u201d.<\/p>\n<\/blockquote>\n\n\n\n<p><\/p>\n\n\n\n<figure class=\"wp-block-embed is-type-wp-embed is-provider-central-de-noticias-olavarr-a wp-block-embed-central-de-noticias-olavarr-a\"><div class=\"wp-block-embed__wrapper\">\n<blockquote class=\"wp-embedded-content\" data-secret=\"rwCFqSgO8p\"><a href=\"https:\/\/cdnoticias.com\/index.php\/2026\/09\/02\/marcelo-petehs-es-intolerable-que-se-ponga-un-horario-para-fallecer\/\">Marcelo Petehs: \u201cEs intolerable que se ponga un horario para fallecer\u201d<\/a><\/blockquote><iframe loading=\"lazy\" class=\"wp-embedded-content\" sandbox=\"allow-scripts\" security=\"restricted\" style=\"position: absolute; visibility: hidden;\" title=\"&#8220;Marcelo Petehs: \u201cEs intolerable que se ponga un horario para fallecer\u201d&#8221; &#8212; Central de Noticias | Olavarr\u00eda\" src=\"https:\/\/cdnoticias.com\/index.php\/2026\/09\/02\/marcelo-petehs-es-intolerable-que-se-ponga-un-horario-para-fallecer\/embed\/#?secret=Ck0TiDkuA7#?secret=rwCFqSgO8p\" data-secret=\"rwCFqSgO8p\" width=\"600\" height=\"338\" frameborder=\"0\" marginwidth=\"0\" marginheight=\"0\" scrolling=\"no\"><\/iframe>\n<\/div><\/figure>\n\n\n\n<p><\/p>\n\n\n\n<p>Miriuka tambi\u00e9n hizo saber que<strong> escuch\u00f3 declaraciones medi\u00e1ticas de \u201cuno de los due\u00f1os\u201d <\/strong>de Pinos de Paz quien \u201cratificaba que no era una decisi\u00f3n por la resoluci\u00f3n del Ministerio de Trabajo, sino que <strong>era una cuesti\u00f3n por razones administrativas <\/strong>y que las iban a mantener\u201d.<\/p>\n\n\n\n<p><\/p>\n\n\n\n<p>Asimismo, inform\u00f3 que cuando tom\u00f3 conocimiento del comunicado de la empresa <strong>dialog\u00f3 con la representante legal de Pinos de Paz <\/strong>quien respondi\u00f3 que <em>\u201cel comunicado no sali\u00f3 de la representaci\u00f3n legal y me reconoci\u00f3 que obedec\u00eda a razones operativas\u201d<\/em>.<\/p>\n\n\n\n<p><\/p>\n","protected":false},"excerpt":{"rendered":"<p>Lo dijo el delegado Lucas Miriuka en una entrevista con el programa Levantate por Radio Sapiens. Explic\u00f3 la declaraci\u00f3n de<\/p>\n","protected":false},"author":4,"featured_media":171945,"comment_status":"closed","ping_status":"closed","sticky":false,"template":"","format":"standard","meta":{"_jetpack_memberships_contains_paid_content":false,"footnotes":""},"categories":[5,7],"tags":[],"class_list":["post-213550","post","type-post","status-publish","format-standard","has-post-thumbnail","hentry","category-informacion-general","category-central"],"jetpack_featured_media_url":"https:\/\/i0.wp.com\/cdnoticias.com\/wp-content\/uploads\/2025\/05\/CasaDeLaProvinciaOlavarria-33.jpg?fit=1024%2C680&ssl=1","jetpack_sharing_enabled":true,"_links":{"self":[{"href":"https:\/\/cdnoticias.com\/index.php\/wp-json\/wp\/v2\/posts\/213550","targetHints":{"allow":["GET"]}}],"collection":[{"href":"https:\/\/cdnoticias.com\/index.php\/wp-json\/wp\/v2\/posts"}],"about":[{"href":"https:\/\/cdnoticias.com\/index.php\/wp-json\/wp\/v2\/types\/post"}],"author":[{"embeddable":true,"href":"https:\/\/cdnoticias.com\/index.php\/wp-json\/wp\/v2\/users\/4"}],"replies":[{"embeddable":true,"href":"https:\/\/cdnoticias.com\/index.php\/wp-json\/wp\/v2\/comments?post=213550"}],"version-history":[{"count":2,"href":"https:\/\/cdnoticias.com\/index.php\/wp-json\/wp\/v2\/posts\/213550\/revisions"}],"predecessor-version":[{"id":213553,"href":"https:\/\/cdnoticias.com\/index.php\/wp-json\/wp\/v2\/posts\/213550\/revisions\/213553"}],"wp:featuredmedia":[{"embeddable":true,"href":"https:\/\/cdnoticias.com\/index.php\/wp-json\/wp\/v2\/media\/171945"}],"wp:attachment":[{"href":"https:\/\/cdnoticias.com\/index.php\/wp-json\/wp\/v2\/media?parent=213550"}],"wp:term":[{"taxonomy":"category","embeddable":true,"href":"https:\/\/cdnoticias.com\/index.php\/wp-json\/wp\/v2\/categories?post=213550"},{"taxonomy":"post_tag","embeddable":true,"href":"https:\/\/cdnoticias.com\/index.php\/wp-json\/wp\/v2\/tags?post=213550"}],"curies":[{"name":"wp","href":"https:\/\/api.w.org\/{rel}","templated":true}]}}