{"id":213540,"date":"2026-09-02T14:19:55","date_gmt":"2026-09-02T17:19:55","guid":{"rendered":"https:\/\/cdnoticias.com\/?p=213540"},"modified":"2026-09-02T14:21:51","modified_gmt":"2026-09-02T17:21:51","slug":"jovenes-en-conflicto-con-la-ley-penal-entramados-se-enfocara-en-unos-250-adolescentes-en-olavarria","status":"publish","type":"post","link":"https:\/\/cdnoticias.com\/index.php\/2026\/09\/02\/jovenes-en-conflicto-con-la-ley-penal-entramados-se-enfocara-en-unos-250-adolescentes-en-olavarria\/","title":{"rendered":"J\u00f3venes en conflicto con la ley penal: \u201cEntramados\u201d se enfocar\u00e1 en unos 250 adolescentes en Olavarr\u00eda"},"content":{"rendered":"<p>En el Municipio present\u00f3 el diagn\u00f3stico territorial del programa provincial de prevenci\u00f3n del delito y restituci\u00f3n de derechos en ni\u00f1eces y adolescencias. Autoridades provinciales y locales estuvieron en el encuentro.<\/p>\n\n\n<hr class=\"wp-block-separator has-alpha-channel-opacity\"\/>\n\n\n\n<!--more-->\n\n\n\n<p>En el marco de una<strong> agenda de trabajo <\/strong>conjunta entre el<strong> Municipio y el Gobierno de la Provincia de Buenos Aires<\/strong>, se llev\u00f3 a cabo la <strong>presentaci\u00f3n del diagn\u00f3stico sobre trayectorias adolescentes, territorios, conflictividades y restituci\u00f3n de derechos del programa provincial Entramados<\/strong>. <\/p>\n\n\n\n<p><\/p>\n\n\n\n<p>&#8220;El documento traza <strong>un mapa detallado sobre la situaci\u00f3n de vulnerabilidad y la conflictividad penal juvenil <\/strong>en el partido de Olavarr\u00eda,<strong> definiendo acciones concretas <\/strong>para la prevenci\u00f3n y el acompa\u00f1amiento estatal&#8221; se defini\u00f3.<\/p>\n\n\n\n<p><\/p>\n\n\n\n<blockquote class=\"wp-block-quote is-layout-flow wp-block-quote-is-layout-flow\">\n<p>As\u00ed se expuso que el informe final que detect\u00f3 alrededor de 250 adolescentes de 10 a 19 a\u00f1os en conflicto con la ley o en riesgo de estarlo de los cuales 90 son considerados \u201cprioridad por registrar investigaciones penales vigentes, medidas socioeducativas o arresto domiciliario\u201d.<\/p>\n<\/blockquote>\n\n\n\n<p><\/p>\n\n\n\n<p>Este informe corresponde a la <strong>primera etapa del programa multiagencial<\/strong>, orientada a la prevenci\u00f3n del delito en ni\u00f1as, ni\u00f1os, adolescentes y j\u00f3venes en conflicto con la ley penal. La herramienta permite<strong> identificar las necesidades prioritarias en los barrios <\/strong>del partido de Olavarr\u00eda para sentar las bases estrat\u00e9gicas de las siguientes <strong>fases de acompa\u00f1amiento<\/strong>.<\/p>\n\n\n\n<p><\/p>\n\n\n\n<figure class=\"wp-block-image size-full\"><img data-recalc-dims=\"1\" loading=\"lazy\" decoding=\"async\" width=\"800\" height=\"534\" src=\"https:\/\/i0.wp.com\/cdnoticias.com\/wp-content\/uploads\/2026\/09\/presentacion-programa-entramados-2.jpeg?resize=800%2C534&#038;ssl=1\" alt=\"\" class=\"wp-image-213543\" srcset=\"https:\/\/i0.wp.com\/cdnoticias.com\/wp-content\/uploads\/2026\/09\/presentacion-programa-entramados-2.jpeg?w=1000&amp;ssl=1 1000w, https:\/\/i0.wp.com\/cdnoticias.com\/wp-content\/uploads\/2026\/09\/presentacion-programa-entramados-2.jpeg?resize=300%2C200&amp;ssl=1 300w, https:\/\/i0.wp.com\/cdnoticias.com\/wp-content\/uploads\/2026\/09\/presentacion-programa-entramados-2.jpeg?resize=768%2C512&amp;ssl=1 768w, https:\/\/i0.wp.com\/cdnoticias.com\/wp-content\/uploads\/2026\/09\/presentacion-programa-entramados-2.jpeg?resize=272%2C182&amp;ssl=1 272w\" sizes=\"auto, (max-width: 800px) 100vw, 800px\" \/><\/figure>\n\n\n\n<p><\/p>\n\n\n\n<p>El encuentro cont\u00f3 con la presencia del <strong>intendente municipal Maximiliano Wesner<\/strong>; el secretario de Desarrollo de la Comunidad, Juan Pablo Arouxet; el secretario de Protecci\u00f3n Ciudadana, El\u00edas Quintas; y la subsecretaria de Protecci\u00f3n de Derechos, Malena Pianciola. Por parte del Estado Provincial, asistieron las <strong>representantes de la Unidad Coordinadora del programa, Marta Mu\u00f1iz y Mariana Lorenz<\/strong>. Asimismo, participaron directores y coordinadores del Servicio Local de Ni\u00f1eces y Adolescencias, Desarrollo Social, Mujeres, G\u00e9nero y Diversidades, adem\u00e1s de personal de las fuerzas de seguridad, integrantes del Poder Judicial e instituciones comunitarias.<\/p>\n\n\n\n<p><\/p>\n\n\n\n<p>&#8220;Con esta iniciativa, el Municipio reafirma su compromiso con las ni\u00f1eces y juventudes desde una presencia territorial y un trabajo coordinado, promoviendo <strong>una mirada de derechos que acompa\u00f1a a cada joven en su propio barrio<\/strong>&#8221; se comunic\u00f3 oficialmente.<\/p>\n\n\n\n<p><\/p>\n\n\n\n<h2 class=\"wp-block-heading\">El informe<\/h2>\n\n\n\n<p><\/p>\n\n\n\n<p>El <strong>informe final del Diagn\u00f3stico Local del Programa Entramados <\/strong>analiza la realidad local a partir de la<strong> escala de Olavarr\u00eda <\/strong>(125.751 habitantes), &#8220;una ciudad de rango medio donde la proximidad entre vecinos e instituciones permite <strong>dise\u00f1ar respuestas a medida<\/strong>, sin replicar modelos extrapolados de esquemas metropolitanos&#8221; se consider\u00f3.<\/p>\n\n\n\n<p><\/p>\n\n\n\n<figure class=\"wp-block-image size-full\"><img data-recalc-dims=\"1\" loading=\"lazy\" decoding=\"async\" width=\"800\" height=\"534\" src=\"https:\/\/i0.wp.com\/cdnoticias.com\/wp-content\/uploads\/2026\/09\/presentacion-programa-entramados-0.jpeg?resize=800%2C534&#038;ssl=1\" alt=\"\" class=\"wp-image-213541\" srcset=\"https:\/\/i0.wp.com\/cdnoticias.com\/wp-content\/uploads\/2026\/09\/presentacion-programa-entramados-0.jpeg?w=1000&amp;ssl=1 1000w, https:\/\/i0.wp.com\/cdnoticias.com\/wp-content\/uploads\/2026\/09\/presentacion-programa-entramados-0.jpeg?resize=300%2C200&amp;ssl=1 300w, https:\/\/i0.wp.com\/cdnoticias.com\/wp-content\/uploads\/2026\/09\/presentacion-programa-entramados-0.jpeg?resize=768%2C512&amp;ssl=1 768w, https:\/\/i0.wp.com\/cdnoticias.com\/wp-content\/uploads\/2026\/09\/presentacion-programa-entramados-0.jpeg?resize=272%2C182&amp;ssl=1 272w\" sizes=\"auto, (max-width: 800px) 100vw, 800px\" \/><\/figure>\n\n\n\n<p><\/p>\n\n\n\n<blockquote class=\"wp-block-quote is-layout-flow wp-block-quote-is-layout-flow\">\n<p>En una poblaci\u00f3n de 19.080 j\u00f3venes de entre 10 y 19 a\u00f1os, se identific\u00f3 un universo prioritario de aproximadamente 250 adolescentes en conflicto con la ley o en riesgo de estarlo. Dentro de dicho grupo, 90 adolescentes constituyen prioridad por registrar investigaciones penales vigentes, medidas socioeducativas o arresto domiciliario. El 90% de quienes ingresan al sistema penal juvenil son varones, principalmente de 16 y 17 a\u00f1os.<\/p>\n<\/blockquote>\n\n\n\n<p><\/p>\n\n\n\n<p>El informe destaca que <strong>la vida cotidiana de estos j\u00f3venes est\u00e1 fuertemente ligada a sus barrios<\/strong>, donde las habituales<strong> \u201cjuntas\u201d o redes de pares funcionan como espacios de identidad y contenci\u00f3n<\/strong>. Por eso, las situaciones de conflicto se leen como el <strong>resultado de escenarios socio-afectivos complejos<\/strong> que requieren un acompa\u00f1amiento estatal m\u00e1s cercano, articulado y con oportunidades reales.<\/p>\n\n\n\n<p><\/p>\n\n\n\n<h2 class=\"wp-block-heading\">Los ejes de trabajo<\/h2>\n\n\n\n<p><\/p>\n\n\n\n<p>El Programa Entramados trabaja desde la Subsecretar\u00eda de Protecci\u00f3n Integral de Derechos y el Servicio Local a trav\u00e9s de <strong>tres ejes principales<\/strong>:<\/p>\n\n\n\n<p><\/p>\n\n\n\n<ul class=\"wp-block-list\">\n<li><strong>Nodos Territoriales:<\/strong> Equipos t\u00e9cnicos desplegados en cinco zonas barriales prioritarias para realizar seguimiento individual y comunitario; las cuales se ubican en los <em>barrios Nicol\u00e1s Avellaneda, Jard\u00edn \u2013 La Loma \u2013 PyM, Lourdes \u2013 Trabajadores \u2013 Dorrego, Independencia y La Ara\u00f1a<\/em>.<\/li>\n\n\n\n<li><strong>Talleres y oficios:<\/strong> Espacios formativos y recreativos (barber\u00eda, boxeo, cocina y deportes) como alternativas sanas de socializaci\u00f3n, pertenencia y construcci\u00f3n de proyectos de vida alejados de las violencias.<\/li>\n\n\n\n<li><strong>Red institucional agilizada<\/strong>: Circuitos de trabajo directo entre Seguridad, Ni\u00f1ez, Salud Mental, Educaci\u00f3n, el Servicio Local y la Justicia para responder r\u00e1pido ante emergencias y optimizar los recursos disponibles.<\/li>\n<\/ul>\n\n\n\n<p><\/p>\n\n\n\n<figure class=\"wp-block-image size-full\"><img data-recalc-dims=\"1\" loading=\"lazy\" decoding=\"async\" width=\"800\" height=\"534\" src=\"https:\/\/i0.wp.com\/cdnoticias.com\/wp-content\/uploads\/2026\/09\/presentacion-programa-entramados-1.jpeg?resize=800%2C534&#038;ssl=1\" alt=\"\" class=\"wp-image-213542\" srcset=\"https:\/\/i0.wp.com\/cdnoticias.com\/wp-content\/uploads\/2026\/09\/presentacion-programa-entramados-1.jpeg?w=1000&amp;ssl=1 1000w, https:\/\/i0.wp.com\/cdnoticias.com\/wp-content\/uploads\/2026\/09\/presentacion-programa-entramados-1.jpeg?resize=300%2C200&amp;ssl=1 300w, https:\/\/i0.wp.com\/cdnoticias.com\/wp-content\/uploads\/2026\/09\/presentacion-programa-entramados-1.jpeg?resize=768%2C512&amp;ssl=1 768w, https:\/\/i0.wp.com\/cdnoticias.com\/wp-content\/uploads\/2026\/09\/presentacion-programa-entramados-1.jpeg?resize=272%2C182&amp;ssl=1 272w\" sizes=\"auto, (max-width: 800px) 100vw, 800px\" \/><\/figure>\n\n\n\n<p><\/p>\n\n\n\n<h2 class=\"wp-block-heading\">\u201cIr a buscar a esos pibes\u201d<\/h2>\n\n\n\n<p><\/p>\n\n\n\n<p>\u201cEl programa Entramados nos permite <strong>abordar uno de nuestros principales desaf\u00edos<\/strong>: acompa\u00f1ar las trayectorias de j\u00f3venes en situaciones de vulnerabilidad social. Lo hacemos desde los ejes transversales de nuestra gesti\u00f3n: territorialidad, intersectorialidad e integralidad. Este diagn\u00f3stico es el <strong>primer puntapi\u00e9 para seguir robusteciendo la organizaci\u00f3n social del cuidado<\/strong> y volver a mirar a este universo de j\u00f3venes con otros ojos, construyendo redes que no los pongan en peligro\u201d, destac\u00f3 la<strong> subsecretaria Malena Pianciola<\/strong>.<\/p>\n\n\n\n<p><\/p>\n\n\n\n<blockquote class=\"wp-block-quote is-layout-flow wp-block-quote-is-layout-flow\">\n<p>Por su parte, el intendente Maximiliano Wesner record\u00f3 la firma del convenio realizada en el Estadio Diego Armando Maradona junto al gobernador Axel Kicillof &#8211;<a href=\"https:\/\/cdnoticias.com\/index.php\/2026\/04\/08\/kicillof-encabezo-una-intensa-agenda-en-el-centro-diego-armando-maradona-tras-la-inauguracion-del-polo-judicial\/\" target=\"_blank\" rel=\"noreferrer noopener\">a principios de abril<\/a>&#8211; y ratific\u00f3 el compromiso municipal con las infancias y juventudes. \u201cCelebro esta presentaci\u00f3n y todo lo hecho hasta ac\u00e1, pero tenemos un desaf\u00edo enorme: ir a buscar a esos pibes&#8221; advirti\u00f3.<\/p>\n<\/blockquote>\n\n\n\n<p><\/p>\n\n\n\n<p>&#8220;Este diagn\u00f3stico cualitativo y cuantitativo sobre nuestros j\u00f3venes en todo el partido de Olavarr\u00eda debe ser <strong>un punto de partida com\u00fan para que puedan pensar en un futuro con igualdad de oportunidades<\/strong>. Gestionamos el Estado para garantizar derechos\u201d, enfatiz\u00f3 el jefe comunal.<\/p>\n\n\n\n<p><\/p>\n\n\n\n<p><a href=\"https:\/\/cdnoticias.com\/index.php\/2026\/05\/14\/participacion-en-encuentro-de-la-mesa-interinstitucional-de-abordaje-a-nineces-y-adolescencias\/\" target=\"_blank\" rel=\"noreferrer noopener\">El programa Entramados se present\u00f3 oficialmente en mayo<\/a> en una mesa interinstitucional con representantes de distintos organismos. El intendente <a href=\"https:\/\/cdnoticias.com\/index.php\/2026\/03\/04\/fuertes-anuncios-al-hcd-un-centro-de-salud-mental-un-jardin-maternal-vespertino-y-40-viviendas-en-barrio-pickelado\/\" target=\"_blank\" rel=\"noreferrer noopener\">Wesner hab\u00eda anunciado<\/a> en marzo la adhesi\u00f3n municipal a Entramados y los objetivos que persegu\u00eda.<\/p>\n\n\n\n<p><\/p>\n\n\n\n<figure class=\"wp-block-image size-full\"><img data-recalc-dims=\"1\" loading=\"lazy\" decoding=\"async\" width=\"800\" height=\"445\" src=\"https:\/\/i0.wp.com\/cdnoticias.com\/wp-content\/uploads\/2026\/09\/presentacion-programa-entramados-4.jpeg?resize=800%2C445&#038;ssl=1\" alt=\"\" class=\"wp-image-213545\" srcset=\"https:\/\/i0.wp.com\/cdnoticias.com\/wp-content\/uploads\/2026\/09\/presentacion-programa-entramados-4.jpeg?w=1000&amp;ssl=1 1000w, https:\/\/i0.wp.com\/cdnoticias.com\/wp-content\/uploads\/2026\/09\/presentacion-programa-entramados-4.jpeg?resize=300%2C167&amp;ssl=1 300w, https:\/\/i0.wp.com\/cdnoticias.com\/wp-content\/uploads\/2026\/09\/presentacion-programa-entramados-4.jpeg?resize=768%2C427&amp;ssl=1 768w, https:\/\/i0.wp.com\/cdnoticias.com\/wp-content\/uploads\/2026\/09\/presentacion-programa-entramados-4.jpeg?resize=800%2C445&amp;ssl=1 800w\" sizes=\"auto, (max-width: 800px) 100vw, 800px\" \/><\/figure>\n\n\n\n<p><\/p>\n\n\n\n<p><\/p>\n","protected":false},"excerpt":{"rendered":"<p>En el Municipio present\u00f3 el diagn\u00f3stico territorial del programa provincial de prevenci\u00f3n del delito y restituci\u00f3n de derechos en ni\u00f1eces<\/p>\n","protected":false},"author":4,"featured_media":213544,"comment_status":"closed","ping_status":"closed","sticky":false,"template":"","format":"standard","meta":{"_jetpack_memberships_contains_paid_content":false,"footnotes":""},"categories":[7,14],"tags":[],"class_list":["post-213540","post","type-post","status-publish","format-standard","has-post-thumbnail","hentry","category-central","category-policiales"],"jetpack_featured_media_url":"https:\/\/i0.wp.com\/cdnoticias.com\/wp-content\/uploads\/2026\/09\/presentacion-programa-entramados-3.jpeg?fit=1000%2C556&ssl=1","jetpack_sharing_enabled":true,"_links":{"self":[{"href":"https:\/\/cdnoticias.com\/index.php\/wp-json\/wp\/v2\/posts\/213540","targetHints":{"allow":["GET"]}}],"collection":[{"href":"https:\/\/cdnoticias.com\/index.php\/wp-json\/wp\/v2\/posts"}],"about":[{"href":"https:\/\/cdnoticias.com\/index.php\/wp-json\/wp\/v2\/types\/post"}],"author":[{"embeddable":true,"href":"https:\/\/cdnoticias.com\/index.php\/wp-json\/wp\/v2\/users\/4"}],"replies":[{"embeddable":true,"href":"https:\/\/cdnoticias.com\/index.php\/wp-json\/wp\/v2\/comments?post=213540"}],"version-history":[{"count":2,"href":"https:\/\/cdnoticias.com\/index.php\/wp-json\/wp\/v2\/posts\/213540\/revisions"}],"predecessor-version":[{"id":213547,"href":"https:\/\/cdnoticias.com\/index.php\/wp-json\/wp\/v2\/posts\/213540\/revisions\/213547"}],"wp:featuredmedia":[{"embeddable":true,"href":"https:\/\/cdnoticias.com\/index.php\/wp-json\/wp\/v2\/media\/213544"}],"wp:attachment":[{"href":"https:\/\/cdnoticias.com\/index.php\/wp-json\/wp\/v2\/media?parent=213540"}],"wp:term":[{"taxonomy":"category","embeddable":true,"href":"https:\/\/cdnoticias.com\/index.php\/wp-json\/wp\/v2\/categories?post=213540"},{"taxonomy":"post_tag","embeddable":true,"href":"https:\/\/cdnoticias.com\/index.php\/wp-json\/wp\/v2\/tags?post=213540"}],"curies":[{"name":"wp","href":"https:\/\/api.w.org\/{rel}","templated":true}]}}