{"id":213538,"date":"2026-09-02T16:30:18","date_gmt":"2026-09-02T19:30:18","guid":{"rendered":"https:\/\/cdnoticias.com\/?p=213538"},"modified":"2026-09-02T16:30:34","modified_gmt":"2026-09-02T19:30:34","slug":"la-minga-lanzo-su-convocatoria-anual-para-feriantes","status":"publish","type":"post","link":"https:\/\/cdnoticias.com\/index.php\/2026\/09\/02\/la-minga-lanzo-su-convocatoria-anual-para-feriantes\/","title":{"rendered":"La Minga lanz\u00f3 su convocatoria anual para feriantes"},"content":{"rendered":"<p>Adem\u00e1s, anunci\u00f3 las pr\u00f3ximas actividades. \u201cLa Minga sigue abriendo caminos y sumando propuestas\u201d indic\u00f3 la agrupaci\u00f3n.<\/p>\n\n\n<hr class=\"wp-block-separator has-alpha-channel-opacity\"\/>\n\n\n\n<!--more-->\n\n\n\n<p><strong>La Minga lanz\u00f3 su convocatoria anual para feriantes <\/strong>y anunci\u00f3 las pr\u00f3ximas actividades.<em> \u201cLa Minga sigue abriendo caminos y sumando propuestas\u201d <\/em>indic\u00f3 la agrupaci\u00f3n que destac\u00f3 que \u201ccontin\u00faa creciendo y consolid\u00e1ndose como<strong> un espacio comunitario que promueve el trabajo, la econom\u00eda social y el encuentro entre vecinos y vecinas de Olavarr\u00eda\u201d<\/strong>.<\/p>\n\n\n\n<p><\/p>\n\n\n\n<p>A trav\u00e9s de sus ferias, talleres y diferentes propuestas de capacitaci\u00f3n barriales, La Minga ha logrado <strong>acompa\u00f1ar a emprendedoras, emprendedores, generando oportunidades para mostrar, comercializar y fortalecer sus producciones y sus ideas de trabajo<\/strong>. Cada feria es tambi\u00e9n un espacio de encuentro, donde <strong>se construyen v\u00ednculos y se apuesta a una comunidad m\u00e1s participativa<\/strong> y solidaria.<\/p>\n\n\n\n<p><\/p>\n\n\n\n<blockquote class=\"wp-block-quote is-layout-flow wp-block-quote-is-layout-flow\">\n<p>\u201cCon mucho trabajo y compromiso y tambi\u00e9n con mucho por hacer y mejorar, La Minga sigue abriendo caminos y sumando propuestas para que quienes producen puedan encontrar un lugar donde crecer. Por ello abre la inscripci\u00f3n anual para nuevos feriantes\u201d anunci\u00f3.<\/p>\n<\/blockquote>\n\n\n\n<p><\/p>\n\n\n\n<p>De cara a una nueva celebraci\u00f3n, <strong>La Minga convoca durante todo el mes de septiembre a feriantes y emprendedores\/as <\/strong>que quieran participar de la <strong>Feria del D\u00eda de la Madre<\/strong>, especialmente con productos manuales, emprendimientos y propuestas para regalar. Por <strong>contacto e inscripci\u00f3n<\/strong>: escribir por <strong>Whatsapp a Patricia Bahl al 2284 \u2013 612514<\/strong> de 9 a 12 horas.<\/p>\n\n\n\n<p><\/p>\n","protected":false},"excerpt":{"rendered":"<p>Adem\u00e1s, anunci\u00f3 las pr\u00f3ximas actividades. \u201cLa Minga sigue abriendo caminos y sumando propuestas\u201d indic\u00f3 la agrupaci\u00f3n.<\/p>\n","protected":false},"author":4,"featured_media":128333,"comment_status":"closed","ping_status":"closed","sticky":false,"template":"","format":"standard","meta":{"_jetpack_memberships_contains_paid_content":false,"footnotes":""},"categories":[9,1],"tags":[],"class_list":["post-213538","post","type-post","status-publish","format-standard","has-post-thumbnail","hentry","category-cultura","category-portada"],"jetpack_featured_media_url":"https:\/\/i0.wp.com\/cdnoticias.com\/wp-content\/uploads\/2024\/10\/feria-la-minga4.jpg?fit=900%2C550&ssl=1","jetpack_sharing_enabled":true,"_links":{"self":[{"href":"https:\/\/cdnoticias.com\/index.php\/wp-json\/wp\/v2\/posts\/213538","targetHints":{"allow":["GET"]}}],"collection":[{"href":"https:\/\/cdnoticias.com\/index.php\/wp-json\/wp\/v2\/posts"}],"about":[{"href":"https:\/\/cdnoticias.com\/index.php\/wp-json\/wp\/v2\/types\/post"}],"author":[{"embeddable":true,"href":"https:\/\/cdnoticias.com\/index.php\/wp-json\/wp\/v2\/users\/4"}],"replies":[{"embeddable":true,"href":"https:\/\/cdnoticias.com\/index.php\/wp-json\/wp\/v2\/comments?post=213538"}],"version-history":[{"count":0,"href":"https:\/\/cdnoticias.com\/index.php\/wp-json\/wp\/v2\/posts\/213538\/revisions"}],"wp:featuredmedia":[{"embeddable":true,"href":"https:\/\/cdnoticias.com\/index.php\/wp-json\/wp\/v2\/media\/128333"}],"wp:attachment":[{"href":"https:\/\/cdnoticias.com\/index.php\/wp-json\/wp\/v2\/media?parent=213538"}],"wp:term":[{"taxonomy":"category","embeddable":true,"href":"https:\/\/cdnoticias.com\/index.php\/wp-json\/wp\/v2\/categories?post=213538"},{"taxonomy":"post_tag","embeddable":true,"href":"https:\/\/cdnoticias.com\/index.php\/wp-json\/wp\/v2\/tags?post=213538"}],"curies":[{"name":"wp","href":"https:\/\/api.w.org\/{rel}","templated":true}]}}