{"id":213534,"date":"2026-09-02T12:27:34","date_gmt":"2026-09-02T15:27:34","guid":{"rendered":"https:\/\/cdnoticias.com\/?p=213534"},"modified":"2026-09-02T12:27:36","modified_gmt":"2026-09-02T15:27:36","slug":"detectaron-un-camion-con-27-toneladas-de-exceso-de-peso-en-azul","status":"publish","type":"post","link":"https:\/\/cdnoticias.com\/index.php\/2026\/09\/02\/detectaron-un-camion-con-27-toneladas-de-exceso-de-peso-en-azul\/","title":{"rendered":"Detectaron un cami\u00f3n con 27 toneladas de exceso de peso en Azul"},"content":{"rendered":"<p>El vecino municipio inform\u00f3 que fue infraccionado y el material excedente fue decomisado. El veh\u00edculo hab\u00eda salido de un corral\u00f3n y transitaba por la ciudad.<\/p>\n\n\n<hr class=\"wp-block-separator has-alpha-channel-opacity\"\/>\n\n\n\n<!--more-->\n\n\n\n<p>El <strong>Municipio de Azul <\/strong>dio a conocer que este martes por la tarde<strong> inspectores municipales en conjunto con Polic\u00eda de la Provincia <\/strong>procedieron al <strong>decomiso de material e infracci\u00f3n de un cami\u00f3n<\/strong> que transportaba un<strong> exceso de peso de 27 toneladas<\/strong>.<\/p>\n\n\n\n<p><\/p>\n\n\n\n<p>El veh\u00edculo hab\u00eda sido interceptado en avenida Juan B. Justo y las v\u00edas del ferrocarril y llevado a la <strong>balanza de la ruta 3 <\/strong>donde se <strong>constat\u00f3 la irregularidad.<\/strong><\/p>\n\n\n\n<p><\/p>\n\n\n\n<blockquote class=\"wp-block-quote is-layout-flow wp-block-quote-is-layout-flow\">\n<p>Se comunic\u00f3 que se descarg\u00f3 y decomis\u00f3 el material, adem\u00e1s de labrar el acta de infracci\u00f3n por exceso de peso y circulaci\u00f3n por un sector no autorizado.<\/p>\n<\/blockquote>\n\n\n\n<p><\/p>\n\n\n\n<figure class=\"wp-block-image size-full\"><img data-recalc-dims=\"1\" loading=\"lazy\" decoding=\"async\" width=\"800\" height=\"445\" src=\"https:\/\/i0.wp.com\/cdnoticias.com\/wp-content\/uploads\/2026\/09\/azul-camion-exceso-de-peso-00.jpg?resize=800%2C445&#038;ssl=1\" alt=\"\" class=\"wp-image-213535\" srcset=\"https:\/\/i0.wp.com\/cdnoticias.com\/wp-content\/uploads\/2026\/09\/azul-camion-exceso-de-peso-00.jpg?w=800&amp;ssl=1 800w, https:\/\/i0.wp.com\/cdnoticias.com\/wp-content\/uploads\/2026\/09\/azul-camion-exceso-de-peso-00.jpg?resize=300%2C167&amp;ssl=1 300w, https:\/\/i0.wp.com\/cdnoticias.com\/wp-content\/uploads\/2026\/09\/azul-camion-exceso-de-peso-00.jpg?resize=768%2C427&amp;ssl=1 768w\" sizes=\"auto, (max-width: 800px) 100vw, 800px\" \/><\/figure>\n\n\n\n<p><\/p>\n\n\n\n<p>En tanto, en medios de la vecina ciudad se destac\u00f3 que <strong>el personal policial intercept\u00f3 el veh\u00edculo <\/strong>tras haber <strong>salido de un corral\u00f3n de materiales<\/strong>. Tambi\u00e9n se detall\u00f3 que en la balanza, el <strong>pesaje total arroj\u00f3 72.180 kilos<\/strong>.<\/p>\n\n\n\n<p><\/p>\n\n\n\n<p>Desde la <strong>Estaci\u00f3n de Polic\u00eda Departamental de Seguridad Azul<\/strong> se\u00f1alaron que este tipo de <strong>operativos se realizan diariamente<\/strong> en distintos sectores de la ciudad, con el objetivo de controlar el tr\u00e1nsito de veh\u00edculos de carga.<\/p>\n\n\n\n<p><\/p>\n","protected":false},"excerpt":{"rendered":"<p>El vecino municipio inform\u00f3 que fue infraccionado y el material excedente fue decomisado. El veh\u00edculo hab\u00eda salido de un corral\u00f3n<\/p>\n","protected":false},"author":4,"featured_media":213536,"comment_status":"closed","ping_status":"closed","sticky":false,"template":"","format":"standard","meta":{"_jetpack_memberships_contains_paid_content":false,"footnotes":""},"categories":[6,1],"tags":[],"class_list":["post-213534","post","type-post","status-publish","format-standard","has-post-thumbnail","hentry","category-nacionales","category-portada"],"jetpack_featured_media_url":"https:\/\/i0.wp.com\/cdnoticias.com\/wp-content\/uploads\/2026\/09\/azul-camion-exceso-de-peso.jpg?fit=1000%2C556&ssl=1","jetpack_sharing_enabled":true,"_links":{"self":[{"href":"https:\/\/cdnoticias.com\/index.php\/wp-json\/wp\/v2\/posts\/213534","targetHints":{"allow":["GET"]}}],"collection":[{"href":"https:\/\/cdnoticias.com\/index.php\/wp-json\/wp\/v2\/posts"}],"about":[{"href":"https:\/\/cdnoticias.com\/index.php\/wp-json\/wp\/v2\/types\/post"}],"author":[{"embeddable":true,"href":"https:\/\/cdnoticias.com\/index.php\/wp-json\/wp\/v2\/users\/4"}],"replies":[{"embeddable":true,"href":"https:\/\/cdnoticias.com\/index.php\/wp-json\/wp\/v2\/comments?post=213534"}],"version-history":[{"count":1,"href":"https:\/\/cdnoticias.com\/index.php\/wp-json\/wp\/v2\/posts\/213534\/revisions"}],"predecessor-version":[{"id":213537,"href":"https:\/\/cdnoticias.com\/index.php\/wp-json\/wp\/v2\/posts\/213534\/revisions\/213537"}],"wp:featuredmedia":[{"embeddable":true,"href":"https:\/\/cdnoticias.com\/index.php\/wp-json\/wp\/v2\/media\/213536"}],"wp:attachment":[{"href":"https:\/\/cdnoticias.com\/index.php\/wp-json\/wp\/v2\/media?parent=213534"}],"wp:term":[{"taxonomy":"category","embeddable":true,"href":"https:\/\/cdnoticias.com\/index.php\/wp-json\/wp\/v2\/categories?post=213534"},{"taxonomy":"post_tag","embeddable":true,"href":"https:\/\/cdnoticias.com\/index.php\/wp-json\/wp\/v2\/tags?post=213534"}],"curies":[{"name":"wp","href":"https:\/\/api.w.org\/{rel}","templated":true}]}}