{"id":213532,"date":"2026-09-02T12:15:41","date_gmt":"2026-09-02T15:15:41","guid":{"rendered":"https:\/\/cdnoticias.com\/?p=213532"},"modified":"2026-09-02T12:15:42","modified_gmt":"2026-09-02T15:15:42","slug":"operativo-de-bloqueo-en-hinojo-ante-un-caso-sospechoso-de-coqueluche","status":"publish","type":"post","link":"https:\/\/cdnoticias.com\/index.php\/2026\/09\/02\/operativo-de-bloqueo-en-hinojo-ante-un-caso-sospechoso-de-coqueluche\/","title":{"rendered":"Operativo de bloqueo en Hinojo ante un caso sospechoso de coqueluche"},"content":{"rendered":"\n<p>El dispositivo se desarrollar\u00e1 este jueves desde las 10 horas. Incluir\u00e1 controles de s\u00edntomas y esquemas de vacunaci\u00f3n mediante un recorrido puerta a puerta.<\/p>\n\n\n\n<hr class=\"wp-block-separator has-alpha-channel-opacity\"\/>\n\n\n\n<p>El Municipio de Olavarr\u00eda inform\u00f3 que este <strong>jueves 3 de septiembre<\/strong> se realizar\u00e1 <strong>en Hinojo un operativo de bloqueo ante la detecci\u00f3n de un caso sospechoso de coqueluche,<\/strong> tambi\u00e9n conocida como tos convulsa.<\/p>\n\n\n\n<p><\/p>\n\n\n\n<p>El dispositivo <strong>comenzar\u00e1 a las 10 horas <\/strong>y ser\u00e1 llevado adelante de manera coordinada por la Direcci\u00f3n de Epidemiolog\u00eda e Inmunizaciones y el Centro de Inmunizaciones Banco de Leche.<\/p>\n\n\n\n<p><\/p>\n\n\n\n<blockquote class=\"wp-block-quote is-layout-flow wp-block-quote-is-layout-flow\">\n<p>El operativo tendr\u00e1 lugar en el sector delimitado por las calles Uber, De Pierris, Basterrica y Belgrano, donde se realizar\u00e1 un abordaje puerta a puerta.<\/p>\n<\/blockquote>\n\n\n\n<p><\/p>\n\n\n\n<p>Durante el recorrido <strong>se controlar\u00e1n los s\u00edntomas de las personas y se verificar\u00e1 el esquema de vacunaci\u00f3n.<\/strong> En caso de constatarse la falta de alguna dosis, se realizar\u00e1 la aplicaci\u00f3n en ese momento.<\/p>\n\n\n\n<p><\/p>\n\n\n\n<p>Desde el Municipio solicitaron a la poblaci\u00f3n <strong>tener a mano la libreta sanitaria <\/strong>para facilitar el control de los esquemas de vacunaci\u00f3n.<\/p>\n\n\n\n<p><\/p>\n\n\n\n<p>El operativo quedar\u00e1 suspendido en caso de presentarse condiciones clim\u00e1ticas adversas.<\/p>\n\n\n\n<p><\/p>\n","protected":false},"excerpt":{"rendered":"<p>El dispositivo se desarrollar\u00e1 este jueves desde las 10 horas. Incluir\u00e1 controles de s\u00edntomas y esquemas de vacunaci\u00f3n mediante un<\/p>\n","protected":false},"author":5,"featured_media":195759,"comment_status":"closed","ping_status":"closed","sticky":false,"template":"","format":"standard","meta":{"_jetpack_memberships_contains_paid_content":false,"footnotes":""},"categories":[5,7],"tags":[],"class_list":["post-213532","post","type-post","status-publish","format-standard","has-post-thumbnail","hentry","category-informacion-general","category-central"],"jetpack_featured_media_url":"https:\/\/i0.wp.com\/cdnoticias.com\/wp-content\/uploads\/2026\/02\/vacunacion-gripe-00.jpg?fit=1000%2C667&ssl=1","jetpack_sharing_enabled":true,"_links":{"self":[{"href":"https:\/\/cdnoticias.com\/index.php\/wp-json\/wp\/v2\/posts\/213532","targetHints":{"allow":["GET"]}}],"collection":[{"href":"https:\/\/cdnoticias.com\/index.php\/wp-json\/wp\/v2\/posts"}],"about":[{"href":"https:\/\/cdnoticias.com\/index.php\/wp-json\/wp\/v2\/types\/post"}],"author":[{"embeddable":true,"href":"https:\/\/cdnoticias.com\/index.php\/wp-json\/wp\/v2\/users\/5"}],"replies":[{"embeddable":true,"href":"https:\/\/cdnoticias.com\/index.php\/wp-json\/wp\/v2\/comments?post=213532"}],"version-history":[{"count":1,"href":"https:\/\/cdnoticias.com\/index.php\/wp-json\/wp\/v2\/posts\/213532\/revisions"}],"predecessor-version":[{"id":213533,"href":"https:\/\/cdnoticias.com\/index.php\/wp-json\/wp\/v2\/posts\/213532\/revisions\/213533"}],"wp:featuredmedia":[{"embeddable":true,"href":"https:\/\/cdnoticias.com\/index.php\/wp-json\/wp\/v2\/media\/195759"}],"wp:attachment":[{"href":"https:\/\/cdnoticias.com\/index.php\/wp-json\/wp\/v2\/media?parent=213532"}],"wp:term":[{"taxonomy":"category","embeddable":true,"href":"https:\/\/cdnoticias.com\/index.php\/wp-json\/wp\/v2\/categories?post=213532"},{"taxonomy":"post_tag","embeddable":true,"href":"https:\/\/cdnoticias.com\/index.php\/wp-json\/wp\/v2\/tags?post=213532"}],"curies":[{"name":"wp","href":"https:\/\/api.w.org\/{rel}","templated":true}]}}