{"id":213529,"date":"2026-09-02T19:48:10","date_gmt":"2026-09-02T22:48:10","guid":{"rendered":"https:\/\/cdnoticias.com\/?p=213529"},"modified":"2026-09-02T19:48:12","modified_gmt":"2026-09-02T22:48:12","slug":"dictaran-un-taller-intensivo-de-escritura-autobiografica-en-sala-cabral","status":"publish","type":"post","link":"https:\/\/cdnoticias.com\/index.php\/2026\/09\/02\/dictaran-un-taller-intensivo-de-escritura-autobiografica-en-sala-cabral\/","title":{"rendered":"Dictar\u00e1n un taller intensivo de escritura autobiogr\u00e1fica en Sala Cabral"},"content":{"rendered":"\n<p>La propuesta comenzar\u00e1 el 12 de septiembre y abarcar\u00e1 cuatro s\u00e1bados consecutivos. No requiere experiencia previa en escritura.<\/p>\n\n\n\n<hr class=\"wp-block-separator has-alpha-channel-opacity\"\/>\n\n\n\n<p>Durante septiembre se dictar\u00e1 en Olavarr\u00eda el <strong>taller intensivo de escritura autobiogr\u00e1fica \u201cLa escritura como forma de narrarnos\u201d, <\/strong>una propuesta que invita a <strong>explorar las historias, im\u00e1genes y recuerdos que constituyen a cada persona y su transformaci\u00f3n en escritura.<\/strong><\/p>\n\n\n\n<p><\/p>\n\n\n\n<p>El taller comenzar\u00e1 el <strong>s\u00e1bado 12 de septiembre<\/strong> y se desarrollar\u00e1 durante<strong> cuatro s\u00e1bados consecutivos en Sala Cabral,<\/strong> ubicada en Sargento Cabral 3232. Cada encuentro tendr\u00e1 una <strong>duraci\u00f3n de una hora y media <\/strong>y no ser\u00e1 necesario contar con experiencia previa en escritura.<\/p>\n\n\n\n<p><\/p>\n\n\n\n<blockquote class=\"wp-block-quote is-layout-flow wp-block-quote-is-layout-flow\">\n<p>A lo largo de los encuentros se trabajar\u00e1 con distintas formas de registro y exploraci\u00f3n, entre ellas el autorretrato, el diario, las listas, la observaci\u00f3n, los objetos, las fotograf\u00edas, los recuerdos y el archivo personal.<\/p>\n<\/blockquote>\n\n\n\n<p><\/p>\n\n\n\n<p>El primer encuentro estar\u00e1 dedicado a<strong> \u201cLa materia prima\u201d<\/strong>, con eje en el objeto, el autorretrato y la construcci\u00f3n de una voz propia. El segundo, denominado <strong>\u201cAprender a mirar\u201d<\/strong>, abordar\u00e1 el registro cotidiano, el diario, las listas y la observaci\u00f3n.<\/p>\n\n\n\n<p><\/p>\n\n\n\n<p>En el tercer encuentro, <strong>\u201cEl archivo de una vida\u201d<\/strong>, se trabajar\u00e1 con la infancia, los objetos, las im\u00e1genes, los recuerdos y la memoria. Finalmente,<strong> \u201cLo que queda\u201d <\/strong>estar\u00e1 dedicado a la autobiograf\u00eda, el legado y las historias que se eligen conservar y compartir.<\/p>\n\n\n\n<p><\/p>\n\n\n\n<p>La propuesta contempla instancias de <strong>lectura, ejercicios de escritura, observaci\u00f3n, registro y puesta en com\u00fan.<\/strong> El abordaje parte de la idea de que escribir sobre uno mismo no implica necesariamente narrar la propia vida de principio a fin, sino explorar <strong>qu\u00e9 aspectos de quien escribe aparecen en las historias, im\u00e1genes y palabras que construye.<\/strong><\/p>\n\n\n\n<p><\/p>\n\n\n\n<blockquote class=\"wp-block-quote is-layout-flow wp-block-quote-is-layout-flow\">\n<p>El taller ser\u00e1 dictado por Yesica Guevara. Para obtener m\u00e1s informaci\u00f3n, las personas interesadas pueden comunicarse al 2284-217060 o mediante la cuenta de Instagram @queleistehoy.<\/p>\n<\/blockquote>\n","protected":false},"excerpt":{"rendered":"<p>La propuesta comenzar\u00e1 el 12 de septiembre y abarcar\u00e1 cuatro s\u00e1bados consecutivos. No requiere experiencia previa en escritura. Durante septiembre<\/p>\n","protected":false},"author":5,"featured_media":213530,"comment_status":"closed","ping_status":"closed","sticky":false,"template":"","format":"standard","meta":{"_jetpack_memberships_contains_paid_content":false,"footnotes":""},"categories":[9,1],"tags":[],"class_list":["post-213529","post","type-post","status-publish","format-standard","has-post-thumbnail","hentry","category-cultura","category-portada"],"jetpack_featured_media_url":"https:\/\/i0.wp.com\/cdnoticias.com\/wp-content\/uploads\/2026\/09\/WhatsApp-Image-2026-08-26-at-12.15.58-PM-1.jpeg?fit=800%2C445&ssl=1","jetpack_sharing_enabled":true,"_links":{"self":[{"href":"https:\/\/cdnoticias.com\/index.php\/wp-json\/wp\/v2\/posts\/213529","targetHints":{"allow":["GET"]}}],"collection":[{"href":"https:\/\/cdnoticias.com\/index.php\/wp-json\/wp\/v2\/posts"}],"about":[{"href":"https:\/\/cdnoticias.com\/index.php\/wp-json\/wp\/v2\/types\/post"}],"author":[{"embeddable":true,"href":"https:\/\/cdnoticias.com\/index.php\/wp-json\/wp\/v2\/users\/5"}],"replies":[{"embeddable":true,"href":"https:\/\/cdnoticias.com\/index.php\/wp-json\/wp\/v2\/comments?post=213529"}],"version-history":[{"count":1,"href":"https:\/\/cdnoticias.com\/index.php\/wp-json\/wp\/v2\/posts\/213529\/revisions"}],"predecessor-version":[{"id":213658,"href":"https:\/\/cdnoticias.com\/index.php\/wp-json\/wp\/v2\/posts\/213529\/revisions\/213658"}],"wp:featuredmedia":[{"embeddable":true,"href":"https:\/\/cdnoticias.com\/index.php\/wp-json\/wp\/v2\/media\/213530"}],"wp:attachment":[{"href":"https:\/\/cdnoticias.com\/index.php\/wp-json\/wp\/v2\/media?parent=213529"}],"wp:term":[{"taxonomy":"category","embeddable":true,"href":"https:\/\/cdnoticias.com\/index.php\/wp-json\/wp\/v2\/categories?post=213529"},{"taxonomy":"post_tag","embeddable":true,"href":"https:\/\/cdnoticias.com\/index.php\/wp-json\/wp\/v2\/tags?post=213529"}],"curies":[{"name":"wp","href":"https:\/\/api.w.org\/{rel}","templated":true}]}}