{"id":213523,"date":"2026-09-02T11:30:01","date_gmt":"2026-09-02T14:30:01","guid":{"rendered":"https:\/\/cdnoticias.com\/?p=213523"},"modified":"2026-09-02T11:30:04","modified_gmt":"2026-09-02T14:30:04","slug":"marcelo-petehs-es-intolerable-que-se-ponga-un-horario-para-fallecer","status":"publish","type":"post","link":"https:\/\/cdnoticias.com\/index.php\/2026\/09\/02\/marcelo-petehs-es-intolerable-que-se-ponga-un-horario-para-fallecer\/","title":{"rendered":"Marcelo Petehs: \u201cEs intolerable que se ponga un horario para fallecer\u201d"},"content":{"rendered":"<p>El concejal del bloque Por M\u00e1s Libertad expres\u00f3 el repudio a la modificaci\u00f3n horaria del servicio de la empresa Pinos de Paz S.A.<\/p>\n<p>\u00a0<\/p>\n\n\n<hr class=\"wp-block-separator has-alpha-channel-opacity\"\/>\n\n\n\n<!--more-->\n\n\n\n<p>A trav\u00e9s de un <strong>proyecto presentado<\/strong> este mi\u00e9rcoles en el Concejo Deliberante, el <strong>concejal del bloque Por M\u00e1s Libertad, Marcelo Petehs<\/strong>, expres\u00f3 su <strong>rechazo a la modificaci\u00f3n del horario<\/strong> del servicio <a href=\"https:\/\/cdnoticias.com\/index.php\/2026\/09\/01\/pinos-de-paz-no-retirara-ni-recibira-fallecidos-entre-las-0-y-las-6-desde-el-1-de-septiembre\/\" target=\"_blank\" rel=\"noreferrer noopener\">que dio a conocer la empresa <strong>Pinos de Paz S.A<\/strong><\/a><strong>.<\/strong><\/p>\n\n\n\n<p><\/p>\n\n\n\n<p>El legislador destac\u00f3 que se trata de<strong> \u201cel repudio a la medida tomada por la empresa Pinos de Paz S.A. <\/strong>Estamos dialogando y <strong>buscando una soluci\u00f3n m\u00e1s amigable<\/strong> con los vecinos\u201d.<\/p>\n\n\n\n<p><\/p>\n\n\n\n<p>Consider\u00f3 que es una <strong>\u201cmedida arbitraria<\/strong> de la empresa Pinos de Paz S.A. en cuanto a la no atenci\u00f3n de retiro de \u00f3bitos en horario de 0.00 a 6.00\u201d y que es <strong>\u201cuna determinaci\u00f3n que afecta a quienes deben padecer malos momentos<\/strong> en ese horario, y que demuestra la<strong> falta de empat\u00eda<\/strong>\u201d.<\/p>\n\n\n\n<p><\/p>\n\n\n\n<blockquote class=\"wp-block-quote is-layout-flow wp-block-quote-is-layout-flow\">\n<p>Petehs plante\u00f3 que \u201crecordemos que el servicio de sepelio e inhumaci\u00f3n manejada en forma de monopolio tiene un alto costo econ\u00f3mico. No puede esta empresa, bas\u00e1ndose en una resoluci\u00f3n ministerial, suspender los servicios dentro de una determinada franja horaria. Es intolerable que se ponga un horario para fallecer. Existen otras alternativas para poder cubrir ducho servicio durante las 24 horas\u201d.<\/p>\n<\/blockquote>\n","protected":false},"excerpt":{"rendered":"<p>El concejal del bloque Por M\u00e1s Libertad expres\u00f3 el repudio a la modificaci\u00f3n horaria del servicio de la empresa Pinos<\/p>\n","protected":false},"author":4,"featured_media":206986,"comment_status":"closed","ping_status":"closed","sticky":false,"template":"","format":"standard","meta":{"_jetpack_memberships_contains_paid_content":false,"footnotes":""},"categories":[4,1],"tags":[],"class_list":["post-213523","post","type-post","status-publish","format-standard","has-post-thumbnail","hentry","category-politica","category-portada"],"jetpack_featured_media_url":"https:\/\/i0.wp.com\/cdnoticias.com\/wp-content\/uploads\/2026\/06\/HCD-sesion-25-de-junio-2026-marcelo-petehs.jpg?fit=1000%2C557&ssl=1","jetpack_sharing_enabled":true,"_links":{"self":[{"href":"https:\/\/cdnoticias.com\/index.php\/wp-json\/wp\/v2\/posts\/213523","targetHints":{"allow":["GET"]}}],"collection":[{"href":"https:\/\/cdnoticias.com\/index.php\/wp-json\/wp\/v2\/posts"}],"about":[{"href":"https:\/\/cdnoticias.com\/index.php\/wp-json\/wp\/v2\/types\/post"}],"author":[{"embeddable":true,"href":"https:\/\/cdnoticias.com\/index.php\/wp-json\/wp\/v2\/users\/4"}],"replies":[{"embeddable":true,"href":"https:\/\/cdnoticias.com\/index.php\/wp-json\/wp\/v2\/comments?post=213523"}],"version-history":[{"count":1,"href":"https:\/\/cdnoticias.com\/index.php\/wp-json\/wp\/v2\/posts\/213523\/revisions"}],"predecessor-version":[{"id":213524,"href":"https:\/\/cdnoticias.com\/index.php\/wp-json\/wp\/v2\/posts\/213523\/revisions\/213524"}],"wp:featuredmedia":[{"embeddable":true,"href":"https:\/\/cdnoticias.com\/index.php\/wp-json\/wp\/v2\/media\/206986"}],"wp:attachment":[{"href":"https:\/\/cdnoticias.com\/index.php\/wp-json\/wp\/v2\/media?parent=213523"}],"wp:term":[{"taxonomy":"category","embeddable":true,"href":"https:\/\/cdnoticias.com\/index.php\/wp-json\/wp\/v2\/categories?post=213523"},{"taxonomy":"post_tag","embeddable":true,"href":"https:\/\/cdnoticias.com\/index.php\/wp-json\/wp\/v2\/tags?post=213523"}],"curies":[{"name":"wp","href":"https:\/\/api.w.org\/{rel}","templated":true}]}}