{"id":213520,"date":"2026-09-02T10:34:05","date_gmt":"2026-09-02T13:34:05","guid":{"rendered":"https:\/\/cdnoticias.com\/?p=213520"},"modified":"2026-09-02T10:34:07","modified_gmt":"2026-09-02T13:34:07","slug":"el-gobierno-nacional-subio-el-salario-minimo-cuanto-se-actualizara-por-mes","status":"publish","type":"post","link":"https:\/\/cdnoticias.com\/index.php\/2026\/09\/02\/el-gobierno-nacional-subio-el-salario-minimo-cuanto-se-actualizara-por-mes\/","title":{"rendered":"El Gobierno nacional subi\u00f3 el salario m\u00ednimo: cu\u00e1nto se actualizar\u00e1 por mes"},"content":{"rendered":"<p>Defini\u00f3 por resoluci\u00f3n los montos mensuales para empleados alcanzados por la ley laboral, el trabajo agrario y organismos del Estado nacional.<\/p>\n\n\n<hr class=\"wp-block-separator has-alpha-channel-opacity\"\/>\n\n\n\n<!--more-->\n\n\n\n<p>El Gobierno fij\u00f3 un<strong> nuevo esquema de actualizaciones<\/strong> del<strong>\u00a0Salario M\u00ednimo, Vital y M\u00f3vil (SMVM)<\/strong>\u00a0que regir\u00e1 a partir de septiembre de 2026 y se extender\u00e1 <strong>hasta abril de 2027<\/strong>. La medida, publicada este mi\u00e9rcoles en el Bolet\u00edn Oficial, se dio de manera<strong> unilateral<\/strong> tras el fracaso en la negociaci\u00f3n entre sindicatos y empleadores.<\/p>\n\n\n\n<p id=\"p-1788346927273-33845\"><\/p>\n\n\n\n<blockquote class=\"wp-block-quote is-layout-flow wp-block-quote-is-layout-flow\">\n<p>A partir de\u00a0septiembre, el ingreso m\u00ednimo pasa a $383.800, mientras que en\u00a0octubre\u00a0se ubicar\u00e1 en $391.200, en\u00a0noviembre\u00a0en $398.800 y en\u00a0diciembre\u00a0en $406.400. Desde el pr\u00f3ximo a\u00f1o, el salario ser\u00e1 de $414.200 en\u00a0enero, $422.000 en\u00a0febrero, $429.600 en\u00a0marzo\u00a0y $437.000 en\u00a0abril.<\/p>\n<\/blockquote>\n\n\n\n<p><\/p>\n\n\n\n<p id=\"p-1788346927273-79763\">En el caso de los <strong>trabajadores jornalizados<\/strong>, la actualizaci\u00f3n tambi\u00e9n qued\u00f3 escalonada. Para este a\u00f1o, el valor de la hora se estableci\u00f3 en\u00a0<strong>$1.919 en septiembre<\/strong>,\u00a0<strong>$1.956 en octubre<\/strong>,\u00a0<strong>$1.994 en noviembre<\/strong>,\u00a0<strong>$2.032 en diciembre<\/strong>. Mientras tanto, pasar\u00e1 a ser de\u00a0<strong>$2.071 en enero<\/strong>,\u00a0<strong>$2.110 en febrero<\/strong>,\u00a0<strong>$2.148 en marzo<\/strong>\u00a0y\u00a0<strong>$2.185 en abril<\/strong>.<\/p>\n\n\n\n<p><\/p>\n\n\n\n<p id=\"p-1788346927273-22195\">A su vez, la resoluci\u00f3n tambi\u00e9n sujeta una&nbsp;<strong>actualizaci\u00f3n&nbsp;<\/strong>del mecanismo de la&nbsp;<strong>prestaci\u00f3n por desempleo<\/strong>, que ser\u00e1 equivalente al&nbsp;<strong>75% del salario mensual neto m\u00e1s alto<\/strong>&nbsp;que el trabajador haya percibido en los seis meses previos al final de la relaci\u00f3n laboral. Adem\u00e1s, contar\u00e1 con un piso y un tope directamente vinculados al SMVM:&nbsp;<strong>en ning\u00fan caso podr\u00e1 ser inferior al 50% del salario m\u00ednimo vigente<\/strong>&nbsp;ni superior al 100%.<\/p>\n\n\n\n<p><\/p>\n\n\n\n<p id=\"p-1788346927273-51818\">La medida fue firmada por&nbsp;<strong>Claudia Silvana Testa<\/strong>, en su car\u00e1cter de presidenta alterna del Consejo Nacional del Empleo, la Productividad y el Salario M\u00ednimo, Vital y M\u00f3vil, y alcanza a los trabajadores comprendidos en la&nbsp;<strong>Ley de Contrato de Trabajo 20.744<\/strong>, el&nbsp;<strong>R\u00e9gimen de Trabajo Agrario<\/strong>, la<strong>&nbsp;Administraci\u00f3n P\u00fablica Nacional<\/strong>&nbsp;y los organismos y entidades del Estado nacional que act\u00faen como empleadores.<\/p>\n\n\n\n<p><\/p>\n\n\n\n<h2 class=\"wp-block-heading\" id=\"p-1788346927273-75233\">Sin acuerdo por el salario m\u00ednimo<\/h2>\n\n\n\n<p id=\"p-1788346927273-6042\">La \u00faltima negociaci\u00f3n por el salario m\u00ednimo, que en&nbsp;<strong>agosto&nbsp;<\/strong>fue de&nbsp;<strong>$376.600<\/strong>, se hizo<strong><\/strong>&nbsp;el viernes pasado y volvi\u00f3 a mostrar discrepancias entre&nbsp;<strong>sindicatos (ped\u00edan llevar a $993.000 en diciembre<\/strong>), empresarios y el Gobierno para definir un valor que impacta de manera directa sobre los ingresos de los trabajadores m\u00e1s rezagados del mercado laboral.<\/p>\n\n\n\n<p><\/p>\n\n\n\n<p id=\"p-1788346927273-99389\">La reuni\u00f3n termin\u00f3 otra vez sin acuerdo y dej\u00f3, en los hechos, la definici\u00f3n final en manos del Poder Ejecutivo, como ocurre desde hace m\u00e1s de dos a\u00f1os.<\/p>\n\n\n\n<p><\/p>\n\n\n\n<p id=\"p-1788346927273-43249\">El&nbsp;<strong>SMVM<\/strong>&nbsp;establece el ingreso b\u00e1sico que debe percibir un trabajador por una jornada legal completa y, al mismo tiempo, funciona como referencia para la actualizaci\u00f3n de programas sociales, prestaciones y subsidios.<\/p>\n\n\n\n<p><\/p>\n\n\n\n<p>Fuente: <em>Agencia DIB<\/em><\/p>\n","protected":false},"excerpt":{"rendered":"<p>Defini\u00f3 por resoluci\u00f3n los montos mensuales para empleados alcanzados por la ley laboral, el trabajo agrario y organismos del Estado<\/p>\n","protected":false},"author":4,"featured_media":174405,"comment_status":"closed","ping_status":"closed","sticky":false,"template":"","format":"standard","meta":{"_jetpack_memberships_contains_paid_content":false,"footnotes":""},"categories":[6,1],"tags":[],"class_list":["post-213520","post","type-post","status-publish","format-standard","has-post-thumbnail","hentry","category-nacionales","category-portada"],"jetpack_featured_media_url":"https:\/\/i0.wp.com\/cdnoticias.com\/wp-content\/uploads\/2025\/06\/pesos-cajero-banco.jpg?fit=630%2C420&ssl=1","jetpack_sharing_enabled":true,"_links":{"self":[{"href":"https:\/\/cdnoticias.com\/index.php\/wp-json\/wp\/v2\/posts\/213520","targetHints":{"allow":["GET"]}}],"collection":[{"href":"https:\/\/cdnoticias.com\/index.php\/wp-json\/wp\/v2\/posts"}],"about":[{"href":"https:\/\/cdnoticias.com\/index.php\/wp-json\/wp\/v2\/types\/post"}],"author":[{"embeddable":true,"href":"https:\/\/cdnoticias.com\/index.php\/wp-json\/wp\/v2\/users\/4"}],"replies":[{"embeddable":true,"href":"https:\/\/cdnoticias.com\/index.php\/wp-json\/wp\/v2\/comments?post=213520"}],"version-history":[{"count":1,"href":"https:\/\/cdnoticias.com\/index.php\/wp-json\/wp\/v2\/posts\/213520\/revisions"}],"predecessor-version":[{"id":213521,"href":"https:\/\/cdnoticias.com\/index.php\/wp-json\/wp\/v2\/posts\/213520\/revisions\/213521"}],"wp:featuredmedia":[{"embeddable":true,"href":"https:\/\/cdnoticias.com\/index.php\/wp-json\/wp\/v2\/media\/174405"}],"wp:attachment":[{"href":"https:\/\/cdnoticias.com\/index.php\/wp-json\/wp\/v2\/media?parent=213520"}],"wp:term":[{"taxonomy":"category","embeddable":true,"href":"https:\/\/cdnoticias.com\/index.php\/wp-json\/wp\/v2\/categories?post=213520"},{"taxonomy":"post_tag","embeddable":true,"href":"https:\/\/cdnoticias.com\/index.php\/wp-json\/wp\/v2\/tags?post=213520"}],"curies":[{"name":"wp","href":"https:\/\/api.w.org\/{rel}","templated":true}]}}