{"id":213481,"date":"2026-09-02T08:58:36","date_gmt":"2026-09-02T11:58:36","guid":{"rendered":"https:\/\/cdnoticias.com\/?p=213481"},"modified":"2026-09-02T10:01:42","modified_gmt":"2026-09-02T13:01:42","slug":"barrio-por-barrio-la-jornada-prevista-en-ceco-ii-se-reprogramo-para-el-9-de-septiembre","status":"publish","type":"post","link":"https:\/\/cdnoticias.com\/index.php\/2026\/09\/02\/barrio-por-barrio-la-jornada-prevista-en-ceco-ii-se-reprogramo-para-el-9-de-septiembre\/","title":{"rendered":"Barrio por Barrio: la jornada prevista en Ceco II se reprogram\u00f3 para el 9 de septiembre"},"content":{"rendered":"\n<p>La actividad se posterg\u00f3 por la vigencia de un alerta meteorol\u00f3gico por tormentas. El operativo mantendr\u00e1 como sede la plaza ubicada en avenida De los Trabajadores y Laprida.<\/p>\n\n\n\n<hr class=\"wp-block-separator has-alpha-channel-opacity\"\/>\n\n\n\n<p>El Municipio de Olavarr\u00eda inform\u00f3 que <strong>la jornada del Programa Barrio por Barrio, prevista inicialmente para este mi\u00e9rcoles 2 de septiembre, fue reprogramada para el pr\u00f3ximo mi\u00e9rcoles 9 de septiembre<\/strong> debido a la vigencia de un <a href=\"https:\/\/cdnoticias.com\/index.php\/2026\/09\/01\/alerta-amarilla-por-tormentas-para-olavarria-durante-el-miercoles\/\" data-type=\"link\" data-id=\"https:\/\/cdnoticias.com\/index.php\/2026\/09\/01\/alerta-amarilla-por-tormentas-para-olavarria-durante-el-miercoles\/\">alerta meteorol\u00f3gico por tormentas.<\/a><\/p>\n\n\n\n<p><\/p>\n\n\n\n<p>La actividad tendr\u00e1 como punto de encuentro y atenci\u00f3n la plaza de<strong>l Barrio Ceco II, ubicada sobre avenida De los Trabajadores y Laprida.<\/strong><\/p>\n\n\n\n<p><\/p>\n\n\n\n<p>El dispositivo de<strong> abordaje integral y territorial <\/strong>es llevado adelante mediante el trabajo articulado de distintas \u00e1reas de gobierno y recorre diferentes puntos del Partido para acercar servicios y facilitar la realizaci\u00f3n de tr\u00e1mites municipales.<\/p>\n\n\n\n<p><\/p>\n\n\n\n<p>Durante la jornada, vecinos y vecinas podr\u00e1n acercarse para <strong>evacuar inquietudes, realizar tr\u00e1mites y acceder a diversos servicios.<\/strong><\/p>\n\n\n\n<p><\/p>\n\n\n\n<p>Adem\u00e1s, desde la plaza partir\u00e1 un <strong>operativo \u201cpuerta a puerta\u201d<\/strong> que comprender\u00e1 los<strong> barrios Ceco II, La Loma y Jard\u00edn.<\/strong><\/p>\n\n\n\n<p><\/p>\n\n\n\n<p>Como parte de la jornada, <strong>cuadrillas municipales realizar\u00e1n tareas de mantenimiento y limpieza de espacios p\u00fablicos. <\/strong>Tambi\u00e9n participar\u00e1 personal de empresas que brindan servicios para el Municipio, entre ellas <strong>Coopelectric y Transportes Malvinas.<\/strong><\/p>\n\n\n\n<p><\/p>\n","protected":false},"excerpt":{"rendered":"<p>La actividad se posterg\u00f3 por la vigencia de un alerta meteorol\u00f3gico por tormentas. El operativo mantendr\u00e1 como sede la plaza<\/p>\n","protected":false},"author":5,"featured_media":190132,"comment_status":"closed","ping_status":"closed","sticky":false,"template":"","format":"standard","meta":{"_jetpack_memberships_contains_paid_content":false,"footnotes":""},"categories":[5,1],"tags":[],"class_list":["post-213481","post","type-post","status-publish","format-standard","has-post-thumbnail","hentry","category-informacion-general","category-portada"],"jetpack_featured_media_url":"https:\/\/i0.wp.com\/cdnoticias.com\/wp-content\/uploads\/2025\/12\/barrioporbarrio-independencia.jpg?fit=890%2C585&ssl=1","jetpack_sharing_enabled":true,"_links":{"self":[{"href":"https:\/\/cdnoticias.com\/index.php\/wp-json\/wp\/v2\/posts\/213481","targetHints":{"allow":["GET"]}}],"collection":[{"href":"https:\/\/cdnoticias.com\/index.php\/wp-json\/wp\/v2\/posts"}],"about":[{"href":"https:\/\/cdnoticias.com\/index.php\/wp-json\/wp\/v2\/types\/post"}],"author":[{"embeddable":true,"href":"https:\/\/cdnoticias.com\/index.php\/wp-json\/wp\/v2\/users\/5"}],"replies":[{"embeddable":true,"href":"https:\/\/cdnoticias.com\/index.php\/wp-json\/wp\/v2\/comments?post=213481"}],"version-history":[{"count":1,"href":"https:\/\/cdnoticias.com\/index.php\/wp-json\/wp\/v2\/posts\/213481\/revisions"}],"predecessor-version":[{"id":213482,"href":"https:\/\/cdnoticias.com\/index.php\/wp-json\/wp\/v2\/posts\/213481\/revisions\/213482"}],"wp:featuredmedia":[{"embeddable":true,"href":"https:\/\/cdnoticias.com\/index.php\/wp-json\/wp\/v2\/media\/190132"}],"wp:attachment":[{"href":"https:\/\/cdnoticias.com\/index.php\/wp-json\/wp\/v2\/media?parent=213481"}],"wp:term":[{"taxonomy":"category","embeddable":true,"href":"https:\/\/cdnoticias.com\/index.php\/wp-json\/wp\/v2\/categories?post=213481"},{"taxonomy":"post_tag","embeddable":true,"href":"https:\/\/cdnoticias.com\/index.php\/wp-json\/wp\/v2\/tags?post=213481"}],"curies":[{"name":"wp","href":"https:\/\/api.w.org\/{rel}","templated":true}]}}