{"id":21348,"date":"2021-05-13T11:38:22","date_gmt":"2021-05-13T14:38:22","guid":{"rendered":"http:\/\/www.centraldenoticias.com.ar\/?p=21348"},"modified":"2021-05-13T11:38:22","modified_gmt":"2021-05-13T14:38:22","slug":"conversatorio-virtual-aportes-para-pensar-las-politicas-publicas-de-cuidado","status":"publish","type":"post","link":"https:\/\/cdnoticias.com\/index.php\/2021\/05\/13\/conversatorio-virtual-aportes-para-pensar-las-politicas-publicas-de-cuidado\/","title":{"rendered":"Conversatorio virtual: \u201cAportes para pensar las pol\u00edticas p\u00fablicas de cuidado\u201d"},"content":{"rendered":"<p>Se llevar\u00e1 a cabo el mi\u00e9rcoles 19 desde las 18 horas. Es organizado en conjunto por la Facultad de Ciencias Sociales y la REM-FEM.<\/p>\n<p><!--more--><\/p>\n<hr \/>\n<p>El <strong>Conversatorio virtual \u201cAportes para pensar las pol\u00edticas p\u00fablicas de cuidado. G\u00e9nero, derechos y territorio\u201d<\/strong> se llevar\u00e1 a cabo <strong>el mi\u00e9rcoles 19 de mayo desde las 18 horas<\/strong> y es organizado en conjunto por la <strong>Facultad de Ciencias Sociales y la REM-FEM<\/strong> (Red de Mujeres Feministas especialistas en Territorio, Ciudad, Comunidad). <strong>La actividad ser\u00e1 transmitida en vivo desde el canal de YouTube de la FACSO.<\/strong><\/p>\n<p>&nbsp;<\/p>\n<p>\u201cEl conversatorio buscar\u00e1 <strong>reflexionar sobre el derecho al cuidado<\/strong> y dar a conocer experiencias de <strong>implementaci\u00f3n de pol\u00edticas p\u00fablicas<\/strong> en relaci\u00f3n con \u00e9ste en Uruguay y Argentina, as\u00ed como tambi\u00e9n recuperar los aportes y la mirada de las organizaciones de la sociedad civil que abordan la tem\u00e1tica\u201d indic\u00f3 la unidad acad\u00e9mica.<\/p>\n<p>&nbsp;<\/p>\n<p>\u201cDurante el encuentro se debatir\u00e1 sobre el punto de partida al momento de dise\u00f1ar un sistema de cuidados, las barreras que se presentan al avanzar con su implementaci\u00f3n, los facilitadores, las situaciones que dinamizan dicha implementaci\u00f3n; como as\u00ed tambi\u00e9n se evaluar\u00e1 el camino transitado y la proyecci\u00f3n que se visualiza en las diferentes experiencias de las que participaron y\/o participan las expositoras\u201d se agreg\u00f3.<\/p>\n<p>&nbsp;<\/p>\n<p>Las <strong>expositoras invitadas<\/strong> para la actividad son:<\/p>\n<p>&nbsp;<\/p>\n<ul>\n<li><strong>Patricia Cossani Padilla.<\/strong> Licenciada en Ciencia Pol\u00edtica, especialista en pol\u00edticas p\u00fablicas de g\u00e9nero, cuidados y protecci\u00f3n social. Actualmente es consultora internacional.<\/li>\n<\/ul>\n<p>&nbsp;<\/p>\n<ul>\n<li><strong>Luc\u00eda Cirmi<\/strong>, Economista magna cum laude de la Universidad de Buenos Aires y magister en estudios del desarrollo del International Institute of Social Studies (Holanda). Actualmente es Directora Nacional de Pol\u00edticas de Cuidado del Ministerio de las Mujeres, G\u00e9neros y Diversidad (Argentina).<\/li>\n<\/ul>\n<p>&nbsp;<\/p>\n<ul>\n<li><strong>Luc\u00eda Martelotte<\/strong>, Licenciada en Sociolog\u00eda y en Ciencia Pol\u00edtica por la Universidad de Salamanca y Mag\u00edster en Democracia y Buen Gobierno por la misma Universidad.<\/li>\n<\/ul>\n<p>&nbsp;<\/p>\n<p>La actividad ser\u00e1 moderada por <strong>Celeste \u00c1lvarez,<\/strong> integrante de <strong>REM FEM<\/strong> Argentina.<\/p>\n<p>&nbsp;<\/p>\n<p><strong>Inscripci\u00f3n<\/strong><\/p>\n<p>&nbsp;<\/p>\n<p>El conversatorio se emitir\u00e1 en vivo el <strong>mi\u00e9rcoles 19 de mayo desde las 18 horas<\/strong> (Buenos Aires) a trav\u00e9s del canal de <strong>Youtube de la FACSO.<\/strong> En la transmisi\u00f3n en vivo quienes participen tendr\u00e1n la oportunidad de realizar preguntas, por lo que<strong> se sugiere suscribirse al canal previamente<\/strong>. Quienes quieran certificar su participaci\u00f3n deber\u00e1n en <a href=\"https:\/\/docs.google.com\/forms\/d\/e\/1FAIpQLSfWGU-Ax0-KPT6-_nZSa89qaYGofXopnQ4-hYEEaFVI3j-QDQ\/viewform?gxids=7628\">este formulario.<\/a><\/p>\n","protected":false},"excerpt":{"rendered":"<p>Se llevar\u00e1 a cabo el mi\u00e9rcoles 19 desde las 18 horas. Es organizado en conjunto por la Facultad de Ciencias<\/p>\n","protected":false},"author":6,"featured_media":21349,"comment_status":"closed","ping_status":"closed","sticky":false,"template":"","format":"standard","meta":{"_jetpack_memberships_contains_paid_content":false,"footnotes":""},"categories":[5,1],"tags":[],"class_list":["post-21348","post","type-post","status-publish","format-standard","has-post-thumbnail","hentry","category-informacion-general","category-portada"],"jetpack_featured_media_url":"https:\/\/i0.wp.com\/cdnoticias.com\/wp-content\/uploads\/2021\/05\/REm_Fem-02.png?fit=1023%2C1046&ssl=1","jetpack_sharing_enabled":true,"_links":{"self":[{"href":"https:\/\/cdnoticias.com\/index.php\/wp-json\/wp\/v2\/posts\/21348","targetHints":{"allow":["GET"]}}],"collection":[{"href":"https:\/\/cdnoticias.com\/index.php\/wp-json\/wp\/v2\/posts"}],"about":[{"href":"https:\/\/cdnoticias.com\/index.php\/wp-json\/wp\/v2\/types\/post"}],"author":[{"embeddable":true,"href":"https:\/\/cdnoticias.com\/index.php\/wp-json\/wp\/v2\/users\/6"}],"replies":[{"embeddable":true,"href":"https:\/\/cdnoticias.com\/index.php\/wp-json\/wp\/v2\/comments?post=21348"}],"version-history":[{"count":0,"href":"https:\/\/cdnoticias.com\/index.php\/wp-json\/wp\/v2\/posts\/21348\/revisions"}],"wp:featuredmedia":[{"embeddable":true,"href":"https:\/\/cdnoticias.com\/index.php\/wp-json\/wp\/v2\/media\/21349"}],"wp:attachment":[{"href":"https:\/\/cdnoticias.com\/index.php\/wp-json\/wp\/v2\/media?parent=21348"}],"wp:term":[{"taxonomy":"category","embeddable":true,"href":"https:\/\/cdnoticias.com\/index.php\/wp-json\/wp\/v2\/categories?post=21348"},{"taxonomy":"post_tag","embeddable":true,"href":"https:\/\/cdnoticias.com\/index.php\/wp-json\/wp\/v2\/tags?post=21348"}],"curies":[{"name":"wp","href":"https:\/\/api.w.org\/{rel}","templated":true}]}}