{"id":213460,"date":"2026-09-02T08:25:51","date_gmt":"2026-09-02T11:25:51","guid":{"rendered":"https:\/\/cdnoticias.com\/?p=213460"},"modified":"2026-09-02T10:01:48","modified_gmt":"2026-09-02T13:01:48","slug":"dia-de-la-industria-un-ano-con-balances-y-cargado-de-desafios","status":"publish","type":"post","link":"https:\/\/cdnoticias.com\/index.php\/2026\/09\/02\/dia-de-la-industria-un-ano-con-balances-y-cargado-de-desafios\/","title":{"rendered":"D\u00eda de la Industria: un a\u00f1o con balances y cargado de desaf\u00edos"},"content":{"rendered":"\n<p>En un d\u00eda tan importante para las empresas locales, te presentamos un suplemento especial digital con historias olavarrienses, aquellas que apostaron -y apuestan-por la innovaci\u00f3n, por el desarrollo y por Olavarr\u00eda.<\/p>\n\n\n\n<hr class=\"wp-block-separator aligncenter has-alpha-channel-opacity\"\/>\n\n\n\n<p>Como cada <strong>2 de septiembre, la Industria celebra su d\u00eda<\/strong> y conmemora la primera exportaci\u00f3n registrada oficialmente en la historia del pa\u00eds. Aquella carabela lejana que transportaba tejidos y bolsas de harina se transform\u00f3 en los avances tecnol\u00f3gicos de hoy, con la exportaci\u00f3n de alimentos, materias primas y productos manufacturados.<\/p>\n\n\n\n<p><strong>Para nuestra ciudad, la fecha no es una m\u00e1s: marca un s\u00edmbolo en gran parte de las empresas locales, marcadas a fuego por la industria minera y los servicios que brindan a grandes empresas, como Cementos Avellaneda.<\/strong><\/p>\n\n\n\n<p><strong>La innovaci\u00f3n, la creatividad, y la inversi\u00f3n<\/strong> son caracter\u00edsticas que el empresario olavarriense conoce y muy bien. En un contexto desafiante y con objetivos cada vez m\u00e1s grandes,<strong> la situaci\u00f3n obliga a las empresas a hacer lo que mejor saben hacer \u2013y siempre han hecho- ser creativos y romper el mercado.<\/strong><\/p>\n\n\n\n<p>Desde <strong>Central de Noticias<\/strong> lo vemos, lo valoramos y lo celebramos: este a\u00f1o, <strong>nuevamente presentamos el suplemento especial digital del D\u00eda de la Industria, para contarte la historia de empresas locales que se destacan en sus rubros, que apuestan por nuestra ciudad y piensan en el desarrollo de Olavarr\u00eda y todo el pa\u00eds.<\/strong><\/p>\n\n\n\n<blockquote class=\"wp-block-quote is-layout-flow wp-block-quote-is-layout-flow\">\n<p><a href=\"https:\/\/cdnoticias.com\/industria%202026\/mobile\/index.html\" target=\"_blank\" rel=\"noreferrer noopener\">Podr\u00e1n acceder a la revista desde este link.<\/a><\/p>\n<\/blockquote>\n\n\n\n<figure class=\"wp-block-image size-large\"><img data-recalc-dims=\"1\" loading=\"lazy\" decoding=\"async\" width=\"800\" height=\"563\" src=\"https:\/\/i0.wp.com\/cdnoticias.com\/wp-content\/uploads\/2026\/09\/suplemento-diaindustria.jpg?resize=800%2C563&#038;ssl=1\" alt=\"\" class=\"wp-image-213463\" srcset=\"https:\/\/i0.wp.com\/cdnoticias.com\/wp-content\/uploads\/2026\/09\/suplemento-diaindustria.jpg?resize=1024%2C721&amp;ssl=1 1024w, https:\/\/i0.wp.com\/cdnoticias.com\/wp-content\/uploads\/2026\/09\/suplemento-diaindustria.jpg?resize=300%2C211&amp;ssl=1 300w, https:\/\/i0.wp.com\/cdnoticias.com\/wp-content\/uploads\/2026\/09\/suplemento-diaindustria.jpg?resize=768%2C541&amp;ssl=1 768w, https:\/\/i0.wp.com\/cdnoticias.com\/wp-content\/uploads\/2026\/09\/suplemento-diaindustria.jpg?w=1116&amp;ssl=1 1116w\" sizes=\"auto, (max-width: 800px) 100vw, 800px\" \/><\/figure>\n\n\n\n<p>Empresas como <strong>Cementos Avellaneda, ZMG Argentina, Moov, Metal\u00fargica Herrera, Proveer, Cuni Gonz\u00e1lez, Pura Veta<\/strong> y gremios como la <strong>UOCRA<\/strong>, tan importante para los trabajadores de la construcci\u00f3n, son los protagonistas de esta historia que queremos contarles en 2026.<\/p>\n\n\n\n<p><strong>Saludamos a todos los industriales en su d\u00eda y los acompa\u00f1amos siempre.<\/strong><\/p>\n","protected":false},"excerpt":{"rendered":"<p>En un d\u00eda tan importante para las empresas locales, te presentamos un suplemento especial digital con historias olavarrienses, aquellas que<\/p>\n","protected":false},"author":2,"featured_media":213462,"comment_status":"closed","ping_status":"closed","sticky":false,"template":"","format":"standard","meta":{"_jetpack_memberships_contains_paid_content":false,"footnotes":""},"categories":[5,7],"tags":[],"class_list":["post-213460","post","type-post","status-publish","format-standard","has-post-thumbnail","hentry","category-informacion-general","category-central"],"jetpack_featured_media_url":"https:\/\/i0.wp.com\/cdnoticias.com\/wp-content\/uploads\/2026\/09\/CASA-AR-Planta-Olavarria-scaled-e1788348222670.jpg?fit=2560%2C1220&ssl=1","jetpack_sharing_enabled":true,"_links":{"self":[{"href":"https:\/\/cdnoticias.com\/index.php\/wp-json\/wp\/v2\/posts\/213460","targetHints":{"allow":["GET"]}}],"collection":[{"href":"https:\/\/cdnoticias.com\/index.php\/wp-json\/wp\/v2\/posts"}],"about":[{"href":"https:\/\/cdnoticias.com\/index.php\/wp-json\/wp\/v2\/types\/post"}],"author":[{"embeddable":true,"href":"https:\/\/cdnoticias.com\/index.php\/wp-json\/wp\/v2\/users\/2"}],"replies":[{"embeddable":true,"href":"https:\/\/cdnoticias.com\/index.php\/wp-json\/wp\/v2\/comments?post=213460"}],"version-history":[{"count":2,"href":"https:\/\/cdnoticias.com\/index.php\/wp-json\/wp\/v2\/posts\/213460\/revisions"}],"predecessor-version":[{"id":213470,"href":"https:\/\/cdnoticias.com\/index.php\/wp-json\/wp\/v2\/posts\/213460\/revisions\/213470"}],"wp:featuredmedia":[{"embeddable":true,"href":"https:\/\/cdnoticias.com\/index.php\/wp-json\/wp\/v2\/media\/213462"}],"wp:attachment":[{"href":"https:\/\/cdnoticias.com\/index.php\/wp-json\/wp\/v2\/media?parent=213460"}],"wp:term":[{"taxonomy":"category","embeddable":true,"href":"https:\/\/cdnoticias.com\/index.php\/wp-json\/wp\/v2\/categories?post=213460"},{"taxonomy":"post_tag","embeddable":true,"href":"https:\/\/cdnoticias.com\/index.php\/wp-json\/wp\/v2\/tags?post=213460"}],"curies":[{"name":"wp","href":"https:\/\/api.w.org\/{rel}","templated":true}]}}