{"id":21344,"date":"2021-05-13T10:00:52","date_gmt":"2021-05-13T13:00:52","guid":{"rendered":"http:\/\/www.centraldenoticias.com.ar\/?p=21344"},"modified":"2021-05-13T10:00:52","modified_gmt":"2021-05-13T13:00:52","slug":"asumen-las-nuevas-autoridades-de-la-ucr","status":"publish","type":"post","link":"https:\/\/cdnoticias.com\/index.php\/2021\/05\/13\/asumen-las-nuevas-autoridades-de-la-ucr\/","title":{"rendered":"Asumen las nuevas autoridades de la UCR"},"content":{"rendered":"<p>Ser\u00e1 con un acto virtual este s\u00e1bado. Gonzalo Dolagaray y Bel\u00e9n Vergel asumir\u00e1n la conducci\u00f3n.<!--more--><\/p>\n<hr \/>\n<p><strong>Este s\u00e1bado desde las 14 horas se llevar\u00e1 a cabo en forma virtual el acto de asunci\u00f3n de autoridades de la Uni\u00f3n C\u00edvica Radical de Olavarr\u00eda, encabezadas por el Presidente electo Gonzalo Dolagaray, para el per\u00edodo 2021-2022<\/strong>. Tambi\u00e9n ser\u00e1 proclamada la nueva comisi\u00f3n de la Juventud Radical encabezada por Patricio Gonz\u00e1lez.<\/p>\n<p>&nbsp;<\/p>\n<p>\u201cLuego de lo que fue una hist\u00f3rica<a href=\"https:\/\/cdnoticias.com\/index.php\/2021\/03\/21\/internas-ucr-gano-la-lista-114-y-gonzalo-dolagaray-es-el-presidente-del-comite-local\/\" target=\"_blank\" rel=\"noopener\"> elecci\u00f3n interna el pasado 21 de marzo<\/a>, donde la Lista 114 encabezada por Gonzalo Dolagaray y Bel\u00e9n Vergel resultara triunfadora, llega el momento de que las nuevas autoridades, elegidas por los casi 1200 afiliados que se acercaron a votar, asuman su cargos\u201d se inform\u00f3 desde la UCR.<\/p>\n<p>&nbsp;<\/p>\n<p>El evento, que <strong>se desarrollar\u00e1 a trav\u00e9s de la plataforma Zoom<\/strong>, podr\u00e1 ser seguido en vivo a trav\u00e9s de la cuenta de Facebook de la UCR de Olavarr\u00eda.<\/p>\n<p><img data-recalc-dims=\"1\" loading=\"lazy\" decoding=\"async\" class=\"aligncenter wp-image-21345\" src=\"https:\/\/i0.wp.com\/cdnoticias.com\/wp-content\/uploads\/2021\/05\/UCR.png?resize=400%2C400&#038;ssl=1\" alt=\"\" width=\"400\" height=\"400\" srcset=\"https:\/\/i0.wp.com\/cdnoticias.com\/wp-content\/uploads\/2021\/05\/UCR.png?resize=1024%2C1024&amp;ssl=1 1024w, https:\/\/i0.wp.com\/cdnoticias.com\/wp-content\/uploads\/2021\/05\/UCR.png?resize=150%2C150&amp;ssl=1 150w, https:\/\/i0.wp.com\/cdnoticias.com\/wp-content\/uploads\/2021\/05\/UCR.png?resize=300%2C300&amp;ssl=1 300w, https:\/\/i0.wp.com\/cdnoticias.com\/wp-content\/uploads\/2021\/05\/UCR.png?resize=768%2C768&amp;ssl=1 768w, https:\/\/i0.wp.com\/cdnoticias.com\/wp-content\/uploads\/2021\/05\/UCR.png?w=1080&amp;ssl=1 1080w\" sizes=\"auto, (max-width: 400px) 100vw, 400px\" \/><\/p>\n<p>&nbsp;<\/p>\n<p><strong>Dolagaray reemplazar\u00e1 en el cargo de presidente a Francisco Gonzalez<\/strong>, quien estuvo al frente de la UCR local durante los \u00faltimos 2 per\u00edodos y que ahora asumir\u00e1 el cargo de primer delegado a la Convenci\u00f3n Provincial del radicalismo.<\/p>\n<p>&nbsp;<\/p>\n<blockquote><p>Se adelant\u00f3 que las tres listas que participaron de la interna tendr\u00e1n representaci\u00f3n en el plenario que se conformar\u00e1 este s\u00e1bado, y que estar\u00e1 en funciones hasta fines de 2022 donde deber\u00edan renovarse los cargos.<\/p><\/blockquote>\n<p>&nbsp;<\/p>\n<p>En la oportunidad, tambi\u00e9n asumir\u00e1n sus cargos las <strong>autoridades de la Juventud Radical<\/strong>, que no debieron definirse mediante el voto ya que s\u00f3lo una lista se present\u00f3 a la convocatoria. <strong>Patricio Gonzalez<\/strong> ser\u00e1 el nuevo Presidente, acompa\u00f1ado por Mar\u00eda P\u00eda Duval como vice, y Tom\u00e1s Leira como Secretario General.<\/p>\n","protected":false},"excerpt":{"rendered":"<p>Ser\u00e1 con un acto virtual este s\u00e1bado. Gonzalo Dolagaray y Bel\u00e9n Vergel asumir\u00e1n la conducci\u00f3n.<\/p>\n","protected":false},"author":4,"featured_media":21346,"comment_status":"closed","ping_status":"closed","sticky":false,"template":"","format":"standard","meta":{"_jetpack_memberships_contains_paid_content":false,"footnotes":""},"categories":[4,1],"tags":[],"class_list":["post-21344","post","type-post","status-publish","format-standard","has-post-thumbnail","hentry","category-politica","category-portada"],"jetpack_featured_media_url":"https:\/\/i0.wp.com\/cdnoticias.com\/wp-content\/uploads\/2021\/05\/UCR.jpg?fit=6000%2C3368&ssl=1","jetpack_sharing_enabled":true,"_links":{"self":[{"href":"https:\/\/cdnoticias.com\/index.php\/wp-json\/wp\/v2\/posts\/21344","targetHints":{"allow":["GET"]}}],"collection":[{"href":"https:\/\/cdnoticias.com\/index.php\/wp-json\/wp\/v2\/posts"}],"about":[{"href":"https:\/\/cdnoticias.com\/index.php\/wp-json\/wp\/v2\/types\/post"}],"author":[{"embeddable":true,"href":"https:\/\/cdnoticias.com\/index.php\/wp-json\/wp\/v2\/users\/4"}],"replies":[{"embeddable":true,"href":"https:\/\/cdnoticias.com\/index.php\/wp-json\/wp\/v2\/comments?post=21344"}],"version-history":[{"count":0,"href":"https:\/\/cdnoticias.com\/index.php\/wp-json\/wp\/v2\/posts\/21344\/revisions"}],"wp:featuredmedia":[{"embeddable":true,"href":"https:\/\/cdnoticias.com\/index.php\/wp-json\/wp\/v2\/media\/21346"}],"wp:attachment":[{"href":"https:\/\/cdnoticias.com\/index.php\/wp-json\/wp\/v2\/media?parent=21344"}],"wp:term":[{"taxonomy":"category","embeddable":true,"href":"https:\/\/cdnoticias.com\/index.php\/wp-json\/wp\/v2\/categories?post=21344"},{"taxonomy":"post_tag","embeddable":true,"href":"https:\/\/cdnoticias.com\/index.php\/wp-json\/wp\/v2\/tags?post=21344"}],"curies":[{"name":"wp","href":"https:\/\/api.w.org\/{rel}","templated":true}]}}