{"id":213438,"date":"2026-09-01T20:28:22","date_gmt":"2026-09-01T23:28:22","guid":{"rendered":"https:\/\/cdnoticias.com\/?p=213438"},"modified":"2026-09-01T20:28:24","modified_gmt":"2026-09-01T23:28:24","slug":"un-movil-de-transito-municipal-choco-contra-una-motocicleta-en-la-bajada-del-puente-de-avenida-colon","status":"publish","type":"post","link":"https:\/\/cdnoticias.com\/index.php\/2026\/09\/01\/un-movil-de-transito-municipal-choco-contra-una-motocicleta-en-la-bajada-del-puente-de-avenida-colon\/","title":{"rendered":"Un m\u00f3vil de Tr\u00e1nsito Municipal choc\u00f3 contra una motocicleta en la bajada del puente de avenida Col\u00f3n"},"content":{"rendered":"\n<p>La conductora del rodado menor sufri\u00f3 golpes y heridas y fue trasladada al Hospital Municipal para recibir atenci\u00f3n m\u00e9dica.<\/p>\n\n\n\n<hr class=\"wp-block-separator aligncenter has-alpha-channel-opacity\"\/>\n\n\n\n<p>En el inicio de la noche de este martes <strong>una mujer result\u00f3 herida en un siniestro vial sobre la bajada del puente de avenida Col\u00f3n, en direcci\u00f3n a calle Rivadavia.<\/strong><\/p>\n\n\n\n<p>El hecho involucr\u00f3 a un autom\u00f3vil<strong> Volkswagen Gol perteneciente al \u00e1rea de Tr\u00e1nsito Municipal y a una motocicleta de 110 cent\u00edmetros c\u00fabicos.<\/strong><\/p>\n\n\n\n<p>De acuerdo con lo informado en el lugar, <strong>la motocicleta se encontraba detenida sobre la calzada por causas que intentan establecerse. El veh\u00edculo oficial descend\u00eda del puente cuando, seg\u00fan se indic\u00f3, no habr\u00eda logrado esquivar al rodado menor y termin\u00f3 impact\u00e1ndolo.<\/strong><\/p>\n\n\n\n<figure class=\"wp-block-image size-full\"><img data-recalc-dims=\"1\" loading=\"lazy\" decoding=\"async\" width=\"800\" height=\"445\" src=\"https:\/\/i0.wp.com\/cdnoticias.com\/wp-content\/uploads\/2026\/09\/moto-bajada-puente1.jpg?resize=800%2C445&#038;ssl=1\" alt=\"\" class=\"wp-image-213439\" srcset=\"https:\/\/i0.wp.com\/cdnoticias.com\/wp-content\/uploads\/2026\/09\/moto-bajada-puente1.jpg?w=800&amp;ssl=1 800w, https:\/\/i0.wp.com\/cdnoticias.com\/wp-content\/uploads\/2026\/09\/moto-bajada-puente1.jpg?resize=300%2C167&amp;ssl=1 300w, https:\/\/i0.wp.com\/cdnoticias.com\/wp-content\/uploads\/2026\/09\/moto-bajada-puente1.jpg?resize=768%2C427&amp;ssl=1 768w\" sizes=\"auto, (max-width: 800px) 100vw, 800px\" \/><\/figure>\n\n\n\n<p>A ra\u00edz de la colisi\u00f3n, la mujer que conduc\u00eda la motocicleta sufri\u00f3 golpes y heridas. <strong>Minutos despu\u00e9s, fue trasladada por una ambulancia del Servicio de Salud P\u00fablica al Hospital Municipal \u201cDr. H\u00e9ctor M. Cura\u201d.<\/strong> Adem\u00e1s de personal policial, tambi\u00e9n intervino personal de Bomberos, dado que el hecho se produjo pr\u00e1cticamente en las puertas del Cuartel Central.<\/p>\n\n\n\n<p>Hasta tanto se conozca la gravedad de las lesiones de la motociclista, <strong>personal de Comando de Patrullas reorden\u00f3 el tr\u00e1nsito: se encuentra cortado la mano del puente que va hacia Rivadavia, mientras que la mano hacia Urquiza se encuentra liberada al tr\u00e1nsito.<\/strong><\/p>\n\n\n\n<p><\/p>\n","protected":false},"excerpt":{"rendered":"<p>La conductora del rodado menor sufri\u00f3 golpes y heridas y fue trasladada al Hospital Municipal para recibir atenci\u00f3n m\u00e9dica. En<\/p>\n","protected":false},"author":2,"featured_media":213440,"comment_status":"closed","ping_status":"closed","sticky":false,"template":"","format":"standard","meta":{"_jetpack_memberships_contains_paid_content":false,"footnotes":""},"categories":[7,14],"tags":[],"class_list":["post-213438","post","type-post","status-publish","format-standard","has-post-thumbnail","hentry","category-central","category-policiales"],"jetpack_featured_media_url":"https:\/\/i0.wp.com\/cdnoticias.com\/wp-content\/uploads\/2026\/09\/moto-bajada-puente.jpg?fit=800%2C445&ssl=1","jetpack_sharing_enabled":true,"_links":{"self":[{"href":"https:\/\/cdnoticias.com\/index.php\/wp-json\/wp\/v2\/posts\/213438","targetHints":{"allow":["GET"]}}],"collection":[{"href":"https:\/\/cdnoticias.com\/index.php\/wp-json\/wp\/v2\/posts"}],"about":[{"href":"https:\/\/cdnoticias.com\/index.php\/wp-json\/wp\/v2\/types\/post"}],"author":[{"embeddable":true,"href":"https:\/\/cdnoticias.com\/index.php\/wp-json\/wp\/v2\/users\/2"}],"replies":[{"embeddable":true,"href":"https:\/\/cdnoticias.com\/index.php\/wp-json\/wp\/v2\/comments?post=213438"}],"version-history":[{"count":1,"href":"https:\/\/cdnoticias.com\/index.php\/wp-json\/wp\/v2\/posts\/213438\/revisions"}],"predecessor-version":[{"id":213441,"href":"https:\/\/cdnoticias.com\/index.php\/wp-json\/wp\/v2\/posts\/213438\/revisions\/213441"}],"wp:featuredmedia":[{"embeddable":true,"href":"https:\/\/cdnoticias.com\/index.php\/wp-json\/wp\/v2\/media\/213440"}],"wp:attachment":[{"href":"https:\/\/cdnoticias.com\/index.php\/wp-json\/wp\/v2\/media?parent=213438"}],"wp:term":[{"taxonomy":"category","embeddable":true,"href":"https:\/\/cdnoticias.com\/index.php\/wp-json\/wp\/v2\/categories?post=213438"},{"taxonomy":"post_tag","embeddable":true,"href":"https:\/\/cdnoticias.com\/index.php\/wp-json\/wp\/v2\/tags?post=213438"}],"curies":[{"name":"wp","href":"https:\/\/api.w.org\/{rel}","templated":true}]}}