{"id":213436,"date":"2026-09-01T20:14:35","date_gmt":"2026-09-01T23:14:35","guid":{"rendered":"https:\/\/cdnoticias.com\/?p=213436"},"modified":"2026-09-01T20:14:37","modified_gmt":"2026-09-01T23:14:37","slug":"trabajadores-nodocentes-de-la-uncpba-realizaran-un-paro-de-24-horas-este-2-de-septiembre","status":"publish","type":"post","link":"https:\/\/cdnoticias.com\/index.php\/2026\/09\/01\/trabajadores-nodocentes-de-la-uncpba-realizaran-un-paro-de-24-horas-este-2-de-septiembre\/","title":{"rendered":"Trabajadores nodocentes de la UNCPBA realizar\u00e1n un paro de 24 horas este 2 de septiembre"},"content":{"rendered":"\n<p>La medida responde al rechazo a una propuesta salarial del 3%. El gremio reclama recuperar el poder adquisitivo y cumplir con la Ley de Financiamiento Universitario.<\/p>\n\n\n\n<hr class=\"wp-block-separator aligncenter has-alpha-channel-opacity\"\/>\n\n\n\n<p><strong>Las y los trabajadores nodocentes <\/strong>de las Universidades Nacionales realizar\u00e1n este <strong>mi\u00e9rcoles 2 de septiembre un paro total de actividades por 24 horas, seg\u00fan inform\u00f3 la Asociaci\u00f3n de Trabajadores de la Universidad Nacional del Centro de la Provincia de Buenos Aires (ATUNCPBA).<\/strong><\/p>\n\n\n\n<blockquote class=\"wp-block-quote is-layout-flow wp-block-quote-is-layout-flow\">\n<p>La medida se lleva adelante en rechazo a la propuesta de aumento salarial del 3%, considerada por el gremio como insuficiente frente a la p\u00e9rdida salarial registrada.<\/p>\n<\/blockquote>\n\n\n\n<p>Desde ATUNCPBA se\u00f1alaron que la organizaci\u00f3n sindical<strong> reclama evitar una nueva p\u00e9rdida del poder adquisitivo y cuestiona que los salarios se ubiquen por debajo de la inflaci\u00f3n.<\/strong><\/p>\n\n\n\n<p>En ese marco, el gremio tambi\u00e9n manifest\u00f3 su<strong> rechazo al desfinanciamiento de las Universidades Nacionales y sostuvo que las y los trabajadores nodocentes continuar\u00e1n defendiendo sus derechos.<\/strong><\/p>\n\n\n\n<p>Entre los reclamos planteados se encuentran la <strong>obtenci\u00f3n de salarios dignos, la recuperaci\u00f3n del poder adquisitivo, el cumplimiento de la Ley de Financiamiento Universitario y la defensa de una Universidad P\u00fablica, gratuita y de calidad.<\/strong><\/p>\n","protected":false},"excerpt":{"rendered":"<p>La medida responde al rechazo a una propuesta salarial del 3%. El gremio reclama recuperar el poder adquisitivo y cumplir<\/p>\n","protected":false},"author":2,"featured_media":182690,"comment_status":"closed","ping_status":"closed","sticky":false,"template":"","format":"standard","meta":{"_jetpack_memberships_contains_paid_content":false,"footnotes":""},"categories":[4,1],"tags":[],"class_list":["post-213436","post","type-post","status-publish","format-standard","has-post-thumbnail","hentry","category-politica","category-portada"],"jetpack_featured_media_url":"https:\/\/i0.wp.com\/cdnoticias.com\/wp-content\/uploads\/2025\/09\/Marcha-Universidad-Publica-Olavarria-29.jpg?fit=1024%2C680&ssl=1","jetpack_sharing_enabled":true,"_links":{"self":[{"href":"https:\/\/cdnoticias.com\/index.php\/wp-json\/wp\/v2\/posts\/213436","targetHints":{"allow":["GET"]}}],"collection":[{"href":"https:\/\/cdnoticias.com\/index.php\/wp-json\/wp\/v2\/posts"}],"about":[{"href":"https:\/\/cdnoticias.com\/index.php\/wp-json\/wp\/v2\/types\/post"}],"author":[{"embeddable":true,"href":"https:\/\/cdnoticias.com\/index.php\/wp-json\/wp\/v2\/users\/2"}],"replies":[{"embeddable":true,"href":"https:\/\/cdnoticias.com\/index.php\/wp-json\/wp\/v2\/comments?post=213436"}],"version-history":[{"count":1,"href":"https:\/\/cdnoticias.com\/index.php\/wp-json\/wp\/v2\/posts\/213436\/revisions"}],"predecessor-version":[{"id":213437,"href":"https:\/\/cdnoticias.com\/index.php\/wp-json\/wp\/v2\/posts\/213436\/revisions\/213437"}],"wp:featuredmedia":[{"embeddable":true,"href":"https:\/\/cdnoticias.com\/index.php\/wp-json\/wp\/v2\/media\/182690"}],"wp:attachment":[{"href":"https:\/\/cdnoticias.com\/index.php\/wp-json\/wp\/v2\/media?parent=213436"}],"wp:term":[{"taxonomy":"category","embeddable":true,"href":"https:\/\/cdnoticias.com\/index.php\/wp-json\/wp\/v2\/categories?post=213436"},{"taxonomy":"post_tag","embeddable":true,"href":"https:\/\/cdnoticias.com\/index.php\/wp-json\/wp\/v2\/tags?post=213436"}],"curies":[{"name":"wp","href":"https:\/\/api.w.org\/{rel}","templated":true}]}}