{"id":213432,"date":"2026-09-01T20:09:59","date_gmt":"2026-09-01T23:09:59","guid":{"rendered":"https:\/\/cdnoticias.com\/?p=213432"},"modified":"2026-09-01T20:10:00","modified_gmt":"2026-09-01T23:10:00","slug":"pinos-de-paz-no-retirara-ni-recibira-fallecidos-entre-las-0-y-las-6-desde-el-1-de-septiembre","status":"publish","type":"post","link":"https:\/\/cdnoticias.com\/index.php\/2026\/09\/01\/pinos-de-paz-no-retirara-ni-recibira-fallecidos-entre-las-0-y-las-6-desde-el-1-de-septiembre\/","title":{"rendered":"Pinos de Paz no retirar\u00e1 ni recibir\u00e1 fallecidos entre las 0 y las 6 desde el 1\u00b0 de septiembre"},"content":{"rendered":"\n<p>La empresa atribuy\u00f3 la modificaci\u00f3n a la Resoluci\u00f3n 2879\/25 del Ministerio de Trabajo bonaerense. El organismo sali\u00f3 al cruce y desminti\u00f3 la informaci\u00f3n: \u201cla medida no impide la realizaci\u00f3n de horas nocturnas\u201d.<\/p>\n\n\n\n<hr class=\"wp-block-separator aligncenter has-alpha-channel-opacity\"\/>\n\n\n\n<p>La empresa <strong>Pinos de Paz comunic\u00f3 una reestructuraci\u00f3n en su \u00e1rea operativa a partir del 1\u00b0 de septiembre, que contempla cambios en la prestaci\u00f3n del servicio durante el horario nocturno.<\/strong><\/p>\n\n\n\n<p>Seg\u00fan una comunicaci\u00f3n dirigida a sus destinatarios, <strong>el Directorio de la empresa resolvi\u00f3 que entre las 00 y las 06 horas no se proceder\u00e1 a retirar ni recibir \u00f3bitos.<\/strong><\/p>\n\n\n\n<p>Pinos de Paz se\u00f1al\u00f3 que la modificaci\u00f3n responde a la necesidad de dar<strong> cumplimiento a la Resoluci\u00f3n 2879\/25 del Ministerio de Trabajo de la Provincia de Buenos Aires, vinculada con la insalubridad del personal de la empresa.<\/strong><\/p>\n\n\n\n<p>En el mismo comunicado, <strong>la firma aclar\u00f3 que la oficina de recepci\u00f3n permanecer\u00e1 abierta las 24 horas.<\/strong><\/p>\n\n\n\n<p>Minutos despu\u00e9s, <strong>la Delegaci\u00f3n Olavarr\u00eda del Ministerio de Trabajo desminti\u00f3 el comunicado de Pinos de Paz.<\/strong> En ese sentido, sostuvo que<strong> la decisi\u00f3n de no prestar servicios entre las 00 y las 06 horas es exclusiva de la empresa.<\/strong><\/p>\n\n\n\n<p>Seg\u00fan inform\u00f3 la dependencia,<strong> el Ministerio estableci\u00f3 para la empresa una jornada insalubre, que determina que la jornada laboral no debe superar las seis horas diarias. La medida, aclar\u00f3 el organismo, no impide la realizaci\u00f3n de horas nocturnas<\/strong>. En ese sentido, sostuvo que la decisi\u00f3n de Pinos de Paz de no prestar servicios entre las 00 y las 06 horas es exclusiva de la empresa.<\/p>\n\n\n\n<p>Por ese motivo, la Delegaci\u00f3n Olavarr\u00eda del Ministerio de Trabajo<strong> indic\u00f3 que ser\u00e1 Pinos de Paz la empresa que deber\u00e1 comunicar a la comunidad de Olavarr\u00eda las razones de dicha decisi\u00f3n.<\/strong><\/p>\n","protected":false},"excerpt":{"rendered":"<p>La empresa atribuy\u00f3 la modificaci\u00f3n a la Resoluci\u00f3n 2879\/25 del Ministerio de Trabajo bonaerense. El organismo sali\u00f3 al cruce y<\/p>\n","protected":false},"author":2,"featured_media":213433,"comment_status":"closed","ping_status":"closed","sticky":false,"template":"","format":"standard","meta":{"_jetpack_memberships_contains_paid_content":false,"footnotes":""},"categories":[5,7],"tags":[],"class_list":["post-213432","post","type-post","status-publish","format-standard","has-post-thumbnail","hentry","category-informacion-general","category-central"],"jetpack_featured_media_url":"https:\/\/i0.wp.com\/cdnoticias.com\/wp-content\/uploads\/2026\/09\/pinos-de-paz.jpg?fit=1110%2C512&ssl=1","jetpack_sharing_enabled":true,"_links":{"self":[{"href":"https:\/\/cdnoticias.com\/index.php\/wp-json\/wp\/v2\/posts\/213432","targetHints":{"allow":["GET"]}}],"collection":[{"href":"https:\/\/cdnoticias.com\/index.php\/wp-json\/wp\/v2\/posts"}],"about":[{"href":"https:\/\/cdnoticias.com\/index.php\/wp-json\/wp\/v2\/types\/post"}],"author":[{"embeddable":true,"href":"https:\/\/cdnoticias.com\/index.php\/wp-json\/wp\/v2\/users\/2"}],"replies":[{"embeddable":true,"href":"https:\/\/cdnoticias.com\/index.php\/wp-json\/wp\/v2\/comments?post=213432"}],"version-history":[{"count":1,"href":"https:\/\/cdnoticias.com\/index.php\/wp-json\/wp\/v2\/posts\/213432\/revisions"}],"predecessor-version":[{"id":213434,"href":"https:\/\/cdnoticias.com\/index.php\/wp-json\/wp\/v2\/posts\/213432\/revisions\/213434"}],"wp:featuredmedia":[{"embeddable":true,"href":"https:\/\/cdnoticias.com\/index.php\/wp-json\/wp\/v2\/media\/213433"}],"wp:attachment":[{"href":"https:\/\/cdnoticias.com\/index.php\/wp-json\/wp\/v2\/media?parent=213432"}],"wp:term":[{"taxonomy":"category","embeddable":true,"href":"https:\/\/cdnoticias.com\/index.php\/wp-json\/wp\/v2\/categories?post=213432"},{"taxonomy":"post_tag","embeddable":true,"href":"https:\/\/cdnoticias.com\/index.php\/wp-json\/wp\/v2\/tags?post=213432"}],"curies":[{"name":"wp","href":"https:\/\/api.w.org\/{rel}","templated":true}]}}