{"id":213396,"date":"2026-09-01T18:58:34","date_gmt":"2026-09-01T21:58:34","guid":{"rendered":"https:\/\/cdnoticias.com\/?p=213396"},"modified":"2026-09-01T18:58:36","modified_gmt":"2026-09-01T21:58:36","slug":"taekwondo-tuvo-su-segundo-examen-del-ano-y-sumo-nuevas-graduaciones","status":"publish","type":"post","link":"https:\/\/cdnoticias.com\/index.php\/2026\/09\/01\/taekwondo-tuvo-su-segundo-examen-del-ano-y-sumo-nuevas-graduaciones\/","title":{"rendered":"Taekwondo tuvo su segundo examen del a\u00f1o y sum\u00f3 nuevas graduaciones"},"content":{"rendered":"\n<p>La evaluaci\u00f3n se realiz\u00f3 en el Club Loma Negra y contempl\u00f3 categor\u00edas desde blanco punta amarilla hasta rojo punta negra.<\/p>\n\n\n\n<hr class=\"wp-block-separator aligncenter has-alpha-channel-opacity\"\/>\n\n\n\n<p>El <strong>taekwondo tuvo una nueva jornada de evaluaci\u00f3n en el Club Loma Negra,<\/strong> donde se llev\u00f3 a cabo el <strong>segundo examen del a\u00f1o y varios alumnos alcanzaron una nueva graduaci\u00f3n.<\/strong><\/p>\n\n\n\n<p><\/p>\n\n\n\n<blockquote class=\"wp-block-quote is-layout-flow wp-block-quote-is-layout-flow\">\n<p>La instancia contempl\u00f3 distintos niveles, de acuerdo con el progreso alcanzado por cada alumno, desde cintur\u00f3n blanco punta amarilla hasta rojo punta negra.<\/p>\n<\/blockquote>\n\n\n\n<p><\/p>\n\n\n\n<p><strong>Los graduados fueron:<\/strong><\/p>\n\n\n\n<ul class=\"wp-block-list\">\n<li>Blanco punta amarilla: Esperanza P\u00e9rez Weisbkek y Benicio Ciros.<\/li>\n\n\n\n<li>Amarillo: Guadalupe Murabito, Hassan Bosso, Victoria Wu y Hano Silva.<\/li>\n\n\n\n<li>Punta verde: Alma Chocobar, Ximena Urrutia, Francesco Inostroza, Eloy Gonz\u00e1lez, Francisco Caronni, Trinidad Espaldet, Genaro Quinteros y Bautista Villemur.<\/li>\n\n\n\n<li>Verde: Sof\u00eda Palahy, Miguel \u00c1ngel Nucci y \u00c1lvaro Mata.<\/li>\n\n\n\n<li>Punta azul: Emilia Fonseca y Renata Oliva.<\/li>\n\n\n\n<li>Azul: Lautaro Araya, Lautaro L\u00f3pez Torres, Ignacio Collado, Santiago Solle y Julieta Ceccarelli.<\/li>\n\n\n\n<li>Punta roja: Mar\u00eda Paz Dietz, Ciro Aravena, Giovanna Occhi, Lucas Fonseca, Facundo Cueli y Milagros Las Heras.<\/li>\n\n\n\n<li>Rojo punta negra: Bladimir Pacheco y Genaro Weimann.<\/li>\n<\/ul>\n\n\n\n<p><\/p>\n\n\n\n<p>La jornada permiti\u00f3 a los participantes avanzar en sus respectivas graduaciones a partir de la evaluaci\u00f3n de los conocimientos y el progreso alcanzado en la disciplina.<\/p>\n\n\n\n<p><\/p>\n","protected":false},"excerpt":{"rendered":"<p>La evaluaci\u00f3n se realiz\u00f3 en el Club Loma Negra y contempl\u00f3 categor\u00edas desde blanco punta amarilla hasta rojo punta negra.<\/p>\n","protected":false},"author":6,"featured_media":213397,"comment_status":"closed","ping_status":"closed","sticky":false,"template":"","format":"standard","meta":{"_jetpack_memberships_contains_paid_content":false,"footnotes":""},"categories":[29],"tags":[],"class_list":["post-213396","post","type-post","status-publish","format-standard","has-post-thumbnail","hentry","category-deportes"],"jetpack_featured_media_url":"https:\/\/i0.wp.com\/cdnoticias.com\/wp-content\/uploads\/2026\/09\/taekwondo.png?fit=900%2C514&ssl=1","jetpack_sharing_enabled":true,"_links":{"self":[{"href":"https:\/\/cdnoticias.com\/index.php\/wp-json\/wp\/v2\/posts\/213396","targetHints":{"allow":["GET"]}}],"collection":[{"href":"https:\/\/cdnoticias.com\/index.php\/wp-json\/wp\/v2\/posts"}],"about":[{"href":"https:\/\/cdnoticias.com\/index.php\/wp-json\/wp\/v2\/types\/post"}],"author":[{"embeddable":true,"href":"https:\/\/cdnoticias.com\/index.php\/wp-json\/wp\/v2\/users\/6"}],"replies":[{"embeddable":true,"href":"https:\/\/cdnoticias.com\/index.php\/wp-json\/wp\/v2\/comments?post=213396"}],"version-history":[{"count":0,"href":"https:\/\/cdnoticias.com\/index.php\/wp-json\/wp\/v2\/posts\/213396\/revisions"}],"wp:featuredmedia":[{"embeddable":true,"href":"https:\/\/cdnoticias.com\/index.php\/wp-json\/wp\/v2\/media\/213397"}],"wp:attachment":[{"href":"https:\/\/cdnoticias.com\/index.php\/wp-json\/wp\/v2\/media?parent=213396"}],"wp:term":[{"taxonomy":"category","embeddable":true,"href":"https:\/\/cdnoticias.com\/index.php\/wp-json\/wp\/v2\/categories?post=213396"},{"taxonomy":"post_tag","embeddable":true,"href":"https:\/\/cdnoticias.com\/index.php\/wp-json\/wp\/v2\/tags?post=213396"}],"curies":[{"name":"wp","href":"https:\/\/api.w.org\/{rel}","templated":true}]}}