{"id":213384,"date":"2026-09-02T08:46:37","date_gmt":"2026-09-02T11:46:37","guid":{"rendered":"https:\/\/cdnoticias.com\/?p=213384"},"modified":"2026-09-02T08:58:55","modified_gmt":"2026-09-02T11:58:55","slug":"violencia-de-genero-hubo-176-femicidios-en-lo-que-va-del-ano-y-la-cifra-supera-los-de-2025","status":"publish","type":"post","link":"https:\/\/cdnoticias.com\/index.php\/2026\/09\/02\/violencia-de-genero-hubo-176-femicidios-en-lo-que-va-del-ano-y-la-cifra-supera-los-de-2025\/","title":{"rendered":"Violencia de g\u00e9nero: hubo 176 femicidios en lo que va del a\u00f1o y la cifra supera los de 2025"},"content":{"rendered":"\n<p>De acuerdo a los datos publicados por el observatorio MuMaL\u00e1, se contabilizaron 176 cr\u00edmenes por odio de g\u00e9nero desde el 1\u00ba de enero, uno cada 33 horas.<\/p>\n\n\n\n<hr class=\"wp-block-separator aligncenter has-alpha-channel-opacity\"\/>\n\n\n\n<p>El <strong>observatorio del colectivo Mujeres de la Matria Latinoamerican<\/strong>a (MuMaL\u00e1) public\u00f3 un<strong> nuevo informe sobre femi(ni)cidios en el pa\u00eds <\/strong>con cifras alarmantes: desde el<strong> 1\u00ba de enero de este a\u00f1o hubo 176 cr\u00edmenes por odio de g\u00e9nero en el pa\u00eds,<\/strong> lo que significa una <strong>muerte violenta cada 33 horas <\/strong>y, con estos n\u00fameros, ya <strong>se registran m\u00e1s v\u00edctimas que el a\u00f1o pasado en el mismo per\u00edodo.<\/strong><\/p>\n\n\n\n<p><\/p>\n\n\n\n<p>De acuerdo al informe, <strong>solo el 11% de las v\u00edctimas hab\u00eda denunciado a su agresor, <\/strong>lo que acuerdo al trabajo de MuMaL\u00e1, <strong><em>&#8220;pone en evidencia las consecuencias de los mensajes negacionistas de la violencia por razones de g\u00e9nero y de la ausencia de pol\u00edticas p\u00fablicas de prevenci\u00f3n y asistencia<\/em><\/strong>&#8221; del<strong> Gobierno nacional.<\/strong><\/p>\n\n\n\n<p><\/p>\n\n\n\n<blockquote class=\"wp-block-quote is-layout-flow wp-block-quote-is-layout-flow\">\n<p>De las v\u00edctimas que s\u00ed hab\u00edan denunciado, el 75% ten\u00eda orden de restricci\u00f3n contra el agresor y el 12 % bot\u00f3n antip\u00e1nico, que evidentemente no funcionaron como se esperaba. Esta circunstancia &#8220;debe hacer reflexionar a quienes tienen la responsabilidad del acompa\u00f1amiento y seguimiento de las situaciones en los territorios&#8221;, apunt\u00f3 el trabajo.<\/p>\n<\/blockquote>\n\n\n\n<p><\/p>\n\n\n\n<p>Otro dato que genera alarma con cada informe elaborado por la organizaci\u00f3n es el <strong>n\u00famero de tentativas de femicidios no consumados <\/strong>en el mismo periodo: fueron, <strong>seg\u00fan las denuncias, 598.<\/strong><\/p>\n\n\n\n<p><\/p>\n\n\n\n<blockquote class=\"wp-block-quote is-layout-flow wp-block-quote-is-layout-flow\">\n<p>En tanto, el informe destac\u00f3 que si bien el hogar sigue siendo el lugar m\u00e1s inseguro para las mujeres e identidades de g\u00e9nero feminizadas pues el 67% de los femicidios fueron cometidos en la vivienda de la v\u00edctima o en la vivienda compartida, es preocupante que el 14% fueron cometidos en la v\u00eda p\u00fablica.<\/p>\n<\/blockquote>\n\n\n\n<p><\/p>\n\n\n\n<p><strong>La edad promedio de las v\u00edctimas es de 39 a\u00f1os, mientras que 16 v\u00edctimas eran ni\u00f1as y adolescentes y 17 eran adultas mayores. <\/strong>Esta situaci\u00f3n de violencia dej\u00f3, adem\u00e1s,<strong> 132 ni\u00f1os, ni\u00f1as y adolescentes sin madre y con una carga emocional y una huella psicol\u00f3gica de por vida.<\/strong><\/p>\n\n\n\n<p><\/p>\n\n\n\n<p><strong>Datos<\/strong><\/p>\n\n\n\n<p><strong>El informe completo relev\u00f3 los siguientes datos de femi(ni)cidios del 1\u00ba de enero al 31 de agosto como los m\u00e1s salientes:<\/strong><\/p>\n\n\n\n<ul class=\"wp-block-list\">\n<li>127 femicidios directos.<\/li>\n<\/ul>\n\n\n\n<ul class=\"wp-block-list\">\n<li>15 vinculados de ni\u00f1os\/varones.<\/li>\n<\/ul>\n\n\n\n<ul class=\"wp-block-list\">\n<li>8 trans\/travesticidios.<\/li>\n<\/ul>\n\n\n\n<ul class=\"wp-block-list\">\n<li>17 feminicidios en contexto de narcotr\u00e1fico y crimen organizado.<\/li>\n<\/ul>\n\n\n\n<ul class=\"wp-block-list\">\n<li>9 suicidios feminicidas.<\/li>\n<\/ul>\n\n\n\n<p><\/p>\n\n\n\n<blockquote class=\"wp-block-quote is-layout-flow wp-block-quote-is-layout-flow\">\n<p>&#8220;El Estado argentino incumple sus obligaciones en la protecci\u00f3n de la vida de las mujeres y el colectivo LGBTIQ+. El gobierno de Javier Milei elimin\u00f3 las pol\u00edticas p\u00fablicas destinadas a prevenir, asistir y erradicar las violencias por razones de g\u00e9nero. Ante esta dram\u00e1tica situaci\u00f3n, exigimos a nivel nacional la restituci\u00f3n de los presupuestos, las estructuras funcionales y las iniciativas que garantizan el derecho a vivir libres y sin miedo. Asimismo, los Estados provinciales y locales deben fortalecer sus propias pol\u00edticas p\u00fablicas frente al vac\u00edo nacional y adecuarlas a la gravedad del contexto actual&#8221;, subrayaron desde MuMaL\u00e1.<\/p>\n<\/blockquote>\n\n\n\n<p><\/p>\n\n\n\n<p>El informe completo de la organizaci\u00f3n analiza el periodo <strong>desde el 1\u00ba de enero al 31 de agosto<\/strong>.<\/p>\n\n\n\n<p><\/p>\n\n\n\n<p><em>Fuente: Agencia DIB<\/em><\/p>\n","protected":false},"excerpt":{"rendered":"<p>De acuerdo a los datos publicados por el observatorio MuMaL\u00e1, se contabilizaron 176 cr\u00edmenes por odio de g\u00e9nero desde el<\/p>\n","protected":false},"author":6,"featured_media":94686,"comment_status":"closed","ping_status":"closed","sticky":false,"template":"","format":"standard","meta":{"_jetpack_memberships_contains_paid_content":false,"footnotes":""},"categories":[3,1],"tags":[],"class_list":["post-213384","post","type-post","status-publish","format-standard","has-post-thumbnail","hentry","category-genero","category-portada"],"jetpack_featured_media_url":"https:\/\/i0.wp.com\/cdnoticias.com\/wp-content\/uploads\/2023\/08\/niunamenos.jpg?fit=1192%2C670&ssl=1","jetpack_sharing_enabled":true,"_links":{"self":[{"href":"https:\/\/cdnoticias.com\/index.php\/wp-json\/wp\/v2\/posts\/213384","targetHints":{"allow":["GET"]}}],"collection":[{"href":"https:\/\/cdnoticias.com\/index.php\/wp-json\/wp\/v2\/posts"}],"about":[{"href":"https:\/\/cdnoticias.com\/index.php\/wp-json\/wp\/v2\/types\/post"}],"author":[{"embeddable":true,"href":"https:\/\/cdnoticias.com\/index.php\/wp-json\/wp\/v2\/users\/6"}],"replies":[{"embeddable":true,"href":"https:\/\/cdnoticias.com\/index.php\/wp-json\/wp\/v2\/comments?post=213384"}],"version-history":[{"count":6,"href":"https:\/\/cdnoticias.com\/index.php\/wp-json\/wp\/v2\/posts\/213384\/revisions"}],"predecessor-version":[{"id":213390,"href":"https:\/\/cdnoticias.com\/index.php\/wp-json\/wp\/v2\/posts\/213384\/revisions\/213390"}],"wp:featuredmedia":[{"embeddable":true,"href":"https:\/\/cdnoticias.com\/index.php\/wp-json\/wp\/v2\/media\/94686"}],"wp:attachment":[{"href":"https:\/\/cdnoticias.com\/index.php\/wp-json\/wp\/v2\/media?parent=213384"}],"wp:term":[{"taxonomy":"category","embeddable":true,"href":"https:\/\/cdnoticias.com\/index.php\/wp-json\/wp\/v2\/categories?post=213384"},{"taxonomy":"post_tag","embeddable":true,"href":"https:\/\/cdnoticias.com\/index.php\/wp-json\/wp\/v2\/tags?post=213384"}],"curies":[{"name":"wp","href":"https:\/\/api.w.org\/{rel}","templated":true}]}}