{"id":213380,"date":"2026-09-01T18:31:02","date_gmt":"2026-09-01T21:31:02","guid":{"rendered":"https:\/\/cdnoticias.com\/?p=213380"},"modified":"2026-09-01T18:31:04","modified_gmt":"2026-09-01T21:31:04","slug":"instalan-nuevos-cestos-de-residuos-en-espacios-publicos-de-olavarria","status":"publish","type":"post","link":"https:\/\/cdnoticias.com\/index.php\/2026\/09\/01\/instalan-nuevos-cestos-de-residuos-en-espacios-publicos-de-olavarria\/","title":{"rendered":"Instalan nuevos cestos de residuos en espacios p\u00fablicos de Olavarr\u00eda"},"content":{"rendered":"\n<p>Los primeros diez fueron confeccionados por estudiantes del Centro de Formaci\u00f3n Profesional N\u00b0 401. Ser\u00e1n colocados en el Parque Mitre.<\/p>\n\n\n\n<hr class=\"wp-block-separator aligncenter has-alpha-channel-opacity\"\/>\n\n\n\n<p>El Municipio de Olavarr\u00eda <strong>inici\u00f3 la instalaci\u00f3n de nuevos cestos de residuos en espacios p\u00fablicos de la ciudad<\/strong>, en el marco de las acciones de puesta en valor de plazas y parques y de la continuidad del Plan de Embellecimiento del Sector Costero. Los trabajos son llevados adelante por la Secretar\u00eda de Obras, Infraestructura y Servicios P\u00fablicos, a trav\u00e9s de las \u00e1reas correspondientes.<\/p>\n\n\n\n<p><\/p>\n\n\n\n<blockquote class=\"wp-block-quote is-layout-flow wp-block-quote-is-layout-flow\">\n<p>La iniciativa se desarrolla adem\u00e1s a partir de un convenio entre el Municipio y el Centro de Formaci\u00f3n Profesional N\u00b0 401, que permiti\u00f3 concretar una primera entrega de 10 cestos, confeccionados en los talleres de soldadura y herrer\u00eda de la instituci\u00f3n. Estos elementos ser\u00e1n instalados en el Parque Mitre.<\/p>\n<\/blockquote>\n\n\n\n<p><\/p>\n\n\n\n<p>En este marco, la Direcci\u00f3n de Espacios Verdes y Seguridad Socioambiental aport\u00f3 los insumos necesarios para la fabricaci\u00f3n, entre ellos hierro, discos de corte y electrodos.<\/p>\n\n\n\n<p><\/p>\n\n\n\n<p>De esta manera, los estudiantes del CFP N\u00b0 401 pudieron realizar pr\u00e1cticas vinculadas con los conocimientos adquiridos durante su formaci\u00f3n, a partir de un proyecto destinado a generar un aporte concreto para la comunidad.<\/p>\n\n\n\n<p><\/p>\n\n\n\n<p><strong><em>\u201cPara nosotros es fundamental este tipo de articulaci\u00f3n porque los estudiantes aprenden trabajando en un proyecto real que despu\u00e9s vuelve a la comunidad de Olavarr\u00eda\u201d, <\/em><\/strong>destacaron desde el <strong>Centro de Formaci\u00f3n Profesional N\u00b0 401.<\/strong><\/p>\n\n\n\n<p><\/p>\n\n\n\n<p>El acuerdo entre el Municipio y la instituci\u00f3n apunta a generar instancias de formaci\u00f3n para los estudiantes y, al mismo tiempo, contribuir a la mejora de los espacios p\u00fablicos y al cuidado del ambiente en Olavarr\u00eda.<\/p>\n","protected":false},"excerpt":{"rendered":"<p>Los primeros diez fueron confeccionados por estudiantes del Centro de Formaci\u00f3n Profesional N\u00b0 401. Ser\u00e1n colocados en el Parque Mitre.<\/p>\n","protected":false},"author":6,"featured_media":213382,"comment_status":"closed","ping_status":"closed","sticky":false,"template":"","format":"standard","meta":{"_jetpack_memberships_contains_paid_content":false,"footnotes":""},"categories":[5,1],"tags":[],"class_list":["post-213380","post","type-post","status-publish","format-standard","has-post-thumbnail","hentry","category-informacion-general","category-portada"],"jetpack_featured_media_url":"https:\/\/i0.wp.com\/cdnoticias.com\/wp-content\/uploads\/2026\/09\/cestos.png?fit=1004%2C529&ssl=1","jetpack_sharing_enabled":true,"_links":{"self":[{"href":"https:\/\/cdnoticias.com\/index.php\/wp-json\/wp\/v2\/posts\/213380","targetHints":{"allow":["GET"]}}],"collection":[{"href":"https:\/\/cdnoticias.com\/index.php\/wp-json\/wp\/v2\/posts"}],"about":[{"href":"https:\/\/cdnoticias.com\/index.php\/wp-json\/wp\/v2\/types\/post"}],"author":[{"embeddable":true,"href":"https:\/\/cdnoticias.com\/index.php\/wp-json\/wp\/v2\/users\/6"}],"replies":[{"embeddable":true,"href":"https:\/\/cdnoticias.com\/index.php\/wp-json\/wp\/v2\/comments?post=213380"}],"version-history":[{"count":2,"href":"https:\/\/cdnoticias.com\/index.php\/wp-json\/wp\/v2\/posts\/213380\/revisions"}],"predecessor-version":[{"id":213383,"href":"https:\/\/cdnoticias.com\/index.php\/wp-json\/wp\/v2\/posts\/213380\/revisions\/213383"}],"wp:featuredmedia":[{"embeddable":true,"href":"https:\/\/cdnoticias.com\/index.php\/wp-json\/wp\/v2\/media\/213382"}],"wp:attachment":[{"href":"https:\/\/cdnoticias.com\/index.php\/wp-json\/wp\/v2\/media?parent=213380"}],"wp:term":[{"taxonomy":"category","embeddable":true,"href":"https:\/\/cdnoticias.com\/index.php\/wp-json\/wp\/v2\/categories?post=213380"},{"taxonomy":"post_tag","embeddable":true,"href":"https:\/\/cdnoticias.com\/index.php\/wp-json\/wp\/v2\/tags?post=213380"}],"curies":[{"name":"wp","href":"https:\/\/api.w.org\/{rel}","templated":true}]}}