{"id":213367,"date":"2026-09-01T18:00:36","date_gmt":"2026-09-01T21:00:36","guid":{"rendered":"https:\/\/cdnoticias.com\/?p=213367"},"modified":"2026-09-01T18:00:38","modified_gmt":"2026-09-01T21:00:38","slug":"wesner-es-un-torneo-muy-importante-para-nuestra-ciudad","status":"publish","type":"post","link":"https:\/\/cdnoticias.com\/index.php\/2026\/09\/01\/wesner-es-un-torneo-muy-importante-para-nuestra-ciudad\/","title":{"rendered":"Wesner: \u201cEs un torneo muy importante para nuestra ciudad\u201d"},"content":{"rendered":"\n<p>Este martes, se confirm\u00f3 que Olavarr\u00eda ser\u00e1 sede de la fecha de la Liga de Menores de la Federaci\u00f3n Argentina de P\u00e1del.&nbsp;<\/p>\n\n\n\n<hr class=\"wp-block-separator aligncenter has-alpha-channel-opacity\"\/>\n\n\n\n<p>Esta ma\u00f1ana, en el Sal\u00f3n Blanco del Palacio San Mart\u00edn<strong>, se present\u00f3 de manera oficial la fecha de la Liga de Menores de la Federaci\u00f3n Argentina de P\u00e1del, <\/strong>que <strong>se disputar\u00e1 en diferentes instalaciones locales entre el viernes 4 y el domingo 6 de septiembre.<\/strong><\/p>\n\n\n\n<p><\/p>\n\n\n\n<p>La conferencia de prensa fue encabezada por el intendente municipal Maximiliano Wesner, acompa\u00f1ado por el director de Gesti\u00f3n Deportiva, Fernando Ottaviano y, en representaci\u00f3n de la Asociaci\u00f3n Civil Olavarriense de P\u00e1del (ACOP), Ezequiel Bruni y Paola Olivera.<\/p>\n\n\n\n<p><\/p>\n\n\n\n<p>El intendente Wesner destac\u00f3 la trascendencia de recibir una competencia de esta magnitud y subray\u00f3 el valor social y econ\u00f3mico de la iniciativa: <em>\u201c<\/em><strong><em>Es un torneo muy importante para nuestra ciudad, para fomentar el deporte en vinculaci\u00f3n constante con la ACOP, una comisi\u00f3n que le ha dado un potencial enorme al p\u00e1del. Estimamos el ingreso de entre 3.000 familiares y deportistas durante el fin de semana, lo que demuestra c\u00f3mo el deporte impulsa directamente al turismo, la hoteler\u00eda, la gastronom\u00eda y el comercio local\u201d<\/em>.<\/strong><\/p>\n\n\n\n<p><\/p>\n\n\n\n<figure class=\"wp-block-image aligncenter size-full\"><img data-recalc-dims=\"1\" loading=\"lazy\" decoding=\"async\" width=\"800\" height=\"505\" src=\"https:\/\/i0.wp.com\/cdnoticias.com\/wp-content\/uploads\/2026\/09\/ligapadel1.jpg?resize=800%2C505&#038;ssl=1\" alt=\"\" class=\"wp-image-213370\" srcset=\"https:\/\/i0.wp.com\/cdnoticias.com\/wp-content\/uploads\/2026\/09\/ligapadel1.jpg?w=870&amp;ssl=1 870w, https:\/\/i0.wp.com\/cdnoticias.com\/wp-content\/uploads\/2026\/09\/ligapadel1.jpg?resize=300%2C189&amp;ssl=1 300w, https:\/\/i0.wp.com\/cdnoticias.com\/wp-content\/uploads\/2026\/09\/ligapadel1.jpg?resize=768%2C485&amp;ssl=1 768w\" sizes=\"auto, (max-width: 800px) 100vw, 800px\" \/><\/figure>\n\n\n\n<p><\/p>\n\n\n\n<blockquote class=\"wp-block-quote is-layout-flow wp-block-quote-is-layout-flow\">\n<p>Por su parte, el director de Gesti\u00f3n Deportiva, Fernando Ottaviano, resalt\u00f3 el trabajo articulado entre el municipio y la entidad local: \u201cPoder articular con ACOP de forma organizada nos permite poner en valor la infraestructura local y recibir una propuesta superadora. La ciudad estar\u00e1 colmada de gente que vendr\u00e1 a conocer nuestras canchas y disfrutar del torneo\u201d.<\/p>\n<\/blockquote>\n\n\n\n<p><\/p>\n\n\n\n<p>La Liga Argentina de Menores representa el principal espacio de desarrollo y competencia impulsado para acompa\u00f1ar el crecimiento de las nuevas generaciones del p\u00e1del nacional. Con un calendario que se extiende de marzo a noviembre, el certamen ofrece una estructura deportiva sostenida que garantiza la continuidad, el seguimiento del rendimiento y la proyecci\u00f3n a largo plazo de los j\u00f3venes jugadores.<\/p>\n\n\n\n<p><\/p>\n","protected":false},"excerpt":{"rendered":"<p>Este martes, se confirm\u00f3 que Olavarr\u00eda ser\u00e1 sede de la fecha de la Liga de Menores de la Federaci\u00f3n Argentina<\/p>\n","protected":false},"author":6,"featured_media":213369,"comment_status":"closed","ping_status":"closed","sticky":false,"template":"","format":"standard","meta":{"_jetpack_memberships_contains_paid_content":false,"footnotes":""},"categories":[29,5,1],"tags":[],"class_list":["post-213367","post","type-post","status-publish","format-standard","has-post-thumbnail","hentry","category-deportes","category-informacion-general","category-portada"],"jetpack_featured_media_url":"https:\/\/i0.wp.com\/cdnoticias.com\/wp-content\/uploads\/2026\/09\/ligapadel2.jpg?fit=858%2C567&ssl=1","jetpack_sharing_enabled":true,"_links":{"self":[{"href":"https:\/\/cdnoticias.com\/index.php\/wp-json\/wp\/v2\/posts\/213367","targetHints":{"allow":["GET"]}}],"collection":[{"href":"https:\/\/cdnoticias.com\/index.php\/wp-json\/wp\/v2\/posts"}],"about":[{"href":"https:\/\/cdnoticias.com\/index.php\/wp-json\/wp\/v2\/types\/post"}],"author":[{"embeddable":true,"href":"https:\/\/cdnoticias.com\/index.php\/wp-json\/wp\/v2\/users\/6"}],"replies":[{"embeddable":true,"href":"https:\/\/cdnoticias.com\/index.php\/wp-json\/wp\/v2\/comments?post=213367"}],"version-history":[{"count":0,"href":"https:\/\/cdnoticias.com\/index.php\/wp-json\/wp\/v2\/posts\/213367\/revisions"}],"wp:featuredmedia":[{"embeddable":true,"href":"https:\/\/cdnoticias.com\/index.php\/wp-json\/wp\/v2\/media\/213369"}],"wp:attachment":[{"href":"https:\/\/cdnoticias.com\/index.php\/wp-json\/wp\/v2\/media?parent=213367"}],"wp:term":[{"taxonomy":"category","embeddable":true,"href":"https:\/\/cdnoticias.com\/index.php\/wp-json\/wp\/v2\/categories?post=213367"},{"taxonomy":"post_tag","embeddable":true,"href":"https:\/\/cdnoticias.com\/index.php\/wp-json\/wp\/v2\/tags?post=213367"}],"curies":[{"name":"wp","href":"https:\/\/api.w.org\/{rel}","templated":true}]}}