{"id":213364,"date":"2026-09-04T17:04:11","date_gmt":"2026-09-04T20:04:11","guid":{"rendered":"https:\/\/cdnoticias.com\/?p=213364"},"modified":"2026-09-04T17:04:13","modified_gmt":"2026-09-04T20:04:13","slug":"facso-se-encuentra-abierta-la-inscripcion-al-curso-virtual-de-aleman-para-viajeros","status":"publish","type":"post","link":"https:\/\/cdnoticias.com\/index.php\/2026\/09\/04\/facso-se-encuentra-abierta-la-inscripcion-al-curso-virtual-de-aleman-para-viajeros\/","title":{"rendered":"FACSO: se encuentra abierta la inscripci\u00f3n al curso virtual de Alem\u00e1n para Viajeros"},"content":{"rendered":"\n<p>La propuesta intensiva de modalidad virtual est\u00e1 destinada a j\u00f3venes y adultos que quieran iniciarse en el aprendizaje del idioma alem\u00e1n o fortalecer conocimientos b\u00e1sicos previos.\u00a0<\/p>\n\n\n\n<hr class=\"wp-block-separator aligncenter has-alpha-channel-opacity\"\/>\n\n\n\n<p>La <strong>Facultad de Ciencias Sociales <\/strong>invita a participar del curso<strong> \u201cAlem\u00e1n para Viajeros\u201d<\/strong>, una propuesta de formaci\u00f3n intensiva orientada a brindar herramientas <strong>iniciales de comunicaci\u00f3n en lengua alemana y favorecer un acercamiento pr\u00e1ctico al idioma.<\/strong><\/p>\n\n\n\n<p><\/p>\n\n\n\n<p>La propuesta se desarrollar\u00e1 \u00edntegramente de manera virtual, <strong>desde el 10 de septiembre hasta el 10 de diciembre de 2026, con encuentros los d\u00edas jueves de 8 a 9:15 y viernes de 8 a 9 hs. <\/strong>El curso estar\u00e1 a cargo de la <strong>docente Patricia Herr y ser\u00e1 certificado al finalizar su dictado.<\/strong><\/p>\n\n\n\n<p><\/p>\n\n\n\n<blockquote class=\"wp-block-quote is-layout-flow wp-block-quote-is-layout-flow\">\n<p>El taller est\u00e1 destinado a j\u00f3venes y adultos que no hayan tenido contacto previo con el idioma alem\u00e1n o que busquen reafirmar y fortalecer conocimientos b\u00e1sicos. A lo largo del curso se trabajar\u00e1 en la adquisici\u00f3n de herramientas comunicativas vinculadas con situaciones cotidianas, con especial atenci\u00f3n a la pronunciaci\u00f3n y a las particularidades fon\u00e9ticas del idioma.<\/p>\n<\/blockquote>\n\n\n\n<p><\/p>\n\n\n\n<p>Entre los objetivos se encuentra el desarrollo de capacidades para realizar una presentaci\u00f3n personal completa y correctamente pronunciada, as\u00ed como comprender las presentaciones de otras personas. Adem\u00e1s, se abordar\u00e1n las principales caracter\u00edsticas de la construcci\u00f3n de oraciones afirmativas, imperativas e interrogativas, palabras de uso frecuente y distintas formas verbales.<\/p>\n\n\n\n<p><\/p>\n\n\n\n<blockquote class=\"wp-block-quote is-layout-flow wp-block-quote-is-layout-flow\">\n<p>La propuesta tambi\u00e9n contempla el an\u00e1lisis de las diferencias entre el espa\u00f1ol y el alem\u00e1n, con el prop\u00f3sito de reconocer las particularidades de la nueva lengua y facilitar su aprendizaje. En este sentido, el curso busca contribuir tanto al desarrollo personal como profesional de quienes participen.<\/p>\n<\/blockquote>\n\n\n\n<p><\/p>\n\n\n\n<p>La metodolog\u00eda de ense\u00f1anza se sustenta en una concepci\u00f3n hol\u00edstica atravesada por la virtualidad y toma como marco conceptual los planteos del Protocolo Internacional de Ense\u00f1anza del Idioma, adecuando los contenidos al documento curricular correspondiente al nivel vigente.<\/p>\n\n\n\n<p><\/p>\n\n\n\n<p>Por inscripci\u00f3n y consultas ingresar a <a href=\"https:\/\/www.soc.unicen.edu.ar\/index.php\/cursos-y-talleres\/se-encuentra-abierta-la-inscripcion-al-curso-virtual-de-aleman-para-viajeros\" target=\"_blank\" rel=\"noreferrer noopener\">www.soc.unicen.edu.ar<\/a><\/p>\n\n\n\n<p><\/p>\n","protected":false},"excerpt":{"rendered":"<p>La propuesta intensiva de modalidad virtual est\u00e1 destinada a j\u00f3venes y adultos que quieran iniciarse en el aprendizaje del idioma<\/p>\n","protected":false},"author":6,"featured_media":212038,"comment_status":"closed","ping_status":"closed","sticky":false,"template":"","format":"standard","meta":{"_jetpack_memberships_contains_paid_content":false,"footnotes":""},"categories":[5,1],"tags":[],"class_list":["post-213364","post","type-post","status-publish","format-standard","has-post-thumbnail","hentry","category-informacion-general","category-portada"],"jetpack_featured_media_url":"https:\/\/i0.wp.com\/cdnoticias.com\/wp-content\/uploads\/2026\/08\/facso-facultad-de-ciencias-sociales-00.jpg?fit=1000%2C556&ssl=1","jetpack_sharing_enabled":true,"_links":{"self":[{"href":"https:\/\/cdnoticias.com\/index.php\/wp-json\/wp\/v2\/posts\/213364","targetHints":{"allow":["GET"]}}],"collection":[{"href":"https:\/\/cdnoticias.com\/index.php\/wp-json\/wp\/v2\/posts"}],"about":[{"href":"https:\/\/cdnoticias.com\/index.php\/wp-json\/wp\/v2\/types\/post"}],"author":[{"embeddable":true,"href":"https:\/\/cdnoticias.com\/index.php\/wp-json\/wp\/v2\/users\/6"}],"replies":[{"embeddable":true,"href":"https:\/\/cdnoticias.com\/index.php\/wp-json\/wp\/v2\/comments?post=213364"}],"version-history":[{"count":0,"href":"https:\/\/cdnoticias.com\/index.php\/wp-json\/wp\/v2\/posts\/213364\/revisions"}],"wp:featuredmedia":[{"embeddable":true,"href":"https:\/\/cdnoticias.com\/index.php\/wp-json\/wp\/v2\/media\/212038"}],"wp:attachment":[{"href":"https:\/\/cdnoticias.com\/index.php\/wp-json\/wp\/v2\/media?parent=213364"}],"wp:term":[{"taxonomy":"category","embeddable":true,"href":"https:\/\/cdnoticias.com\/index.php\/wp-json\/wp\/v2\/categories?post=213364"},{"taxonomy":"post_tag","embeddable":true,"href":"https:\/\/cdnoticias.com\/index.php\/wp-json\/wp\/v2\/tags?post=213364"}],"curies":[{"name":"wp","href":"https:\/\/api.w.org\/{rel}","templated":true}]}}