{"id":213353,"date":"2026-09-01T12:50:43","date_gmt":"2026-09-01T15:50:43","guid":{"rendered":"https:\/\/cdnoticias.com\/?p=213353"},"modified":"2026-09-01T12:50:45","modified_gmt":"2026-09-01T15:50:45","slug":"la-liga-anual-acop-2026-tuvo-nuevas-fechas-con-114-parejas-en-competencia","status":"publish","type":"post","link":"https:\/\/cdnoticias.com\/index.php\/2026\/09\/01\/la-liga-anual-acop-2026-tuvo-nuevas-fechas-con-114-parejas-en-competencia\/","title":{"rendered":"La Liga Anual ACOP 2026 tuvo nuevas fechas con 114 parejas en competencia"},"content":{"rendered":"\n<p>Las categor\u00edas Menores e Impares disputaron sus respectivas jornadas durante el fin de semana. Hubo definiciones en Inicial, Intermedia, 7\u00aa, 5\u00aa y 3\u00aa.<\/p>\n\n\n\n<hr class=\"wp-block-separator aligncenter has-alpha-channel-opacity\"\/>\n\n\n\n<p>La<strong> Liga Anual ACOP 2026 <\/strong>tuvo un nuevo fin de semana de competencia con jornadas correspondientes a las categor\u00edas Menores e Impares, que reunieron a<strong> 114 parejas.<\/strong><\/p>\n\n\n\n<p>En las categor\u00edas<strong> Menores fueron 29 las parejas inscriptas que participaron de una nueva jornada.<\/strong><\/p>\n\n\n\n<p>En Inicial,<strong> Emilia Ezio y Francesca Colasurdo se consagraron campeonas<\/strong> tras vencer en la final a Emilia Tahuil y Mami Soler por 7\/5 y 6\/4.<\/p>\n\n\n\n<p>En Intermedia, el t\u00edtulo qued\u00f3 en manos de<strong> Sim\u00f3n Bruni y Genaro Berdun<\/strong>, quienes superaron en la definici\u00f3n a Leo Fern\u00e1ndez y Thian Zulaica por 6\/2 y 6\/3.<\/p>\n\n\n\n<p>En<strong> 7\u00aa B, Oliver Blua y Nicol\u00e1s Gaburri se quedaron con el campeonato<\/strong> luego de imponerse ante Mateo Iturregui y Milo Leal por 6\/4, 4\/6 y 6\/3.<\/p>\n\n\n\n<p>Por otra parte,<strong> el 29 y 30 de agosto se disput\u00f3 una nueva fecha de las categor\u00edas Impares, con un total de 85 parejas inscriptas.<\/strong><\/p>\n\n\n\n<p>En<strong> Damas 7\u00aa, Yanina Constancio y Micaela Benedetto fueron campeonas<\/strong> tras derrotar a Romina Mar\u00eda Antista y Manuela Barreca por 6\/2, 3\/6 y 6\/4. Benedetto fue elegida como MVP de la categor\u00eda.<\/p>\n\n\n\n<figure class=\"wp-block-image size-large\"><img data-recalc-dims=\"1\" loading=\"lazy\" decoding=\"async\" width=\"800\" height=\"606\" src=\"https:\/\/i0.wp.com\/cdnoticias.com\/wp-content\/uploads\/2026\/09\/1000549853.jpg?resize=800%2C606&#038;ssl=1\" alt=\"\" class=\"wp-image-213355\" srcset=\"https:\/\/i0.wp.com\/cdnoticias.com\/wp-content\/uploads\/2026\/09\/1000549853.jpg?resize=1024%2C776&amp;ssl=1 1024w, https:\/\/i0.wp.com\/cdnoticias.com\/wp-content\/uploads\/2026\/09\/1000549853.jpg?resize=300%2C227&amp;ssl=1 300w, https:\/\/i0.wp.com\/cdnoticias.com\/wp-content\/uploads\/2026\/09\/1000549853.jpg?resize=768%2C582&amp;ssl=1 768w, https:\/\/i0.wp.com\/cdnoticias.com\/wp-content\/uploads\/2026\/09\/1000549853.jpg?w=1080&amp;ssl=1 1080w\" sizes=\"auto, (max-width: 800px) 100vw, 800px\" \/><\/figure>\n\n\n\n<p>En <strong>Caballeros 7\u00aa, Ramiro Cortejarena y Benjam\u00edn Cortejarena <\/strong>se impusieron ante Guido Tassara y Edgar Daniel De Alesandre por 2\/6, 6\/3 y 7\/6. Ramiro Cortejarena recibi\u00f3 la distinci\u00f3n de MVP.<\/p>\n\n\n\n<p>En<strong> Damas 5\u00aa, Mar\u00eda Clara Piazza y Aldana Moretti obtuvieron el t\u00edtulo t<\/strong>ras vencer a F\u00e1tima Catal\u00e1 y Carolina Gonz\u00e1lez Harrison por un doble 6\/3. Piazza fue reconocida como la jugadora m\u00e1s valiosa.<\/p>\n\n\n\n<figure class=\"wp-block-image size-large\"><img data-recalc-dims=\"1\" loading=\"lazy\" decoding=\"async\" width=\"800\" height=\"619\" src=\"https:\/\/i0.wp.com\/cdnoticias.com\/wp-content\/uploads\/2026\/09\/1000549854.jpg?resize=800%2C619&#038;ssl=1\" alt=\"\" class=\"wp-image-213354\" srcset=\"https:\/\/i0.wp.com\/cdnoticias.com\/wp-content\/uploads\/2026\/09\/1000549854.jpg?resize=1024%2C792&amp;ssl=1 1024w, https:\/\/i0.wp.com\/cdnoticias.com\/wp-content\/uploads\/2026\/09\/1000549854.jpg?resize=300%2C232&amp;ssl=1 300w, https:\/\/i0.wp.com\/cdnoticias.com\/wp-content\/uploads\/2026\/09\/1000549854.jpg?resize=768%2C594&amp;ssl=1 768w, https:\/\/i0.wp.com\/cdnoticias.com\/wp-content\/uploads\/2026\/09\/1000549854.jpg?w=1080&amp;ssl=1 1080w\" sizes=\"auto, (max-width: 800px) 100vw, 800px\" \/><\/figure>\n\n\n\n<p>En<strong> Caballeros 5\u00aa, Sebasti\u00e1n Lizasu y Leandro Nievas festejaron el campeonato<\/strong> luego de superar a Franco Schamberger y Cristian Barbosa por 6\/3 y 7\/6. Lizasu fue elegido MVP.<\/p>\n\n\n\n<p>Finalmente, <strong>en Caballeros 3\u00aa, Juan Jos\u00e9 Longhini y Santiago Barsi se consagraron campeones <\/strong>tras derrotar a Ian L\u00f3pez y Javier L\u00f3pez por 7\/6 y 6\/2. Longhini fue distinguido como MVP de la categor\u00eda.<\/p>\n\n\n\n<p>De esta manera,<strong> la Liga Anual ACOP 2026 contin\u00faa con su calendario de competencia y re\u00fane a jugadores y jugadoras en distintas categor\u00edas del p\u00e1del local.<\/strong><\/p>\n","protected":false},"excerpt":{"rendered":"<p>Las categor\u00edas Menores e Impares disputaron sus respectivas jornadas durante el fin de semana. Hubo definiciones en Inicial, Intermedia, 7\u00aa,<\/p>\n","protected":false},"author":2,"featured_media":213356,"comment_status":"closed","ping_status":"closed","sticky":false,"template":"","format":"standard","meta":{"_jetpack_memberships_contains_paid_content":false,"footnotes":""},"categories":[29,1,55],"tags":[],"class_list":["post-213353","post","type-post","status-publish","format-standard","has-post-thumbnail","hentry","category-deportes","category-portada","category-tenis-padel"],"jetpack_featured_media_url":"https:\/\/i0.wp.com\/cdnoticias.com\/wp-content\/uploads\/2026\/09\/1000549851-e1788277807881.jpg?fit=1080%2C605&ssl=1","jetpack_sharing_enabled":true,"_links":{"self":[{"href":"https:\/\/cdnoticias.com\/index.php\/wp-json\/wp\/v2\/posts\/213353","targetHints":{"allow":["GET"]}}],"collection":[{"href":"https:\/\/cdnoticias.com\/index.php\/wp-json\/wp\/v2\/posts"}],"about":[{"href":"https:\/\/cdnoticias.com\/index.php\/wp-json\/wp\/v2\/types\/post"}],"author":[{"embeddable":true,"href":"https:\/\/cdnoticias.com\/index.php\/wp-json\/wp\/v2\/users\/2"}],"replies":[{"embeddable":true,"href":"https:\/\/cdnoticias.com\/index.php\/wp-json\/wp\/v2\/comments?post=213353"}],"version-history":[{"count":1,"href":"https:\/\/cdnoticias.com\/index.php\/wp-json\/wp\/v2\/posts\/213353\/revisions"}],"predecessor-version":[{"id":213357,"href":"https:\/\/cdnoticias.com\/index.php\/wp-json\/wp\/v2\/posts\/213353\/revisions\/213357"}],"wp:featuredmedia":[{"embeddable":true,"href":"https:\/\/cdnoticias.com\/index.php\/wp-json\/wp\/v2\/media\/213356"}],"wp:attachment":[{"href":"https:\/\/cdnoticias.com\/index.php\/wp-json\/wp\/v2\/media?parent=213353"}],"wp:term":[{"taxonomy":"category","embeddable":true,"href":"https:\/\/cdnoticias.com\/index.php\/wp-json\/wp\/v2\/categories?post=213353"},{"taxonomy":"post_tag","embeddable":true,"href":"https:\/\/cdnoticias.com\/index.php\/wp-json\/wp\/v2\/tags?post=213353"}],"curies":[{"name":"wp","href":"https:\/\/api.w.org\/{rel}","templated":true}]}}