{"id":213351,"date":"2026-09-01T16:06:32","date_gmt":"2026-09-01T19:06:32","guid":{"rendered":"https:\/\/cdnoticias.com\/?p=213351"},"modified":"2026-09-01T16:06:34","modified_gmt":"2026-09-01T19:06:34","slug":"alerta-meteorologico-por-tormenta-para-olavarria","status":"publish","type":"post","link":"https:\/\/cdnoticias.com\/index.php\/2026\/09\/01\/alerta-meteorologico-por-tormenta-para-olavarria\/","title":{"rendered":"Alerta meteorol\u00f3gico por tormenta para Olavarr\u00eda"},"content":{"rendered":"<p>Para la ma\u00f1ana y la tarde de este mi\u00e9rcoles, el SMN previ\u00f3 tormentas aisladas en la franja sur de la provincia de Buenos Aires.<\/p>\n\n\n<hr class=\"wp-block-separator has-alpha-channel-opacity\"\/>\n\n\n\n<!--more-->\n\n\n\n<p>El <strong>Servicio Meteorol\u00f3gico Nacional<\/strong> previ\u00f3 <strong>tormentas aisladas en la franja sur de la provincia de Buenos Aires<\/strong> para este mi\u00e9rcoles y con ello emiti\u00f3 <strong>alerta amarillo <\/strong>para la regi\u00f3n.<\/p>\n\n\n\n<p><\/p>\n\n\n\n<blockquote class=\"wp-block-quote is-layout-flow wp-block-quote-is-layout-flow\">\n<p>Olavarr\u00eda est\u00e1 alcanzada por la advertencia: para la ma\u00f1ana y la tarde se esperan tormentas aisladas de variada intensidad, algunas localmente fuertes. El organismo indic\u00f3 que podr\u00e1n estar acompa\u00f1adas por abundantes precipitaciones en cortos per\u00edodos, r\u00e1fagas intensas, granizo localizado y actividad el\u00e9ctrica frecuente.<\/p>\n<\/blockquote>\n\n\n\n<p><\/p>\n\n\n\n<p><strong>\u201cSe esperan valores de precipitaci\u00f3n acumulada entre 20 y 50 mm, que pueden ser superados de forma puntual\u201d <\/strong>sum\u00f3.<\/p>\n\n\n\n<p><\/p>\n\n\n\n<p><strong>La mitad de la provincia est\u00e1 incluida <\/strong>en la alerta de nivel amarillo: el centro, el sudeste y el sudoeste bonaerense tendr\u00e1n tormentas durante este mi\u00e9rcoles.<\/p>\n\n\n\n<p><\/p>\n\n\n\n<p>En el nivel amarillo, el SMN incluy\u00f3 a los fen\u00f3menos meteorol\u00f3gicos con <strong>capacidad de da\u00f1o y riesgo de interrupci\u00f3n moment\u00e1nea de actividades cotidianas<\/strong>. Se recomienda <strong>no salir, no sacar la basura y limpiar desag\u00fces y sumideros<\/strong>, y desconectar los electrodom\u00e9sticos as\u00ed como cortar el suministro el\u00e9ctrico si ingresa agua.<\/p>\n\n\n\n<p><\/p>\n\n\n\n<p>Tambi\u00e9n se brindaron indicaciones como cerrar y alejarse de puertas y ventanas; retirar y asegurar objetos que puedan ser arrastrados por el viento. En caso de estar al aire libre, buscar refugio inmediato en un edificio, casa o veh\u00edculo cerrado.<\/p>\n\n\n\n<p><\/p>\n","protected":false},"excerpt":{"rendered":"<p>Para la ma\u00f1ana y la tarde de este mi\u00e9rcoles, el SMN previ\u00f3 tormentas aisladas en la franja sur de la<\/p>\n","protected":false},"author":4,"featured_media":131110,"comment_status":"closed","ping_status":"closed","sticky":false,"template":"","format":"standard","meta":{"_jetpack_memberships_contains_paid_content":false,"footnotes":""},"categories":[5,7],"tags":[],"class_list":["post-213351","post","type-post","status-publish","format-standard","has-post-thumbnail","hentry","category-informacion-general","category-central"],"jetpack_featured_media_url":"https:\/\/i0.wp.com\/cdnoticias.com\/wp-content\/uploads\/2024\/11\/tormenta-olavarria-lluvias.jpg?fit=1000%2C556&ssl=1","jetpack_sharing_enabled":true,"_links":{"self":[{"href":"https:\/\/cdnoticias.com\/index.php\/wp-json\/wp\/v2\/posts\/213351","targetHints":{"allow":["GET"]}}],"collection":[{"href":"https:\/\/cdnoticias.com\/index.php\/wp-json\/wp\/v2\/posts"}],"about":[{"href":"https:\/\/cdnoticias.com\/index.php\/wp-json\/wp\/v2\/types\/post"}],"author":[{"embeddable":true,"href":"https:\/\/cdnoticias.com\/index.php\/wp-json\/wp\/v2\/users\/4"}],"replies":[{"embeddable":true,"href":"https:\/\/cdnoticias.com\/index.php\/wp-json\/wp\/v2\/comments?post=213351"}],"version-history":[{"count":1,"href":"https:\/\/cdnoticias.com\/index.php\/wp-json\/wp\/v2\/posts\/213351\/revisions"}],"predecessor-version":[{"id":213352,"href":"https:\/\/cdnoticias.com\/index.php\/wp-json\/wp\/v2\/posts\/213351\/revisions\/213352"}],"wp:featuredmedia":[{"embeddable":true,"href":"https:\/\/cdnoticias.com\/index.php\/wp-json\/wp\/v2\/media\/131110"}],"wp:attachment":[{"href":"https:\/\/cdnoticias.com\/index.php\/wp-json\/wp\/v2\/media?parent=213351"}],"wp:term":[{"taxonomy":"category","embeddable":true,"href":"https:\/\/cdnoticias.com\/index.php\/wp-json\/wp\/v2\/categories?post=213351"},{"taxonomy":"post_tag","embeddable":true,"href":"https:\/\/cdnoticias.com\/index.php\/wp-json\/wp\/v2\/tags?post=213351"}],"curies":[{"name":"wp","href":"https:\/\/api.w.org\/{rel}","templated":true}]}}