{"id":213346,"date":"2026-09-01T17:00:34","date_gmt":"2026-09-01T20:00:34","guid":{"rendered":"https:\/\/cdnoticias.com\/?p=213346"},"modified":"2026-09-01T17:00:36","modified_gmt":"2026-09-01T20:00:36","slug":"el-massismo-de-la-septima-analizo-en-olavarria-la-agenda-regional","status":"publish","type":"post","link":"https:\/\/cdnoticias.com\/index.php\/2026\/09\/01\/el-massismo-de-la-septima-analizo-en-olavarria-la-agenda-regional\/","title":{"rendered":"El massismo de la S\u00e9ptima analiz\u00f3 en Olavarr\u00eda la agenda regional"},"content":{"rendered":"<p>El encuentro fue encabezado por el senador provincial Marcos Pisano. Eduardo Rodr\u00edguez fue el anfitri\u00f3n de los asistentes a la mesa de trabajo.<\/p>\n\n\n<hr class=\"wp-block-separator has-alpha-channel-opacity\"\/>\n\n\n\n<!--more-->\n\n\n\n<p><strong>Referentes del Frente Renovador de la S\u00e9ptima Secci\u00f3n Electoral <\/strong>se reunieron en Olavarr\u00eda para analizar la agenda regional. En las instalaciones de la sede de la <strong>Asociaci\u00f3n Obrera Minera Argentina (AOMA)<\/strong> de la ciudad de Olavarr\u00eda, se llev\u00f3 a cabo un <strong>encuentro pol\u00edtico e institucional que reuni\u00f3 a destacados referentes de la S\u00e9ptima Secci\u00f3n Electoral<\/strong>.<\/p>\n\n\n\n<p><\/p>\n\n\n\n<p>La jornada estuvo encabezada por el <strong>senador provincial Marcos Pisano<\/strong> y tuvo como prop\u00f3sito central <strong>abordar las principales problem\u00e1ticas y ejes compartidos<\/strong> por los diferentes distritos de la regi\u00f3n, premisa del <strong>l\u00edder del espacio Sergio Massa<\/strong>, quien convoca a espacios de <strong>di\u00e1logo y apertura con la comunidad.<\/strong><\/p>\n\n\n\n<p><\/p>\n\n\n\n<p>El dirigente <strong>olavarriense Eduardo Rodr\u00edguez <\/strong>ofici\u00f3 como anfitri\u00f3n del encuentro en la ciudad, recibiendo a una<strong> mesa de trabajo <\/strong>que cont\u00f3 con la participaci\u00f3n de <strong>Maximiliano Sciani (intendente de Roque P\u00e9rez), Diego Disalvo (referente de 25 de Mayo), Mar\u00eda In\u00e9s Mancini y Carlos Caputo (Azul), Abigail \u00c1vila (Tapalqu\u00e9) y Leandro Ledesma (Saladillo)<\/strong>.<\/p>\n\n\n\n<p><\/p>\n\n\n\n<p>Durante el transcurso de la jornada, los dirigentes mantuvieron <strong>mesas de di\u00e1logo con referentes institucionales y comunitarios locales<\/strong>.<\/p>\n\n\n\n<p><\/p>\n\n\n\n<figure class=\"wp-block-image size-full\"><img data-recalc-dims=\"1\" loading=\"lazy\" decoding=\"async\" width=\"800\" height=\"445\" src=\"https:\/\/i0.wp.com\/cdnoticias.com\/wp-content\/uploads\/2026\/09\/frente-renovador-septima-00.jpg?resize=800%2C445&#038;ssl=1\" alt=\"\" class=\"wp-image-213347\" srcset=\"https:\/\/i0.wp.com\/cdnoticias.com\/wp-content\/uploads\/2026\/09\/frente-renovador-septima-00.jpg?w=1000&amp;ssl=1 1000w, https:\/\/i0.wp.com\/cdnoticias.com\/wp-content\/uploads\/2026\/09\/frente-renovador-septima-00.jpg?resize=300%2C167&amp;ssl=1 300w, https:\/\/i0.wp.com\/cdnoticias.com\/wp-content\/uploads\/2026\/09\/frente-renovador-septima-00.jpg?resize=768%2C427&amp;ssl=1 768w, https:\/\/i0.wp.com\/cdnoticias.com\/wp-content\/uploads\/2026\/09\/frente-renovador-septima-00.jpg?resize=800%2C445&amp;ssl=1 800w\" sizes=\"auto, (max-width: 800px) 100vw, 800px\" \/><\/figure>\n\n\n\n<p><\/p>\n\n\n\n<blockquote class=\"wp-block-quote is-layout-flow wp-block-quote-is-layout-flow\">\n<p>El objetivo principal de estas mesas fue analizar minuciosamente la realidad social, econ\u00f3mica y productiva de cada una de las localidades representadas, identificando demandas comunes y planificando estrategias articuladas a nivel regional.<\/p>\n<\/blockquote>\n\n\n\n<p><\/p>\n\n\n\n<p>Durante el encuentro, <strong>el senador Marcos Pisano<\/strong> acerc\u00f3 a los referentes cada una de las<strong> iniciativas legislativas <\/strong>en las que trabajan <strong>diputados y senadores del Frente Renovador<\/strong>, y fueron recepcionadas propuestas de los presentes para trabajar de forma articulada.<\/p>\n\n\n\n<p><\/p>\n\n\n\n<p>Los participantes coincidieron en la<strong> importancia de fortalecer los ejes que unen a las ciudades de la S\u00e9ptima Secci\u00f3n<\/strong>. En ese sentido, se anunci\u00f3 que ya se comenz\u00f3 a coordinar de manera conjunta una serie de<strong> futuras convocatorias de escucha directa<\/strong>.<\/p>\n\n\n\n<p><\/p>\n\n\n\n<p>Estas jornadas se replicar\u00e1n pr\u00f3ximamente en cada uno de los distritos, con el fin de <strong>mantener un contacto estrecho y permanente con los vecinos<\/strong>, instituciones intermedias y fuerzas vivas de toda la regi\u00f3n.<\/p>\n\n\n\n<p><\/p>\n","protected":false},"excerpt":{"rendered":"<p>El encuentro fue encabezado por el senador provincial Marcos Pisano. Eduardo Rodr\u00edguez fue el anfitri\u00f3n de los asistentes a la<\/p>\n","protected":false},"author":4,"featured_media":213348,"comment_status":"closed","ping_status":"closed","sticky":false,"template":"","format":"standard","meta":{"_jetpack_memberships_contains_paid_content":false,"footnotes":""},"categories":[4,1],"tags":[],"class_list":["post-213346","post","type-post","status-publish","format-standard","has-post-thumbnail","hentry","category-politica","category-portada"],"jetpack_featured_media_url":"https:\/\/i0.wp.com\/cdnoticias.com\/wp-content\/uploads\/2026\/09\/frente-renovador-septima-01.jpg?fit=1000%2C556&ssl=1","jetpack_sharing_enabled":true,"_links":{"self":[{"href":"https:\/\/cdnoticias.com\/index.php\/wp-json\/wp\/v2\/posts\/213346","targetHints":{"allow":["GET"]}}],"collection":[{"href":"https:\/\/cdnoticias.com\/index.php\/wp-json\/wp\/v2\/posts"}],"about":[{"href":"https:\/\/cdnoticias.com\/index.php\/wp-json\/wp\/v2\/types\/post"}],"author":[{"embeddable":true,"href":"https:\/\/cdnoticias.com\/index.php\/wp-json\/wp\/v2\/users\/4"}],"replies":[{"embeddable":true,"href":"https:\/\/cdnoticias.com\/index.php\/wp-json\/wp\/v2\/comments?post=213346"}],"version-history":[{"count":0,"href":"https:\/\/cdnoticias.com\/index.php\/wp-json\/wp\/v2\/posts\/213346\/revisions"}],"wp:featuredmedia":[{"embeddable":true,"href":"https:\/\/cdnoticias.com\/index.php\/wp-json\/wp\/v2\/media\/213348"}],"wp:attachment":[{"href":"https:\/\/cdnoticias.com\/index.php\/wp-json\/wp\/v2\/media?parent=213346"}],"wp:term":[{"taxonomy":"category","embeddable":true,"href":"https:\/\/cdnoticias.com\/index.php\/wp-json\/wp\/v2\/categories?post=213346"},{"taxonomy":"post_tag","embeddable":true,"href":"https:\/\/cdnoticias.com\/index.php\/wp-json\/wp\/v2\/tags?post=213346"}],"curies":[{"name":"wp","href":"https:\/\/api.w.org\/{rel}","templated":true}]}}