{"id":213338,"date":"2026-09-01T11:56:12","date_gmt":"2026-09-01T14:56:12","guid":{"rendered":"https:\/\/cdnoticias.com\/?p=213338"},"modified":"2026-09-01T11:56:14","modified_gmt":"2026-09-01T14:56:14","slug":"estudiantes-de-olavarria-participaron-del-ii-encuentro-de-centros-de-estudiantes","status":"publish","type":"post","link":"https:\/\/cdnoticias.com\/index.php\/2026\/09\/01\/estudiantes-de-olavarria-participaron-del-ii-encuentro-de-centros-de-estudiantes\/","title":{"rendered":"Estudiantes de Olavarr\u00eda participaron del II Encuentro de Centros de Estudiantes"},"content":{"rendered":"\n<p>Representantes de escuelas secundarias trabajaron en comisiones para definir propuestas de cara al 16 de septiembre y la conmemoraci\u00f3n de los 50 a\u00f1os de La Noche de los L\u00e1pices.<\/p>\n\n\n\n<hr class=\"wp-block-separator aligncenter has-alpha-channel-opacity\"\/>\n\n\n\n<p>Este martes por la ma\u00f1ana se realiz\u00f3 el<strong> II Encuentro de Centros de Estudiantes en el Sal\u00f3n Rivadavia, con la participaci\u00f3n de representantes de distintas escuelas secundarias del Partido de Olavarr\u00eda.<\/strong><\/p>\n\n\n\n<p>La jornada se desarroll\u00f3 de cara al 16 de septiembre, <strong>D\u00eda Nacional de la Juventud, con el objetivo de pensar y construir colectivamente las actividades para conmemorar los 50 a\u00f1os de La Noche de los L\u00e1pices.<\/strong><\/p>\n\n\n\n<figure class=\"wp-block-image size-large\"><img data-recalc-dims=\"1\" loading=\"lazy\" decoding=\"async\" width=\"800\" height=\"478\" src=\"https:\/\/i0.wp.com\/cdnoticias.com\/wp-content\/uploads\/2026\/09\/Encuentro-de-Juventudes2-scaled-1.jpg?resize=800%2C478&#038;ssl=1\" alt=\"\" class=\"wp-image-213341\" srcset=\"https:\/\/i0.wp.com\/cdnoticias.com\/wp-content\/uploads\/2026\/09\/Encuentro-de-Juventudes2-scaled-1.jpg?resize=1024%2C612&amp;ssl=1 1024w, https:\/\/i0.wp.com\/cdnoticias.com\/wp-content\/uploads\/2026\/09\/Encuentro-de-Juventudes2-scaled-1.jpg?resize=300%2C179&amp;ssl=1 300w, https:\/\/i0.wp.com\/cdnoticias.com\/wp-content\/uploads\/2026\/09\/Encuentro-de-Juventudes2-scaled-1.jpg?resize=768%2C459&amp;ssl=1 768w, https:\/\/i0.wp.com\/cdnoticias.com\/wp-content\/uploads\/2026\/09\/Encuentro-de-Juventudes2-scaled-1.jpg?resize=1536%2C917&amp;ssl=1 1536w, https:\/\/i0.wp.com\/cdnoticias.com\/wp-content\/uploads\/2026\/09\/Encuentro-de-Juventudes2-scaled-1.jpg?resize=2048%2C1223&amp;ssl=1 2048w, https:\/\/i0.wp.com\/cdnoticias.com\/wp-content\/uploads\/2026\/09\/Encuentro-de-Juventudes2-scaled-1.jpg?w=1600&amp;ssl=1 1600w, https:\/\/i0.wp.com\/cdnoticias.com\/wp-content\/uploads\/2026\/09\/Encuentro-de-Juventudes2-scaled-1.jpg?w=2400&amp;ssl=1 2400w\" sizes=\"auto, (max-width: 800px) 100vw, 800px\" \/><\/figure>\n\n\n\n<blockquote class=\"wp-block-quote is-layout-flow wp-block-quote-is-layout-flow\">\n<p>Durante el encuentro, las y los estudiantes trabajaron en comisiones, intercambiaron ideas, compartieron propuestas y avanzaron en la organizaci\u00f3n de las actividades previstas en torno a la fecha.<\/p>\n<\/blockquote>\n\n\n\n<p>El espacio permiti\u00f3 recuperar las voces e iniciativas de las juventudes y promover su participaci\u00f3n activa en la construcci\u00f3n de una agenda com\u00fan y en la definici\u00f3n de las propuestas con las que se conmemorar\u00e1 esta fecha.<\/p>\n\n\n\n<p>La directora de Ni\u00f1eces y Adolescencias del Municipio,<strong> Lucrecia Caresia, destac\u00f3 la importancia de la participaci\u00f3n estudiantil y se\u00f1al\u00f3 que las juventudes son quienes transitan diariamente las instituciones educativas.<\/strong><\/p>\n\n\n\n<p>En ese sentido, mencion\u00f3 distintas iniciativas impulsadas por el Municipio, entre ellas los programas Concejales y J\u00f3venes, Voces Adolescentes, Futuro y Memoria y el Concejo Deliberante Estudiantil. <strong>Tambi\u00e9n destac\u00f3 la reciente apertura de una residencia para estudiantes de la ruralidad.<\/strong><\/p>\n\n\n\n<p>Caresia sostuvo que la creaci\u00f3n de la Coordinaci\u00f3n de Juventudes busca fortalecer el v\u00ednculo directo con las y los j\u00f3venes y poner a disposici\u00f3n herramientas municipales para potenciar la organizaci\u00f3n estudiantil. <strong>Tambi\u00e9n remarc\u00f3 el acompa\u00f1amiento a espacios como el UPD y la Fiesta de la Primavera, con el objetivo de que sean \u00e1mbitos de encuentro, cuidado y fortalecimiento del sentido de pertenencia.<\/strong><\/p>\n\n\n\n<figure class=\"wp-block-image size-large\"><img data-recalc-dims=\"1\" loading=\"lazy\" decoding=\"async\" width=\"800\" height=\"534\" src=\"https:\/\/i0.wp.com\/cdnoticias.com\/wp-content\/uploads\/2026\/09\/Encuentro-de-Juventudes-scaled-1.jpg?resize=800%2C534&#038;ssl=1\" alt=\"\" class=\"wp-image-213340\" srcset=\"https:\/\/i0.wp.com\/cdnoticias.com\/wp-content\/uploads\/2026\/09\/Encuentro-de-Juventudes-scaled-1.jpg?resize=1024%2C683&amp;ssl=1 1024w, https:\/\/i0.wp.com\/cdnoticias.com\/wp-content\/uploads\/2026\/09\/Encuentro-de-Juventudes-scaled-1.jpg?resize=300%2C200&amp;ssl=1 300w, https:\/\/i0.wp.com\/cdnoticias.com\/wp-content\/uploads\/2026\/09\/Encuentro-de-Juventudes-scaled-1.jpg?resize=768%2C512&amp;ssl=1 768w, https:\/\/i0.wp.com\/cdnoticias.com\/wp-content\/uploads\/2026\/09\/Encuentro-de-Juventudes-scaled-1.jpg?resize=1536%2C1024&amp;ssl=1 1536w, https:\/\/i0.wp.com\/cdnoticias.com\/wp-content\/uploads\/2026\/09\/Encuentro-de-Juventudes-scaled-1.jpg?resize=2048%2C1366&amp;ssl=1 2048w, https:\/\/i0.wp.com\/cdnoticias.com\/wp-content\/uploads\/2026\/09\/Encuentro-de-Juventudes-scaled-1.jpg?resize=272%2C182&amp;ssl=1 272w, https:\/\/i0.wp.com\/cdnoticias.com\/wp-content\/uploads\/2026\/09\/Encuentro-de-Juventudes-scaled-1.jpg?w=1600&amp;ssl=1 1600w, https:\/\/i0.wp.com\/cdnoticias.com\/wp-content\/uploads\/2026\/09\/Encuentro-de-Juventudes-scaled-1.jpg?w=2400&amp;ssl=1 2400w\" sizes=\"auto, (max-width: 800px) 100vw, 800px\" \/><\/figure>\n\n\n\n<p>Por su parte,<strong> el coordinador de Pol\u00edticas de Memoria, Leandro Lora, valor\u00f3 la realizaci\u00f3n de un nuevo encuentro y plante\u00f3 la necesidad de avanzar colectivamente en las actividades previstas para el 16 de septiembre.<\/strong><\/p>\n\n\n\n<p>Lora vincul\u00f3 la conmemoraci\u00f3n de los 50 a\u00f1os de La Noche de los L\u00e1pices con las <strong>experiencias de las juventudes actuales y se\u00f1al\u00f3 el desaf\u00edo de hacer memoria, recordar lo ocurrido y reflexionar sobre el presente y la mirada del mundo de las nuevas generaciones.<\/strong><\/p>\n\n\n\n<p><strong>El II Encuentro de Centros de Estudiantes fue organizado por la Subsecretar\u00eda de Protecci\u00f3n Integral de Derechos<\/strong>, a trav\u00e9s de la Direcci\u00f3n de Ni\u00f1eces y Adolescencias, la Coordinaci\u00f3n de Juventudes y la Coordinaci\u00f3n de Pol\u00edticas de Memoria.<\/p>\n","protected":false},"excerpt":{"rendered":"<p>Representantes de escuelas secundarias trabajaron en comisiones para definir propuestas de cara al 16 de septiembre y la conmemoraci\u00f3n de<\/p>\n","protected":false},"author":2,"featured_media":213339,"comment_status":"closed","ping_status":"closed","sticky":false,"template":"","format":"standard","meta":{"_jetpack_memberships_contains_paid_content":false,"footnotes":""},"categories":[4,1],"tags":[],"class_list":["post-213338","post","type-post","status-publish","format-standard","has-post-thumbnail","hentry","category-politica","category-portada"],"jetpack_featured_media_url":"https:\/\/i0.wp.com\/cdnoticias.com\/wp-content\/uploads\/2026\/09\/Encuentro-de-Juventudes3-scaled-1.jpg?fit=2560%2C1707&ssl=1","jetpack_sharing_enabled":true,"_links":{"self":[{"href":"https:\/\/cdnoticias.com\/index.php\/wp-json\/wp\/v2\/posts\/213338","targetHints":{"allow":["GET"]}}],"collection":[{"href":"https:\/\/cdnoticias.com\/index.php\/wp-json\/wp\/v2\/posts"}],"about":[{"href":"https:\/\/cdnoticias.com\/index.php\/wp-json\/wp\/v2\/types\/post"}],"author":[{"embeddable":true,"href":"https:\/\/cdnoticias.com\/index.php\/wp-json\/wp\/v2\/users\/2"}],"replies":[{"embeddable":true,"href":"https:\/\/cdnoticias.com\/index.php\/wp-json\/wp\/v2\/comments?post=213338"}],"version-history":[{"count":1,"href":"https:\/\/cdnoticias.com\/index.php\/wp-json\/wp\/v2\/posts\/213338\/revisions"}],"predecessor-version":[{"id":213342,"href":"https:\/\/cdnoticias.com\/index.php\/wp-json\/wp\/v2\/posts\/213338\/revisions\/213342"}],"wp:featuredmedia":[{"embeddable":true,"href":"https:\/\/cdnoticias.com\/index.php\/wp-json\/wp\/v2\/media\/213339"}],"wp:attachment":[{"href":"https:\/\/cdnoticias.com\/index.php\/wp-json\/wp\/v2\/media?parent=213338"}],"wp:term":[{"taxonomy":"category","embeddable":true,"href":"https:\/\/cdnoticias.com\/index.php\/wp-json\/wp\/v2\/categories?post=213338"},{"taxonomy":"post_tag","embeddable":true,"href":"https:\/\/cdnoticias.com\/index.php\/wp-json\/wp\/v2\/tags?post=213338"}],"curies":[{"name":"wp","href":"https:\/\/api.w.org\/{rel}","templated":true}]}}