{"id":213337,"date":"2026-09-01T13:46:10","date_gmt":"2026-09-01T16:46:10","guid":{"rendered":"https:\/\/cdnoticias.com\/?p=213337"},"modified":"2026-09-01T13:46:12","modified_gmt":"2026-09-01T16:46:12","slug":"federico-aguilera-galli-piensa-como-millonario-y-gestiona-para-los-millonarios","status":"publish","type":"post","link":"https:\/\/cdnoticias.com\/index.php\/2026\/09\/01\/federico-aguilera-galli-piensa-como-millonario-y-gestiona-para-los-millonarios\/","title":{"rendered":"Federico Aguilera: \u201cGalli piensa como millonario y gestiona para los millonarios\u201d"},"content":{"rendered":"<p>El concejal defendi\u00f3 la creaci\u00f3n de una tasa espec\u00edfica para los parques e\u00f3licos. Cuestion\u00f3 al ex intendente por impulsar beneficios para las grandes empresas mientras acompa\u00f1a el recorte de la Zona Fr\u00eda.<\/p>\n\n\n<hr class=\"wp-block-separator has-alpha-channel-opacity\"\/>\n\n\n\n<!--more-->\n\n\n\n<p>El <strong>presidente del bloque de concejales del oficialismo, Federico Aguilera<\/strong>, defendi\u00f3 la ordenanza impulsada por el<strong> intendente Maximiliano Wesner <\/strong>que <a href=\"https:\/\/cdnoticias.com\/index.php\/2026\/08\/27\/tasa-especial-a-la-energia-eolica-no-estamos-proponiendo-un-impuesto-a-la-energia\/\" target=\"_blank\" rel=\"noreferrer noopener\">crea <strong>un r\u00e9gimen espec\u00edfico<\/strong> para el cobro de la Tasa de Seguridad e Higiene (TISH) a los <strong>parques e\u00f3licos<\/strong><\/a> y rechaz\u00f3 las <strong>cr\u00edticas del exintendente Ezequiel Galli<\/strong>.<\/p>\n\n\n\n<p><\/p>\n\n\n\n<blockquote class=\"wp-block-quote is-layout-flow wp-block-quote-is-layout-flow\">\n<p>Aguilera aclar\u00f3 que &#8220;los municipios no tienen facultades para cobrar impuestos&#8221; y explic\u00f3 que la iniciativa &#8220;no crea un impuesto nuevo <a href=\"https:\/\/cdnoticias.com\/index.php\/2026\/08\/24\/ezequiel-galli-busca-beneficiar-a-las-empresas-de-energia-eolica-en-olavarria\/\" target=\"_blank\" rel=\"noreferrer noopener\">ni se le cobra al viento, como algunos intentan instalar&#8221;<\/a>.<\/p>\n<\/blockquote>\n\n\n\n<p><\/p>\n\n\n\n<p>&#8220;Lo que se cobra es la Tasa de Seguridad e Higiene, la misma que pagan todos los comercios, industrias y empresas que desarrollan una actividad econ\u00f3mica en Olavarr\u00eda. <strong>La generaci\u00f3n de energ\u00eda el\u00e9ctrica es una actividad comercial con rentabilidad y debe tributar como cualquier otra&#8221;<\/strong>, sostuvo en una entrevista radial en FM 107.1.<\/p>\n\n\n\n<p><\/p>\n\n\n\n<p>El concejal explic\u00f3 que <strong>los parques e\u00f3licos ya abonaban la TISH <\/strong>dentro de la categor\u00eda general de generaci\u00f3n de energ\u00eda, pero que la <strong>nueva ordenanza incorpora un nomenclador espec\u00edfico<\/strong> para esta actividad, con un esquema m\u00e1s claro y previsible.<\/p>\n\n\n\n<p><\/p>\n\n\n\n<p>&#8220;A los parques e\u00f3licos se les deja de cobrar la tasa general para pasar a un r\u00e9gimen espec\u00edfico.<strong> Se fija un monto por cada aerogenerador durante diez a\u00f1os<\/strong>, lo que brinda <strong>previsibilidad y seguridad jur\u00eddica<\/strong> a las empresas&#8221;, se\u00f1al\u00f3.<\/p>\n\n\n\n<p><\/p>\n\n\n\n<p>Aguilera remarc\u00f3 adem\u00e1s que ninguna de las firmas manifest\u00f3 objeci\u00f3n alguna y destac\u00f3 que las obras contin\u00faan con normalidad. <strong>\u201cPor el contrario, sigue llegando equipamiento para los nuevos parques en Olavarr\u00eda\u201d<\/strong>, remarc\u00f3.<\/p>\n\n\n\n<p><\/p>\n\n\n\n<p>En ese marco, <strong>cuestion\u00f3 la postura del exintendente Ezequiel Galli<\/strong>, quien present\u00f3 un proyecto para eximir a las empresas del pago de la tasa.<\/p>\n\n\n\n<p><\/p>\n\n\n\n<blockquote class=\"wp-block-quote is-layout-flow wp-block-quote-is-layout-flow\">\n<p>&#8220;Hay una contradicci\u00f3n pol\u00edtica, pero una coherencia ideol\u00f3gica. Ezequiel Galli es un hombre millonario que piensa como millonario, habla como millonario y presenta proyectos para beneficiar a los millonarios&#8221;, apunt\u00f3.<\/p>\n<\/blockquote>\n\n\n\n<p><\/p>\n\n\n\n<p>Aguilera tambi\u00e9n cuestion\u00f3 el rol que hoy cumple el exintendente dentro del Gobierno Nacional: &#8220;Por un lado dice que <strong>a las grandes empresas energ\u00e9ticas no hay que cobrarles la Tasa de Seguridad e Higiene<\/strong> y, por otro, en tres a\u00f1os como funcionario nacional <strong>su primera gesti\u00f3n importante para Olavarr\u00eda es quitarle el r\u00e9gimen de Zona Fr\u00eda a miles de vecinos<\/strong>. <a href=\"https:\/\/cdnoticias.com\/index.php\/2026\/08\/25\/ezequiel-galli-sobre-la-zona-fria-cerca-del-90-de-los-usuarios-no-van-a-perder-el-subsidio\/\" target=\"_blank\" rel=\"noreferrer noopener\">Gestiona contra los intereses de las familias comunes<\/a> y presenta propuestas para favorecer a los grandes grupos empresarios&#8221;.<\/p>\n\n\n\n<p><\/p>\n\n\n\n<p>Y concluy\u00f3: \u201cNosotros creemos que es justo que estas empresas, como cualquier otra actividad econ\u00f3mica, hagan su <strong>aporte para sostener los servicios que presta el Municipio&#8221;.<\/strong><\/p>\n\n\n\n<p><\/p>\n","protected":false},"excerpt":{"rendered":"<p>El concejal defendi\u00f3 la creaci\u00f3n de una tasa espec\u00edfica para los parques e\u00f3licos. Cuestion\u00f3 al ex intendente por impulsar beneficios<\/p>\n","protected":false},"author":4,"featured_media":118435,"comment_status":"closed","ping_status":"closed","sticky":false,"template":"","format":"standard","meta":{"_jetpack_memberships_contains_paid_content":false,"footnotes":""},"categories":[4,1],"tags":[],"class_list":["post-213337","post","type-post","status-publish","format-standard","has-post-thumbnail","hentry","category-politica","category-portada"],"jetpack_featured_media_url":"https:\/\/i0.wp.com\/cdnoticias.com\/wp-content\/uploads\/2024\/06\/HCD-federico-aguilera-01.jpg?fit=800%2C445&ssl=1","jetpack_sharing_enabled":true,"_links":{"self":[{"href":"https:\/\/cdnoticias.com\/index.php\/wp-json\/wp\/v2\/posts\/213337","targetHints":{"allow":["GET"]}}],"collection":[{"href":"https:\/\/cdnoticias.com\/index.php\/wp-json\/wp\/v2\/posts"}],"about":[{"href":"https:\/\/cdnoticias.com\/index.php\/wp-json\/wp\/v2\/types\/post"}],"author":[{"embeddable":true,"href":"https:\/\/cdnoticias.com\/index.php\/wp-json\/wp\/v2\/users\/4"}],"replies":[{"embeddable":true,"href":"https:\/\/cdnoticias.com\/index.php\/wp-json\/wp\/v2\/comments?post=213337"}],"version-history":[{"count":1,"href":"https:\/\/cdnoticias.com\/index.php\/wp-json\/wp\/v2\/posts\/213337\/revisions"}],"predecessor-version":[{"id":213344,"href":"https:\/\/cdnoticias.com\/index.php\/wp-json\/wp\/v2\/posts\/213337\/revisions\/213344"}],"wp:featuredmedia":[{"embeddable":true,"href":"https:\/\/cdnoticias.com\/index.php\/wp-json\/wp\/v2\/media\/118435"}],"wp:attachment":[{"href":"https:\/\/cdnoticias.com\/index.php\/wp-json\/wp\/v2\/media?parent=213337"}],"wp:term":[{"taxonomy":"category","embeddable":true,"href":"https:\/\/cdnoticias.com\/index.php\/wp-json\/wp\/v2\/categories?post=213337"},{"taxonomy":"post_tag","embeddable":true,"href":"https:\/\/cdnoticias.com\/index.php\/wp-json\/wp\/v2\/tags?post=213337"}],"curies":[{"name":"wp","href":"https:\/\/api.w.org\/{rel}","templated":true}]}}