{"id":213335,"date":"2026-09-01T17:32:52","date_gmt":"2026-09-01T20:32:52","guid":{"rendered":"https:\/\/cdnoticias.com\/?p=213335"},"modified":"2026-09-01T17:32:54","modified_gmt":"2026-09-01T20:32:54","slug":"la-provincia-prorrogo-por-120-dias-las-licencias-profesionales-de-conducir","status":"publish","type":"post","link":"https:\/\/cdnoticias.com\/index.php\/2026\/09\/01\/la-provincia-prorrogo-por-120-dias-las-licencias-profesionales-de-conducir\/","title":{"rendered":"La Provincia prorrog\u00f3 por 120 d\u00edas las licencias profesionales de conducir"},"content":{"rendered":"<p>Es por las demoras del nuevo sistema. Son las licencias de conducir que vencen entre julio y el 31 de octubre. Tendr\u00e1n una extensi\u00f3n de 120 d\u00edas.<\/p>\n\n\n<hr class=\"wp-block-separator has-alpha-channel-opacity\"\/>\n\n\n\n<!--more-->\n\n\n\n<p>La Provincia de Buenos Aires\u00a0<strong>prorrog\u00f3 por 120<\/strong>\u00a0d\u00edas corridos los\u00a0<strong>vencimientos de las Licencias Nacionales de Conducir\u00a0<\/strong>de car\u00e1cter interjurisdiccional emitidas en territorio bonaerense, debido a las dificultades operativas que persisten desde la implementaci\u00f3n del nuevo sistema para\u00a0<strong>conductores profesionales<\/strong>.<\/p>\n\n\n\n<p><\/p>\n\n\n\n<p id=\"p-1788268833049-13934\">La medida fue dispuesta por la Direcci\u00f3n Provincial de Licencias de Conducir y Antecedentes de Tr\u00e1nsito y\u00a0<strong>alcanza a la totalidad de las licencias<\/strong>\u00a0cuyo vencimiento impreso haya operado o vaya a operar\u00a0<strong>entre el 1\u00b0 de julio y el 31 de octubre de 2026<\/strong>\u00a0inclusive. En todos los casos, <strong>la extensi\u00f3n se computar\u00e1 desde la fecha de vencimiento original<\/strong>.<\/p>\n\n\n\n<p><\/p>\n\n\n\n<p id=\"p-1788268833049-43768\">La pr\u00f3rroga est\u00e1 vinculada con el\u00a0<strong>nuevo procedimiento para el otorgamiento y renovaci\u00f3n<\/strong>\u00a0de las licencias profesionales interjurisdiccionales correspondientes a las clases C, D y E, que<a href=\"https:\/\/cdnoticias.com\/index.php\/2026\/07\/06\/entraron-en-vigencia-cambios-para-la-obtencion-de-licencias-de-conducir-profesionales\/\" target=\"_blank\" rel=\"noreferrer noopener\"> comenz\u00f3 a implementarse en la provincia el 6 de julio pasado<\/a> a partir del Convenio Espec\u00edfico de Delegaci\u00f3n de Facultades firmado entre la Agencia Nacional de Seguridad Vial (ANSV) y la provincia de Buenos Aires y aprobado mediante el Decreto Provincial N\u00b0 3153\/25.<\/p>\n\n\n\n<p><\/p>\n\n\n\n<p id=\"p-1788268833049-9643\">El nuevo esquema incorpor\u00f3 modificaciones estructurales en el tr\u00e1mite y sum\u00f3 nuevas instancias vinculadas con la capacitaci\u00f3n, la evaluaci\u00f3n y la realizaci\u00f3n de los ex\u00e1menes psicof\u00edsicos a trav\u00e9s de prestadores inscriptos en el Registro de Prestadores de la Agencia Nacional de Seguridad Vial (REPRE).<\/p>\n\n\n\n<p id=\"p-1788268833049-32365\"><\/p>\n\n\n\n<blockquote class=\"wp-block-quote is-layout-flow wp-block-quote-is-layout-flow\">\n<p>Sin embargo,\u00a0la puesta en marcha del sistema gener\u00f3 dificultades\u00a0para los conductores profesionales, principalmente relacionadas con la disponibilidad y asignaci\u00f3n de turnos para completar las distintas etapas requeridas.<\/p>\n<\/blockquote>\n\n\n\n<p><\/p>\n\n\n\n<p id=\"p-1788268833049-90495\">De acuerdo con los fundamentos de la disposici\u00f3n, la incorporaci\u00f3n de nuevos prestadores al REPRE es un proceso progresivo y, hasta el momento, solamente&nbsp;<strong>tres prestadores domiciliados en la provincia de Buenos Aires<\/strong>&nbsp;fueron efectivamente incorporados para operar bajo el nuevo r\u00e9gimen. A su vez, numerosos postulantes se encuentran todav\u00eda atravesando el proceso de inscripci\u00f3n.<\/p>\n\n\n\n<p><\/p>\n\n\n\n<h2 class=\"wp-block-heading\" id=\"p-1788268833049-25443\">Problemas con las licencias de conducir<\/h2>\n\n\n\n<p id=\"p-1788268833049-58992\"><\/p>\n\n\n\n<blockquote class=\"wp-block-quote is-layout-flow wp-block-quote-is-layout-flow\">\n<p>La Direcci\u00f3n Provincial advirti\u00f3 que las demoras podr\u00edan extenderse m\u00e1s all\u00e1 de los plazos de vigencia de las licencias incluso en aquellos casos en los que los conductores hubieran iniciado, o intentado iniciar, sus tr\u00e1mites de manera oportuna.<\/p>\n<\/blockquote>\n\n\n\n<p><\/p>\n\n\n\n<p id=\"p-1788268833049-42075\">La situaci\u00f3n adquiere particular relevancia para los trabajadores y las empresas del transporte automotor de cargas y pasajeros, ya que una licencia vencida podr\u00eda afectar la continuidad laboral de los conductores y la normal prestaci\u00f3n de los servicios. Por ese motivo, la nueva disposici\u00f3n establece una pr\u00f3rroga excepcional y transitoria de 120 d\u00edas, con el objetivo de <strong>brindar previsibilidad durante el per\u00edodo de consolidaci\u00f3n del nuevo sistema.<\/strong><\/p>\n\n\n\n<p><\/p>\n\n\n\n<p id=\"p-1788268833049-32360\">Las autoridades bonaerenses se\u00f1alaron que este plazo adicional permitir\u00e1 avanzar en la incorporaci\u00f3n de nuevos prestadores al REPRE, ampliar la capacidad de atenci\u00f3n disponible y profundizar las acciones de difusi\u00f3n y comunicaci\u00f3n sobre el nuevo procedimiento.<\/p>\n\n\n\n<p><\/p>\n\n\n\n<p>Fuente: Agencia DIB<\/p>\n\n\n\n<p><\/p>\n\n\n\n<figure class=\"wp-block-embed is-type-wp-embed is-provider-central-de-noticias-olavarr-a wp-block-embed-central-de-noticias-olavarr-a\"><div class=\"wp-block-embed__wrapper\">\n<blockquote class=\"wp-embedded-content\" data-secret=\"oFc8d18yow\"><a href=\"https:\/\/cdnoticias.com\/index.php\/2026\/07\/16\/prorrogan-por-60-dias-los-vencimientos-de-licencias-profesionales-en-la-provincia-de-buenos-aires\/\">Prorrogan por 60 d\u00edas los vencimientos de licencias profesionales en la provincia de Buenos Aires<\/a><\/blockquote><iframe loading=\"lazy\" class=\"wp-embedded-content\" sandbox=\"allow-scripts\" security=\"restricted\" style=\"position: absolute; visibility: hidden;\" title=\"&#8220;Prorrogan por 60 d\u00edas los vencimientos de licencias profesionales en la provincia de Buenos Aires&#8221; &#8212; Central de Noticias | Olavarr\u00eda\" src=\"https:\/\/cdnoticias.com\/index.php\/2026\/07\/16\/prorrogan-por-60-dias-los-vencimientos-de-licencias-profesionales-en-la-provincia-de-buenos-aires\/embed\/#?secret=oWSeATrHKF#?secret=oFc8d18yow\" data-secret=\"oFc8d18yow\" width=\"600\" height=\"338\" frameborder=\"0\" marginwidth=\"0\" marginheight=\"0\" scrolling=\"no\"><\/iframe>\n<\/div><\/figure>\n","protected":false},"excerpt":{"rendered":"<p>Es por las demoras del nuevo sistema. Son las licencias de conducir que vencen entre julio y el 31 de<\/p>\n","protected":false},"author":4,"featured_media":86408,"comment_status":"closed","ping_status":"closed","sticky":false,"template":"","format":"standard","meta":{"_jetpack_memberships_contains_paid_content":false,"footnotes":""},"categories":[6,1],"tags":[],"class_list":["post-213335","post","type-post","status-publish","format-standard","has-post-thumbnail","hentry","category-nacionales","category-portada"],"jetpack_featured_media_url":"https:\/\/i0.wp.com\/cdnoticias.com\/wp-content\/uploads\/2023\/05\/DIB-licencias-696x392-1.jpg?fit=696%2C392&ssl=1","jetpack_sharing_enabled":true,"_links":{"self":[{"href":"https:\/\/cdnoticias.com\/index.php\/wp-json\/wp\/v2\/posts\/213335","targetHints":{"allow":["GET"]}}],"collection":[{"href":"https:\/\/cdnoticias.com\/index.php\/wp-json\/wp\/v2\/posts"}],"about":[{"href":"https:\/\/cdnoticias.com\/index.php\/wp-json\/wp\/v2\/types\/post"}],"author":[{"embeddable":true,"href":"https:\/\/cdnoticias.com\/index.php\/wp-json\/wp\/v2\/users\/4"}],"replies":[{"embeddable":true,"href":"https:\/\/cdnoticias.com\/index.php\/wp-json\/wp\/v2\/comments?post=213335"}],"version-history":[{"count":0,"href":"https:\/\/cdnoticias.com\/index.php\/wp-json\/wp\/v2\/posts\/213335\/revisions"}],"wp:featuredmedia":[{"embeddable":true,"href":"https:\/\/cdnoticias.com\/index.php\/wp-json\/wp\/v2\/media\/86408"}],"wp:attachment":[{"href":"https:\/\/cdnoticias.com\/index.php\/wp-json\/wp\/v2\/media?parent=213335"}],"wp:term":[{"taxonomy":"category","embeddable":true,"href":"https:\/\/cdnoticias.com\/index.php\/wp-json\/wp\/v2\/categories?post=213335"},{"taxonomy":"post_tag","embeddable":true,"href":"https:\/\/cdnoticias.com\/index.php\/wp-json\/wp\/v2\/tags?post=213335"}],"curies":[{"name":"wp","href":"https:\/\/api.w.org\/{rel}","templated":true}]}}