{"id":213330,"date":"2026-09-01T11:06:48","date_gmt":"2026-09-01T14:06:48","guid":{"rendered":"https:\/\/cdnoticias.com\/?p=213330"},"modified":"2026-09-01T11:08:16","modified_gmt":"2026-09-01T14:08:16","slug":"el-ceco-pone-en-marcha-una-nueva-edicion-del-mes-de-las-y-los-empleados-de-comercio","status":"publish","type":"post","link":"https:\/\/cdnoticias.com\/index.php\/2026\/09\/01\/el-ceco-pone-en-marcha-una-nueva-edicion-del-mes-de-las-y-los-empleados-de-comercio\/","title":{"rendered":"El CECO pone en marcha una nueva edici\u00f3n del mes de las y los empleados de comercio"},"content":{"rendered":"<p>La iniciativa se sostiene desde hace 18 a\u00f1os de manera ininterrumpida. Sorteos semanales, premios especiales y el cl\u00e1sico sorteo de 3 sueldos, 2 sueldos y 1 sueldo. La celebraci\u00f3n central: s\u00e1bado 26 de septiembre en Mariano Moreno.<\/p>\n\n\n<hr class=\"wp-block-separator has-alpha-channel-opacity\"\/>\n\n\n\n<!--more-->\n\n\n\n<p>El <strong>Centro de Empleados de Comercio Olavarr\u00eda (CECO)<\/strong> lanz\u00f3 una <strong>nueva edici\u00f3n del Mes de las y los Empleados de Comercio<\/strong>, un <strong>programa de reconocimiento y celebraci\u00f3n<\/strong> que el gremio sostiene desde hace 18 a\u00f1os de manera ininterrumpida y que este a\u00f1o se extiende<strong> durante todo septiembre con sorteos, premios y sorpresas<\/strong> para los trabajadores y trabajadoras mercantiles.<\/p>\n\n\n\n<p><\/p>\n\n\n\n<blockquote class=\"wp-block-quote is-layout-flow wp-block-quote-is-layout-flow\">\n<p>La propuesta incluye sorteos semanales que se realizar\u00e1n todos los viernes, premios especiales a trav\u00e9s de las redes sociales del gremio, descuentos en comercios, entradas a recitales y el tradicional sorteo de 3 sueldos, 2 sueldos y 1 sueldo, que se har\u00e1 el viernes 25 de septiembre a trav\u00e9s de la jugada &#8220;El Primero&#8221; de la Loter\u00eda de la Provincia de Buenos Aires.<\/p>\n<\/blockquote>\n\n\n\n<p><\/p>\n\n\n\n<h2 class=\"wp-block-heading\">C\u00f3mo participa cada afiliado<\/h2>\n\n\n\n<p><\/p>\n\n\n\n<p>Para participar, <strong>todos los afiliados y afiliadas al CECO<\/strong> recibir\u00e1n, a partir de este mi\u00e9rcoles y por mensaje de WhatsApp, <strong>un bono digital con los n\u00fameros asignados para los sorteos, premios y sorpresas<\/strong> del mes. <\/p>\n\n\n\n<p><\/p>\n\n\n\n<p>Adem\u00e1s, el gremio dispone de su p\u00e1gina web<a href=\"http:\/\/www.ceco.org.ar\"> www.ceco.org.ar<\/a> , donde se puede consultar el n\u00famero asignado ingresando el DNI.<\/p>\n\n\n\n<p><\/p>\n\n\n\n<p><strong>Participan todos los afiliados y afiliadas activos y jubilados de Olavarr\u00eda, General La Madrid y Laprida <\/strong>quienes tambi\u00e9n podr\u00e1n acceder a una serie de descuentos especiales en varios comercios de Olavarr\u00eda y la zona. Estos beneficios se ir\u00e1n informando semana a semana.<\/p>\n\n\n\n<p><\/p>\n\n\n\n<h2 class=\"wp-block-heading\">\u201cUn mes para reconocer\u201d<\/h2>\n\n\n\n<p><\/p>\n\n\n\n<blockquote class=\"wp-block-quote is-layout-flow wp-block-quote-is-layout-flow\">\n<p>El secretario general del CECO, Miguel Santell\u00e1n, destac\u00f3 la continuidad de esta iniciativa: \u201cLlevamos varios a\u00f1os celebrando el Mes de las y los Empleados de Comercio, y cada vez lo hacemos con la misma energ\u00eda. Este programa es una forma de reconocer el esfuerzo diario de quienes est\u00e1n detr\u00e1s de cada mostrador, en cada dep\u00f3sito, en cada atenci\u00f3n al p\u00fablico. Es una manera de poner en valor y celebrar su rol y esfuerzo diario\u201d.<\/p>\n<\/blockquote>\n\n\n\n<p><\/p>\n\n\n\n<h2 class=\"wp-block-heading\">Celebraci\u00f3n central<\/h2>\n\n\n\n<p><\/p>\n\n\n\n<p>El <strong>festejo central del D\u00eda del Empleado y la Empleada de Comercio<\/strong> se llevar\u00e1 a cabo el <strong>s\u00e1bado 26 de septiembre <\/strong>en el <strong>sal\u00f3n Mariano Moreno<\/strong>. La jornada contar\u00e1 con <strong>m\u00fasica, espect\u00e1culos en vivo y premios especiales<\/strong> para los afiliados y afiliadas que asistan.<\/p>\n\n\n\n<p><\/p>\n\n\n\n<p>El <strong>Mes de las y los Empleados de Comercio<\/strong> es una de las iniciativas m\u00e1s esperadas por los <strong>trabajadores mercantiles de la regi\u00f3n<\/strong>, y reafirma el <strong>compromiso del CECO<\/strong> con el reconocimiento y la celebraci\u00f3n de quienes sostienen una actividad esencial para la econom\u00eda y la vida cotidiana de la ciudad.<\/p>\n\n\n\n<p><\/p>\n\n\n\n<h2 class=\"wp-block-heading\">Por qu\u00e9 el 26 de septiembre<\/h2>\n\n\n\n<p><\/p>\n\n\n\n<p>El <strong>D\u00eda del Empleado de Comercio<\/strong> se celebra en Argentina cada <strong>26 de septiembre en conmemoraci\u00f3n de la sanci\u00f3n de la Ley 11.729, promulgada en 1934<\/strong>, que regul\u00f3 por primera vez la actividad mercantil, estableci\u00f3 derechos laborales y sent\u00f3 las bases para los convenios colectivos de trabajo en el sector. Fue reci\u00e9n en 2009, con la sanci\u00f3n de la Ley 26.541, que se instituy\u00f3 formalmente como <strong>fecha de descanso para los trabajadores y trabajadoras de comercio<\/strong>, reconociendo as\u00ed su rol esencial en la econom\u00eda y la vida cotidiana de las comunidades.<\/p>\n\n\n\n<p><\/p>\n","protected":false},"excerpt":{"rendered":"<p>La iniciativa se sostiene desde hace 18 a\u00f1os de manera ininterrumpida. Sorteos semanales, premios especiales y el cl\u00e1sico sorteo de<\/p>\n","protected":false},"author":4,"featured_media":183547,"comment_status":"closed","ping_status":"closed","sticky":false,"template":"","format":"standard","meta":{"_jetpack_memberships_contains_paid_content":false,"footnotes":""},"categories":[5,1],"tags":[],"class_list":["post-213330","post","type-post","status-publish","format-standard","has-post-thumbnail","hentry","category-informacion-general","category-portada"],"jetpack_featured_media_url":"https:\/\/i0.wp.com\/cdnoticias.com\/wp-content\/uploads\/2025\/09\/CECO-dia-del-empleado-de-comercio-2025-a.jpg?fit=1000%2C563&ssl=1","jetpack_sharing_enabled":true,"_links":{"self":[{"href":"https:\/\/cdnoticias.com\/index.php\/wp-json\/wp\/v2\/posts\/213330","targetHints":{"allow":["GET"]}}],"collection":[{"href":"https:\/\/cdnoticias.com\/index.php\/wp-json\/wp\/v2\/posts"}],"about":[{"href":"https:\/\/cdnoticias.com\/index.php\/wp-json\/wp\/v2\/types\/post"}],"author":[{"embeddable":true,"href":"https:\/\/cdnoticias.com\/index.php\/wp-json\/wp\/v2\/users\/4"}],"replies":[{"embeddable":true,"href":"https:\/\/cdnoticias.com\/index.php\/wp-json\/wp\/v2\/comments?post=213330"}],"version-history":[{"count":2,"href":"https:\/\/cdnoticias.com\/index.php\/wp-json\/wp\/v2\/posts\/213330\/revisions"}],"predecessor-version":[{"id":213332,"href":"https:\/\/cdnoticias.com\/index.php\/wp-json\/wp\/v2\/posts\/213330\/revisions\/213332"}],"wp:featuredmedia":[{"embeddable":true,"href":"https:\/\/cdnoticias.com\/index.php\/wp-json\/wp\/v2\/media\/183547"}],"wp:attachment":[{"href":"https:\/\/cdnoticias.com\/index.php\/wp-json\/wp\/v2\/media?parent=213330"}],"wp:term":[{"taxonomy":"category","embeddable":true,"href":"https:\/\/cdnoticias.com\/index.php\/wp-json\/wp\/v2\/categories?post=213330"},{"taxonomy":"post_tag","embeddable":true,"href":"https:\/\/cdnoticias.com\/index.php\/wp-json\/wp\/v2\/tags?post=213330"}],"curies":[{"name":"wp","href":"https:\/\/api.w.org\/{rel}","templated":true}]}}