{"id":213326,"date":"2026-09-01T10:47:23","date_gmt":"2026-09-01T13:47:23","guid":{"rendered":"https:\/\/cdnoticias.com\/?p=213326"},"modified":"2026-09-01T16:06:58","modified_gmt":"2026-09-01T19:06:58","slug":"choque-en-yrigoyen-y-san-lorenzo-vecinos-advierten-por-la-reiteracion-de-casos","status":"publish","type":"post","link":"https:\/\/cdnoticias.com\/index.php\/2026\/09\/01\/choque-en-yrigoyen-y-san-lorenzo-vecinos-advierten-por-la-reiteracion-de-casos\/","title":{"rendered":"Choque en Yrigoyen y San Lorenzo: vecinos advierten por la reiteraci\u00f3n de casos"},"content":{"rendered":"<p>Pasadas las 10 de este martes un utilitario y una moto impactaron en el cruce. No hubo heridos. Es el tercer siniestro vial en cuatro d\u00edas.<\/p>\n\n\n<hr class=\"wp-block-separator has-alpha-channel-opacity\"\/>\n\n\n\n<!--more-->\n\n\n\n<p><strong>En la ma\u00f1ana de este martes<\/strong> se registr\u00f3 un <strong>siniestro vial<\/strong> en un punto de la ciudad en el que <strong>se han reiterado los hechos de tr\u00e1nsito <\/strong>en los \u00faltimos d\u00edas por lo que los<strong> vecinos del sector expusieron sus advertencias<\/strong>, en contacto con <strong>Central de Noticias<\/strong>.<\/p>\n\n\n\n<p><\/p>\n\n\n\n<p>Fue <strong>pasadas las 10 horas <\/strong>en <strong>Yrigoyen y San Lorenzo <\/strong>donde<strong> chocaron un utilitario y una moto<\/strong>. Los ocupantes de los veh\u00edculos resultaron <strong>ilesos<\/strong>.<\/p>\n\n\n\n<p><\/p>\n\n\n\n<p>La <strong>camioneta transitaba por Yrigoyen<\/strong> al mando de una \u00fanica ocupante mientras que <strong>la moto lo hac\u00eda por San Lorenzo<\/strong> con dos personas, una mujer y un ni\u00f1o.<\/p>\n\n\n\n<p><\/p>\n\n\n\n<figure class=\"wp-block-image size-full\"><img data-recalc-dims=\"1\" loading=\"lazy\" decoding=\"async\" width=\"800\" height=\"445\" src=\"https:\/\/i0.wp.com\/cdnoticias.com\/wp-content\/uploads\/2026\/09\/choque-yrigoyen-y-san-lorenzo-01.jpg?resize=800%2C445&#038;ssl=1\" alt=\"\" class=\"wp-image-213328\" srcset=\"https:\/\/i0.wp.com\/cdnoticias.com\/wp-content\/uploads\/2026\/09\/choque-yrigoyen-y-san-lorenzo-01.jpg?w=1000&amp;ssl=1 1000w, https:\/\/i0.wp.com\/cdnoticias.com\/wp-content\/uploads\/2026\/09\/choque-yrigoyen-y-san-lorenzo-01.jpg?resize=300%2C167&amp;ssl=1 300w, https:\/\/i0.wp.com\/cdnoticias.com\/wp-content\/uploads\/2026\/09\/choque-yrigoyen-y-san-lorenzo-01.jpg?resize=768%2C427&amp;ssl=1 768w, https:\/\/i0.wp.com\/cdnoticias.com\/wp-content\/uploads\/2026\/09\/choque-yrigoyen-y-san-lorenzo-01.jpg?resize=800%2C445&amp;ssl=1 800w\" sizes=\"auto, (max-width: 800px) 100vw, 800px\" \/><\/figure>\n\n\n\n<p><\/p>\n\n\n\n<p>Un<strong> m\u00f3vil del Comando de Patrullas<\/strong> fue convocado al lugar para asistir a los afectados y controlar el tr\u00e1nsito en la zona mientras se retiraban los veh\u00edculos afectados.<\/p>\n\n\n\n<p><\/p>\n\n\n\n<blockquote class=\"wp-block-quote is-layout-flow wp-block-quote-is-layout-flow\">\n<p>En ese marco, los vecinos de la zona hicieron saber a <strong>Central de Noticias<\/strong> su preocupaci\u00f3n por las condiciones en que los veh\u00edculos transitan por el cruce y por la alta frecuencia de los choques, as\u00ed como demandaron intervenci\u00f3n municipal para prevenir futuros hechos de tr\u00e1nsito.<\/p>\n<\/blockquote>\n\n\n\n<p><\/p>\n\n\n\n<p>Destacaron que<strong> <a href=\"https:\/\/cdnoticias.com\/index.php\/2026\/08\/29\/un-motociclista-herido-en-un-siniestro-vial-en-yrigoyen-y-san-lorenzo\/\" target=\"_blank\" rel=\"noreferrer noopener\">el s\u00e1bado por la tarde<\/a> ya se hab\u00eda registrado un choque<\/strong> con una persona herida, as\u00ed como<strong> <a href=\"https:\/\/cdnoticias.com\/index.php\/2026\/08\/28\/se-encuentra-en-grave-estado-la-ciclista-accidentada-este-viernes\/\" target=\"_blank\" rel=\"noreferrer noopener\">el viernes por la ma\u00f1ana<\/a> una mujer result\u00f3 con lesiones de consideraci\u00f3n<\/strong> producto de otro siniestro. Lo sucedido este martes<strong> es el tercer caso en cuatro d\u00edas<\/strong>.<\/p>\n\n\n\n<p><\/p>\n","protected":false},"excerpt":{"rendered":"<p>Pasadas las 10 de este martes un utilitario y una moto impactaron en el cruce. No hubo heridos. Es el<\/p>\n","protected":false},"author":4,"featured_media":213327,"comment_status":"closed","ping_status":"closed","sticky":false,"template":"","format":"standard","meta":{"_jetpack_memberships_contains_paid_content":false,"footnotes":""},"categories":[14,1],"tags":[],"class_list":["post-213326","post","type-post","status-publish","format-standard","has-post-thumbnail","hentry","category-policiales","category-portada"],"jetpack_featured_media_url":"https:\/\/i0.wp.com\/cdnoticias.com\/wp-content\/uploads\/2026\/09\/choque-yrigoyen-y-san-lorenzo-00.jpg?fit=1000%2C556&ssl=1","jetpack_sharing_enabled":true,"_links":{"self":[{"href":"https:\/\/cdnoticias.com\/index.php\/wp-json\/wp\/v2\/posts\/213326","targetHints":{"allow":["GET"]}}],"collection":[{"href":"https:\/\/cdnoticias.com\/index.php\/wp-json\/wp\/v2\/posts"}],"about":[{"href":"https:\/\/cdnoticias.com\/index.php\/wp-json\/wp\/v2\/types\/post"}],"author":[{"embeddable":true,"href":"https:\/\/cdnoticias.com\/index.php\/wp-json\/wp\/v2\/users\/4"}],"replies":[{"embeddable":true,"href":"https:\/\/cdnoticias.com\/index.php\/wp-json\/wp\/v2\/comments?post=213326"}],"version-history":[{"count":0,"href":"https:\/\/cdnoticias.com\/index.php\/wp-json\/wp\/v2\/posts\/213326\/revisions"}],"wp:featuredmedia":[{"embeddable":true,"href":"https:\/\/cdnoticias.com\/index.php\/wp-json\/wp\/v2\/media\/213327"}],"wp:attachment":[{"href":"https:\/\/cdnoticias.com\/index.php\/wp-json\/wp\/v2\/media?parent=213326"}],"wp:term":[{"taxonomy":"category","embeddable":true,"href":"https:\/\/cdnoticias.com\/index.php\/wp-json\/wp\/v2\/categories?post=213326"},{"taxonomy":"post_tag","embeddable":true,"href":"https:\/\/cdnoticias.com\/index.php\/wp-json\/wp\/v2\/tags?post=213326"}],"curies":[{"name":"wp","href":"https:\/\/api.w.org\/{rel}","templated":true}]}}